{"id":7923,"date":"2024-02-23T16:35:48","date_gmt":"2024-02-23T16:35:48","guid":{"rendered":"http:\/\/cracpatrimoni.com\/video-de-los-10-anos-de-la-crac-y-de-los-40-anos-de-asociacionismo-de-los-conservadores-restauradores\/"},"modified":"2024-06-13T20:35:14","modified_gmt":"2024-06-13T20:35:14","slug":"video-de-los-10-anos-de-la-crac-y-de-los-40-anos-de-asociacionismo-de-los-conservadores-restauradores","status":"publish","type":"post","link":"https:\/\/cracpatrimoni.com\/es\/video-de-los-10-anos-de-la-crac-y-de-los-40-anos-de-asociacionismo-de-los-conservadores-restauradores\/","title":{"rendered":"Video de los 10 a\u00f1os de la CRAC y de los 40 a\u00f1os de asociacionismo de los conservadores &#8211; restauradores"},"content":{"rendered":"\t\t<div data-elementor-type=\"wp-post\" data-elementor-id=\"7923\" class=\"elementor elementor-7923 elementor-7808\" data-elementor-post-type=\"post\">\n\t\t\t\t\t\t<section class=\"elementor-section elementor-top-section elementor-element elementor-element-375b1bdb elementor-section-boxed elementor-section-height-default elementor-section-height-default\" data-id=\"375b1bdb\" data-element_type=\"section\" data-e-type=\"section\">\n\t\t\t\t\t\t<div class=\"elementor-container elementor-column-gap-default\">\n\t\t\t\t\t<div class=\"elementor-column elementor-col-100 elementor-top-column elementor-element elementor-element-7e355da0\" data-id=\"7e355da0\" data-element_type=\"column\" data-e-type=\"column\">\n\t\t\t<div class=\"elementor-widget-wrap elementor-element-populated\">\n\t\t\t\t\t\t<div class=\"elementor-element elementor-element-537ac688 elementor-widget elementor-widget-text-editor\" data-id=\"537ac688\" data-element_type=\"widget\" data-e-type=\"widget\" data-widget_type=\"text-editor.default\">\n\t\t\t\t<div class=\"elementor-widget-container\">\n\t\t\t\t\t\t\t\t\t<p><span style=\"font-family: arial, sans-serif;\"><span style=\"color: #000000;\">Video representativo de la historia de la Asociaci\u00f3n CRAC, con las aportaciones de las presidencias de cada Junta y de los socios m\u00e1s j\u00f3venes, <\/span><\/span><span style=\"font-family: arial, sans-serif;\"><span style=\"color: #000000;\">as\u00ed como la visi\u00f3n de algunos profesionales que ya no est\u00e1n en activo \u00a1Esperamos que lo disfrut\u00e9is!<\/span><\/span><\/p>\n\t\t\t\t\t\t\t\t<\/div>\n\t\t\t\t<\/div>\n\t\t\t\t\t<\/div>\n\t\t<\/div>\n\t\t\t\t\t<\/div>\n\t\t<\/section>\n\t\t\t\t<section class=\"elementor-section elementor-top-section elementor-element elementor-element-1421480 elementor-section-boxed elementor-section-height-default elementor-section-height-default\" data-id=\"1421480\" data-element_type=\"section\" data-e-type=\"section\">\n\t\t\t\t\t\t<div class=\"elementor-container elementor-column-gap-default\">\n\t\t\t\t\t<div class=\"elementor-column elementor-col-100 elementor-top-column elementor-element elementor-element-acbc1de\" data-id=\"acbc1de\" data-element_type=\"column\" data-e-type=\"column\">\n\t\t\t<div class=\"elementor-widget-wrap elementor-element-populated\">\n\t\t\t\t\t\t<div class=\"elementor-element elementor-element-3365336 elementor-widget elementor-widget-video\" data-id=\"3365336\" data-element_type=\"widget\" data-e-type=\"widget\" data-settings=\"{&quot;youtube_url&quot;:&quot;https:\\\/\\\/youtu.be\\\/DDvuDcbvihw&quot;,&quot;show_image_overlay&quot;:&quot;yes&quot;,&quot;image_overlay&quot;:{&quot;url&quot;:&quot;https:\\\/\\\/cracpatrimoni.com\\\/wp-content\\\/uploads\\\/2024\\\/02\\\/Captura-1.jpg&quot;,&quot;id&quot;:7917,&quot;size&quot;:&quot;&quot;,&quot;alt&quot;:&quot;&quot;,&quot;source&quot;:&quot;library&quot;},&quot;video_type&quot;:&quot;youtube&quot;,&quot;controls&quot;:&quot;yes&quot;}\" data-widget_type=\"video.default\">\n\t\t\t\t<div class=\"elementor-widget-container\">\n\t\t\t\t\t\t\t<div class=\"elementor-wrapper elementor-open-inline\">\n\t\t\t<div class=\"elementor-video\"><\/div>\t\t\t\t<div class=\"elementor-custom-embed-image-overlay\" style=\"background-image: url();\">\n\t\t\t\t\t\t\t\t\t\t\t\t\t\t\t\t<div class=\"elementor-custom-embed-play\" role=\"button\" aria-label=\"Reproducir v\u00eddeo\" tabindex=\"0\">\n\t\t\t\t\t\t\t<i aria-hidden=\"true\" class=\"eicon-play\"><\/i>\t\t\t\t\t\t<\/div>\n\t\t\t\t\t\t\t\t\t<\/div>\n\t\t\t\t\t<\/div>\n\t\t\t\t\t\t<\/div>\n\t\t\t\t<\/div>\n\t\t\t\t\t<\/div>\n\t\t<\/div>\n\t\t\t\t\t<\/div>\n\t\t<\/section>\n\t\t\t\t<\/div>\n\t\t","protected":false},"excerpt":{"rendered":"<p>Video representativo de la historia de la Asociaci\u00f3n CRAC, con las aportaciones de las presidencias de cada Junta y de los socios m\u00e1s j\u00f3venes, as\u00ed como la visi\u00f3n de algunos profesionales que ya no est\u00e1n en activo \u00a1Esperamos que lo disfrut\u00e9is!<\/p>\n","protected":false},"author":29,"featured_media":7918,"comment_status":"closed","ping_status":"open","sticky":false,"template":"","format":"standard","meta":{"_acf_changed":false,"footnotes":""},"categories":[39],"tags":[],"class_list":["post-7923","post","type-post","status-publish","format-standard","has-post-thumbnail","hentry","category-reunion-tecnica"],"acf":[],"yoast_head":"<!-- This site is optimized with the Yoast SEO plugin v27.5 - https:\/\/yoast.com\/product\/yoast-seo-wordpress\/ -->\n<title>Video de los 10 a\u00f1os de la CRAC y de los 40 a\u00f1os de asociacionismo de los conservadores - restauradores - CRAC<\/title>\n<meta name=\"description\" content=\"Video de los 10 a\u00f1os de la CRAC y de los 40 a\u00f1os de asociacionismo de los conservadores - restauradores\" \/>\n<meta name=\"robots\" content=\"index, follow, max-snippet:-1, max-image-preview:large, max-video-preview:-1\" \/>\n<link rel=\"canonical\" href=\"https:\/\/cracpatrimoni.com\/es\/video-de-los-10-anos-de-la-crac-y-de-los-40-anos-de-asociacionismo-de-los-conservadores-restauradores\/\" \/>\n<meta property=\"og:locale\" content=\"es_ES\" \/>\n<meta property=\"og:type\" content=\"article\" \/>\n<meta property=\"og:title\" content=\"Video de los 10 a\u00f1os de la CRAC y de los 40 a\u00f1os de asociacionismo de los conservadores - restauradores - CRAC\" \/>\n<meta property=\"og:description\" content=\"Video de los 10 a\u00f1os de la CRAC y de los 40 a\u00f1os de asociacionismo de los conservadores - restauradores\" \/>\n<meta property=\"og:url\" content=\"https:\/\/cracpatrimoni.com\/es\/video-de-los-10-anos-de-la-crac-y-de-los-40-anos-de-asociacionismo-de-los-conservadores-restauradores\/\" \/>\n<meta property=\"og:site_name\" content=\"CRAC\" \/>\n<meta property=\"article:published_time\" content=\"2024-02-23T16:35:48+00:00\" \/>\n<meta property=\"article:modified_time\" content=\"2024-06-13T20:35:14+00:00\" \/>\n<meta property=\"og:image\" content=\"https:\/\/cracpatrimoni.com\/wp-content\/uploads\/2024\/02\/Captura-1.jpg\" \/>\n\t<meta property=\"og:image:width\" content=\"702\" \/>\n\t<meta property=\"og:image:height\" content=\"339\" \/>\n\t<meta property=\"og:image:type\" content=\"image\/jpeg\" \/>\n<meta name=\"author\" content=\"CRAC Patrimoni\" \/>\n<meta name=\"twitter:card\" content=\"summary_large_image\" \/>\n<meta name=\"twitter:label1\" content=\"Escrito por\" \/>\n\t<meta name=\"twitter:data1\" content=\"CRAC Patrimoni\" \/>\n<script type=\"application\/ld+json\" class=\"yoast-schema-graph\">{\"@context\":\"https:\\\/\\\/schema.org\",\"@graph\":[{\"@type\":\"Article\",\"@id\":\"https:\\\/\\\/cracpatrimoni.com\\\/es\\\/video-de-los-10-anos-de-la-crac-y-de-los-40-anos-de-asociacionismo-de-los-conservadores-restauradores\\\/#article\",\"isPartOf\":{\"@id\":\"https:\\\/\\\/cracpatrimoni.com\\\/es\\\/video-de-los-10-anos-de-la-crac-y-de-los-40-anos-de-asociacionismo-de-los-conservadores-restauradores\\\/\"},\"author\":{\"name\":\"CRAC Patrimoni\",\"@id\":\"https:\\\/\\\/cracpatrimoni.com\\\/es\\\/#\\\/schema\\\/person\\\/257de83af5a182f9a3317c2163688719\"},\"headline\":\"Video de los 10 a\u00f1os de la CRAC y de los 40 a\u00f1os de asociacionismo de los conservadores &#8211; restauradores\",\"datePublished\":\"2024-02-23T16:35:48+00:00\",\"dateModified\":\"2024-06-13T20:35:14+00:00\",\"mainEntityOfPage\":{\"@id\":\"https:\\\/\\\/cracpatrimoni.com\\\/es\\\/video-de-los-10-anos-de-la-crac-y-de-los-40-anos-de-asociacionismo-de-los-conservadores-restauradores\\\/\"},\"wordCount\":71,\"publisher\":{\"@id\":\"https:\\\/\\\/cracpatrimoni.com\\\/es\\\/#organization\"},\"image\":{\"@id\":\"https:\\\/\\\/cracpatrimoni.com\\\/es\\\/video-de-los-10-anos-de-la-crac-y-de-los-40-anos-de-asociacionismo-de-los-conservadores-restauradores\\\/#primaryimage\"},\"thumbnailUrl\":\"https:\\\/\\\/cracpatrimoni.com\\\/wp-content\\\/uploads\\\/2024\\\/02\\\/Captura-1.jpg\",\"articleSection\":[\"Reuni\u00f3n t\u00e9cnica\"],\"inLanguage\":\"es\"},{\"@type\":\"WebPage\",\"@id\":\"https:\\\/\\\/cracpatrimoni.com\\\/es\\\/video-de-los-10-anos-de-la-crac-y-de-los-40-anos-de-asociacionismo-de-los-conservadores-restauradores\\\/\",\"url\":\"https:\\\/\\\/cracpatrimoni.com\\\/es\\\/video-de-los-10-anos-de-la-crac-y-de-los-40-anos-de-asociacionismo-de-los-conservadores-restauradores\\\/\",\"name\":\"Video de los 10 a\u00f1os de la CRAC y de los 40 a\u00f1os de asociacionismo de los conservadores - restauradores - CRAC\",\"isPartOf\":{\"@id\":\"https:\\\/\\\/cracpatrimoni.com\\\/es\\\/#website\"},\"primaryImageOfPage\":{\"@id\":\"https:\\\/\\\/cracpatrimoni.com\\\/es\\\/video-de-los-10-anos-de-la-crac-y-de-los-40-anos-de-asociacionismo-de-los-conservadores-restauradores\\\/#primaryimage\"},\"image\":{\"@id\":\"https:\\\/\\\/cracpatrimoni.com\\\/es\\\/video-de-los-10-anos-de-la-crac-y-de-los-40-anos-de-asociacionismo-de-los-conservadores-restauradores\\\/#primaryimage\"},\"thumbnailUrl\":\"https:\\\/\\\/cracpatrimoni.com\\\/wp-content\\\/uploads\\\/2024\\\/02\\\/Captura-1.jpg\",\"datePublished\":\"2024-02-23T16:35:48+00:00\",\"dateModified\":\"2024-06-13T20:35:14+00:00\",\"description\":\"Video de los 10 a\u00f1os de la CRAC y de los 40 a\u00f1os de asociacionismo de los conservadores - restauradores\",\"breadcrumb\":{\"@id\":\"https:\\\/\\\/cracpatrimoni.com\\\/es\\\/video-de-los-10-anos-de-la-crac-y-de-los-40-anos-de-asociacionismo-de-los-conservadores-restauradores\\\/#breadcrumb\"},\"inLanguage\":\"es\",\"potentialAction\":[{\"@type\":\"ReadAction\",\"target\":[\"https:\\\/\\\/cracpatrimoni.com\\\/es\\\/video-de-los-10-anos-de-la-crac-y-de-los-40-anos-de-asociacionismo-de-los-conservadores-restauradores\\\/\"]}]},{\"@type\":\"ImageObject\",\"inLanguage\":\"es\",\"@id\":\"https:\\\/\\\/cracpatrimoni.com\\\/es\\\/video-de-los-10-anos-de-la-crac-y-de-los-40-anos-de-asociacionismo-de-los-conservadores-restauradores\\\/#primaryimage\",\"url\":\"https:\\\/\\\/cracpatrimoni.com\\\/wp-content\\\/uploads\\\/2024\\\/02\\\/Captura-1.jpg\",\"contentUrl\":\"https:\\\/\\\/cracpatrimoni.com\\\/wp-content\\\/uploads\\\/2024\\\/02\\\/Captura-1.jpg\",\"width\":702,\"height\":339},{\"@type\":\"BreadcrumbList\",\"@id\":\"https:\\\/\\\/cracpatrimoni.com\\\/es\\\/video-de-los-10-anos-de-la-crac-y-de-los-40-anos-de-asociacionismo-de-los-conservadores-restauradores\\\/#breadcrumb\",\"itemListElement\":[{\"@type\":\"ListItem\",\"position\":1,\"name\":\"Portada\",\"item\":\"https:\\\/\\\/cracpatrimoni.com\\\/es\\\/\"},{\"@type\":\"ListItem\",\"position\":2,\"name\":\"Video de los 10 a\u00f1os de la CRAC y de los 40 a\u00f1os de asociacionismo de los conservadores &#8211; restauradores\"}]},{\"@type\":\"WebSite\",\"@id\":\"https:\\\/\\\/cracpatrimoni.com\\\/es\\\/#website\",\"url\":\"https:\\\/\\\/cracpatrimoni.com\\\/es\\\/\",\"name\":\"CRAC\",\"description\":\"Conservadors restauradors associats de Catalunya\",\"publisher\":{\"@id\":\"https:\\\/\\\/cracpatrimoni.com\\\/es\\\/#organization\"},\"potentialAction\":[{\"@type\":\"SearchAction\",\"target\":{\"@type\":\"EntryPoint\",\"urlTemplate\":\"https:\\\/\\\/cracpatrimoni.com\\\/es\\\/?s={search_term_string}\"},\"query-input\":{\"@type\":\"PropertyValueSpecification\",\"valueRequired\":true,\"valueName\":\"search_term_string\"}}],\"inLanguage\":\"es\"},{\"@type\":\"Organization\",\"@id\":\"https:\\\/\\\/cracpatrimoni.com\\\/es\\\/#organization\",\"name\":\"CRAC\",\"url\":\"https:\\\/\\\/cracpatrimoni.com\\\/es\\\/\",\"logo\":{\"@type\":\"ImageObject\",\"inLanguage\":\"es\",\"@id\":\"https:\\\/\\\/cracpatrimoni.com\\\/es\\\/#\\\/schema\\\/logo\\\/image\\\/\",\"url\":\"https:\\\/\\\/cracpatrimoni.com\\\/wp-content\\\/uploads\\\/2022\\\/11\\\/logocrac-1-1.png\",\"contentUrl\":\"https:\\\/\\\/cracpatrimoni.com\\\/wp-content\\\/uploads\\\/2022\\\/11\\\/logocrac-1-1.png\",\"width\":384,\"height\":152,\"caption\":\"CRAC\"},\"image\":{\"@id\":\"https:\\\/\\\/cracpatrimoni.com\\\/es\\\/#\\\/schema\\\/logo\\\/image\\\/\"}},{\"@type\":\"Person\",\"@id\":\"https:\\\/\\\/cracpatrimoni.com\\\/es\\\/#\\\/schema\\\/person\\\/257de83af5a182f9a3317c2163688719\",\"name\":\"CRAC Patrimoni\",\"image\":{\"@type\":\"ImageObject\",\"inLanguage\":\"es\",\"@id\":\"https:\\\/\\\/secure.gravatar.com\\\/avatar\\\/cd60f40dbd8f6243ca5caab85fa7a57e86351353fed900fbc2e0482e51635d52?s=96&d=mm&r=g\",\"url\":\"https:\\\/\\\/secure.gravatar.com\\\/avatar\\\/cd60f40dbd8f6243ca5caab85fa7a57e86351353fed900fbc2e0482e51635d52?s=96&d=mm&r=g\",\"contentUrl\":\"https:\\\/\\\/secure.gravatar.com\\\/avatar\\\/cd60f40dbd8f6243ca5caab85fa7a57e86351353fed900fbc2e0482e51635d52?s=96&d=mm&r=g\",\"caption\":\"CRAC Patrimoni\"},\"sameAs\":[\"http:\\\/\\\/cracpatrimoni.com\"],\"url\":\"https:\\\/\\\/cracpatrimoni.com\\\/es\\\/author\\\/infocracpatrimoni-com\\\/\"}]}<\/script>\n<!-- \/ Yoast SEO plugin. -->","yoast_head_json":{"title":"Video de los 10 a\u00f1os de la CRAC y de los 40 a\u00f1os de asociacionismo de los conservadores - restauradores - CRAC","description":"Video de los 10 a\u00f1os de la CRAC y de los 40 a\u00f1os de asociacionismo de los conservadores - restauradores","robots":{"index":"index","follow":"follow","max-snippet":"max-snippet:-1","max-image-preview":"max-image-preview:large","max-video-preview":"max-video-preview:-1"},"canonical":"https:\/\/cracpatrimoni.com\/es\/video-de-los-10-anos-de-la-crac-y-de-los-40-anos-de-asociacionismo-de-los-conservadores-restauradores\/","og_locale":"es_ES","og_type":"article","og_title":"Video de los 10 a\u00f1os de la CRAC y de los 40 a\u00f1os de asociacionismo de los conservadores - restauradores - CRAC","og_description":"Video de los 10 a\u00f1os de la CRAC y de los 40 a\u00f1os de asociacionismo de los conservadores - restauradores","og_url":"https:\/\/cracpatrimoni.com\/es\/video-de-los-10-anos-de-la-crac-y-de-los-40-anos-de-asociacionismo-de-los-conservadores-restauradores\/","og_site_name":"CRAC","article_published_time":"2024-02-23T16:35:48+00:00","article_modified_time":"2024-06-13T20:35:14+00:00","og_image":[{"width":702,"height":339,"url":"https:\/\/cracpatrimoni.com\/wp-content\/uploads\/2024\/02\/Captura-1.jpg","type":"image\/jpeg"}],"author":"CRAC Patrimoni","twitter_card":"summary_large_image","twitter_misc":{"Escrito por":"CRAC Patrimoni"},"schema":{"@context":"https:\/\/schema.org","@graph":[{"@type":"Article","@id":"https:\/\/cracpatrimoni.com\/es\/video-de-los-10-anos-de-la-crac-y-de-los-40-anos-de-asociacionismo-de-los-conservadores-restauradores\/#article","isPartOf":{"@id":"https:\/\/cracpatrimoni.com\/es\/video-de-los-10-anos-de-la-crac-y-de-los-40-anos-de-asociacionismo-de-los-conservadores-restauradores\/"},"author":{"name":"CRAC Patrimoni","@id":"https:\/\/cracpatrimoni.com\/es\/#\/schema\/person\/257de83af5a182f9a3317c2163688719"},"headline":"Video de los 10 a\u00f1os de la CRAC y de los 40 a\u00f1os de asociacionismo de los conservadores &#8211; restauradores","datePublished":"2024-02-23T16:35:48+00:00","dateModified":"2024-06-13T20:35:14+00:00","mainEntityOfPage":{"@id":"https:\/\/cracpatrimoni.com\/es\/video-de-los-10-anos-de-la-crac-y-de-los-40-anos-de-asociacionismo-de-los-conservadores-restauradores\/"},"wordCount":71,"publisher":{"@id":"https:\/\/cracpatrimoni.com\/es\/#organization"},"image":{"@id":"https:\/\/cracpatrimoni.com\/es\/video-de-los-10-anos-de-la-crac-y-de-los-40-anos-de-asociacionismo-de-los-conservadores-restauradores\/#primaryimage"},"thumbnailUrl":"https:\/\/cracpatrimoni.com\/wp-content\/uploads\/2024\/02\/Captura-1.jpg","articleSection":["Reuni\u00f3n t\u00e9cnica"],"inLanguage":"es"},{"@type":"WebPage","@id":"https:\/\/cracpatrimoni.com\/es\/video-de-los-10-anos-de-la-crac-y-de-los-40-anos-de-asociacionismo-de-los-conservadores-restauradores\/","url":"https:\/\/cracpatrimoni.com\/es\/video-de-los-10-anos-de-la-crac-y-de-los-40-anos-de-asociacionismo-de-los-conservadores-restauradores\/","name":"Video de los 10 a\u00f1os de la CRAC y de los 40 a\u00f1os de asociacionismo de los conservadores - restauradores - CRAC","isPartOf":{"@id":"https:\/\/cracpatrimoni.com\/es\/#website"},"primaryImageOfPage":{"@id":"https:\/\/cracpatrimoni.com\/es\/video-de-los-10-anos-de-la-crac-y-de-los-40-anos-de-asociacionismo-de-los-conservadores-restauradores\/#primaryimage"},"image":{"@id":"https:\/\/cracpatrimoni.com\/es\/video-de-los-10-anos-de-la-crac-y-de-los-40-anos-de-asociacionismo-de-los-conservadores-restauradores\/#primaryimage"},"thumbnailUrl":"https:\/\/cracpatrimoni.com\/wp-content\/uploads\/2024\/02\/Captura-1.jpg","datePublished":"2024-02-23T16:35:48+00:00","dateModified":"2024-06-13T20:35:14+00:00","description":"Video de los 10 a\u00f1os de la CRAC y de los 40 a\u00f1os de asociacionismo de los conservadores - restauradores","breadcrumb":{"@id":"https:\/\/cracpatrimoni.com\/es\/video-de-los-10-anos-de-la-crac-y-de-los-40-anos-de-asociacionismo-de-los-conservadores-restauradores\/#breadcrumb"},"inLanguage":"es","potentialAction":[{"@type":"ReadAction","target":["https:\/\/cracpatrimoni.com\/es\/video-de-los-10-anos-de-la-crac-y-de-los-40-anos-de-asociacionismo-de-los-conservadores-restauradores\/"]}]},{"@type":"ImageObject","inLanguage":"es","@id":"https:\/\/cracpatrimoni.com\/es\/video-de-los-10-anos-de-la-crac-y-de-los-40-anos-de-asociacionismo-de-los-conservadores-restauradores\/#primaryimage","url":"https:\/\/cracpatrimoni.com\/wp-content\/uploads\/2024\/02\/Captura-1.jpg","contentUrl":"https:\/\/cracpatrimoni.com\/wp-content\/uploads\/2024\/02\/Captura-1.jpg","width":702,"height":339},{"@type":"BreadcrumbList","@id":"https:\/\/cracpatrimoni.com\/es\/video-de-los-10-anos-de-la-crac-y-de-los-40-anos-de-asociacionismo-de-los-conservadores-restauradores\/#breadcrumb","itemListElement":[{"@type":"ListItem","position":1,"name":"Portada","item":"https:\/\/cracpatrimoni.com\/es\/"},{"@type":"ListItem","position":2,"name":"Video de los 10 a\u00f1os de la CRAC y de los 40 a\u00f1os de asociacionismo de los conservadores &#8211; restauradores"}]},{"@type":"WebSite","@id":"https:\/\/cracpatrimoni.com\/es\/#website","url":"https:\/\/cracpatrimoni.com\/es\/","name":"CRAC","description":"Conservadors restauradors associats de Catalunya","publisher":{"@id":"https:\/\/cracpatrimoni.com\/es\/#organization"},"potentialAction":[{"@type":"SearchAction","target":{"@type":"EntryPoint","urlTemplate":"https:\/\/cracpatrimoni.com\/es\/?s={search_term_string}"},"query-input":{"@type":"PropertyValueSpecification","valueRequired":true,"valueName":"search_term_string"}}],"inLanguage":"es"},{"@type":"Organization","@id":"https:\/\/cracpatrimoni.com\/es\/#organization","name":"CRAC","url":"https:\/\/cracpatrimoni.com\/es\/","logo":{"@type":"ImageObject","inLanguage":"es","@id":"https:\/\/cracpatrimoni.com\/es\/#\/schema\/logo\/image\/","url":"https:\/\/cracpatrimoni.com\/wp-content\/uploads\/2022\/11\/logocrac-1-1.png","contentUrl":"https:\/\/cracpatrimoni.com\/wp-content\/uploads\/2022\/11\/logocrac-1-1.png","width":384,"height":152,"caption":"CRAC"},"image":{"@id":"https:\/\/cracpatrimoni.com\/es\/#\/schema\/logo\/image\/"}},{"@type":"Person","@id":"https:\/\/cracpatrimoni.com\/es\/#\/schema\/person\/257de83af5a182f9a3317c2163688719","name":"CRAC Patrimoni","image":{"@type":"ImageObject","inLanguage":"es","@id":"https:\/\/secure.gravatar.com\/avatar\/cd60f40dbd8f6243ca5caab85fa7a57e86351353fed900fbc2e0482e51635d52?s=96&d=mm&r=g","url":"https:\/\/secure.gravatar.com\/avatar\/cd60f40dbd8f6243ca5caab85fa7a57e86351353fed900fbc2e0482e51635d52?s=96&d=mm&r=g","contentUrl":"https:\/\/secure.gravatar.com\/avatar\/cd60f40dbd8f6243ca5caab85fa7a57e86351353fed900fbc2e0482e51635d52?s=96&d=mm&r=g","caption":"CRAC Patrimoni"},"sameAs":["http:\/\/cracpatrimoni.com"],"url":"https:\/\/cracpatrimoni.com\/es\/author\/infocracpatrimoni-com\/"}]}},"_links":{"self":[{"href":"https:\/\/cracpatrimoni.com\/es\/wp-json\/wp\/v2\/posts\/7923","targetHints":{"allow":["GET"]}}],"collection":[{"href":"https:\/\/cracpatrimoni.com\/es\/wp-json\/wp\/v2\/posts"}],"about":[{"href":"https:\/\/cracpatrimoni.com\/es\/wp-json\/wp\/v2\/types\/post"}],"author":[{"embeddable":true,"href":"https:\/\/cracpatrimoni.com\/es\/wp-json\/wp\/v2\/users\/29"}],"replies":[{"embeddable":true,"href":"https:\/\/cracpatrimoni.com\/es\/wp-json\/wp\/v2\/comments?post=7923"}],"version-history":[{"count":3,"href":"https:\/\/cracpatrimoni.com\/es\/wp-json\/wp\/v2\/posts\/7923\/revisions"}],"predecessor-version":[{"id":7926,"href":"https:\/\/cracpatrimoni.com\/es\/wp-json\/wp\/v2\/posts\/7923\/revisions\/7926"}],"wp:featuredmedia":[{"embeddable":true,"href":"https:\/\/cracpatrimoni.com\/es\/wp-json\/wp\/v2\/media\/7918"}],"wp:attachment":[{"href":"https:\/\/cracpatrimoni.com\/es\/wp-json\/wp\/v2\/media?parent=7923"}],"wp:term":[{"taxonomy":"category","embeddable":true,"href":"https:\/\/cracpatrimoni.com\/es\/wp-json\/wp\/v2\/categories?post=7923"},{"taxonomy":"post_tag","embeddable":true,"href":"https:\/\/cracpatrimoni.com\/es\/wp-json\/wp\/v2\/tags?post=7923"}],"curies":[{"name":"wp","href":"https:\/\/api.w.org\/{rel}","templated":true}]}}