{"id":4622,"date":"2017-05-27T21:33:27","date_gmt":"2017-05-27T21:33:27","guid":{"rendered":"http:\/\/cracpatrimoni.com\/resumenes-y-conclusiones-de-la-jornada-crac-la-profesion-a-debate\/"},"modified":"2023-01-09T14:09:30","modified_gmt":"2023-01-09T14:09:30","slug":"resumenes-y-conclusiones-de-la-jornada-crac-la-profesion-a-debate","status":"publish","type":"post","link":"https:\/\/cracpatrimoni.com\/es\/resumenes-y-conclusiones-de-la-jornada-crac-la-profesion-a-debate\/","title":{"rendered":"Res\u00famenes y conclusiones de la Jornada CRAC &#8220;La profesi\u00f3n a debate&#8221;"},"content":{"rendered":"\n<p>El <strong>14 de noviembre de 2016<\/strong> CRAC organiz\u00f3 una jornada profesional con el t\u00edtulo <strong>&#8220;La profesi\u00f3n a debate: an\u00e1lisis del presente y propuestas para el futuro de la conservaci\u00f3n-restauraci\u00f3n&#8221;.<\/strong> Tuvo lugar en el Pati Manning, ma\u00f1ana y tarde y reuni\u00f3 a m\u00e1s de 100 profesionales de todo el mundo.<\/p>\n\n<p>Esta jornada se desarroll\u00f3 a trav\u00e9s de de <strong>seis ponencias<\/strong> de profesionales expresamente invitados y finaliz\u00f3 con una mesa redonda muy enriquecedora.<\/p>\n\n<div class=\"wp-block-buttons is-content-justification-center is-layout-flex wp-container-core-buttons-is-layout-a89b3969 wp-block-buttons-is-layout-flex\">\n<div class=\"wp-block-button\"><a class=\"wp-block-button__link has-luminous-vivid-orange-color has-text-color has-background wp-element-button\" href=\"http:\/\/cracpatrimoni.com\/wp-content\/uploads\/2022\/12\/2016_10_26_Programa_Jornada_Prof-1.pdf\" style=\"background-color:#ff6a0000\" target=\"_blank\" rel=\"noreferrer noopener\">Programa de la Jornada<\/a><\/div>\n<\/div>\n\n<hr class=\"wp-block-separator has-text-color has-alpha-channel-opacity has-background is-style-dots\" style=\"background-color:#f4f5f0;color:#f4f5f0\"\/>\n\n<hr class=\"wp-block-separator has-text-color has-alpha-channel-opacity has-background is-style-dots\" style=\"background-color:#f4f5f0;color:#f4f5f0\"\/>\n\n<p>Os invitamos a leer los <strong>res\u00famenes<\/strong> de las diferentes comunicaciones que tubieron lugar ese d\u00eda as\u00ed como los aspectos que se debatieron durante la mesa redonda final que establecen una buena hoja de ruta para la profesi\u00f3n.<\/p>\n\n<hr class=\"wp-block-separator has-text-color has-alpha-channel-opacity has-background is-style-dots\" style=\"background-color:#f4f5f0;color:#f4f5f0\"\/>\n\n<p class=\"has-luminous-vivid-orange-color has-text-color\"><strong>\u00bfPor qu\u00e9 esta jornada? \u00daltimas recomendaciones europeas de ECCO <\/strong>&#8211; Mireia Mestre y Gema Campo (CRAC)<\/p>\n\n<div data-wp-interactive=\"core\/file\" class=\"wp-block-file\"><object data-wp-bind--hidden=\"!state.hasPdfPreview\" hidden class=\"wp-block-file__embed\" data=\"https:\/\/cracpatrimoni.com\/wp-content\/uploads\/2022\/12\/2017_05_20_01_Mireia-Mestre-Gema-Campo.pdf\" type=\"application\/pdf\" style=\"width:100%;height:600px\" aria-label=\"Incrustado de &lt;a href=&quot;http:\/\/cracpatrimoni.com\/index.php\/ca\/component\/phocadownload\/category\/1-documentos?download=330:mireia-mestre-gema-campo&quot;&gt;Per qu\u00e8 aquesta jornada? Darreres recomanacions europees d&apos;ECCO - Mireia Mestre i Gema Campo (CRAC)&lt;\/a&gt;.\"><\/object><a id=\"wp-block-file--media-a2fb8821-59d2-4267-9eb0-ea4535bd10f7\" href=\"https:\/\/cracpatrimoni.com\/wp-content\/uploads\/2022\/12\/2017_05_20_01_Mireia-Mestre-Gema-Campo.pdf\"><\/a><a href=\"http:\/\/cracpatrimoni.com\/index.php\/ca\/component\/phocadownload\/category\/1-documentos?download=330:mireia-mestre-gema-campo\">\u00bfPor qu\u00e9 esta jornada? \u00daltimas recomendaciones europeas de ECCO &#8211; Mireia Mestre y Gema Campo (CRAC)<\/a><a href=\"https:\/\/cracpatrimoni.com\/wp-content\/uploads\/2022\/12\/2017_05_20_01_Mireia-Mestre-Gema-Campo.pdf\" class=\"wp-block-file__button wp-element-button\" download=\"\" aria-describedby=\"wp-block-file--media-a2fb8821-59d2-4267-9eb0-ea4535bd10f7\">Baja<\/a><\/div>\n\n<hr class=\"wp-block-separator has-text-color has-alpha-channel-opacity has-background is-style-dots\" style=\"background-color:#f4f5f0;color:#f4f5f0\"\/>\n\n<p class=\"has-luminous-vivid-orange-color has-text-color\"><strong>El trabajo del conservador-restaurador en la log\u00edstica interna del Centro de Restauraci\u00f3n. La parte te\u00f3rica y administrativa de la conservaci\u00f3n-restauraci\u00f3n.<\/strong> &#8211; Pere Rovira<\/p>\n\n<div data-wp-interactive=\"core\/file\" class=\"wp-block-file\"><object data-wp-bind--hidden=\"!state.hasPdfPreview\" hidden class=\"wp-block-file__embed\" data=\"https:\/\/cracpatrimoni.com\/wp-content\/uploads\/2022\/12\/2017_05_20_02_Pere-Rovira.pdf\" type=\"application\/pdf\" style=\"width:100%;height:600px\" aria-label=\"Incrustado de &lt;a href=&quot;http:\/\/cracpatrimoni.com\/index.php\/ca\/component\/phocadownload\/category\/1-documentos?download=331:pere-rovira&quot;&gt;El treball del conservador-restaurador en la log\u00edstica interna del Centre de Restauraci\u00f3. La part te\u00f2rica i administrativa de la conservaci\u00f3-restauraci\u00f3 - Pere Rovira&lt;\/a&gt;.\"><\/object><a id=\"wp-block-file--media-7f2b60ff-2fac-454f-97e8-83342f5efb63\" href=\"https:\/\/cracpatrimoni.com\/wp-content\/uploads\/2022\/12\/2017_05_20_02_Pere-Rovira.pdf\"><\/a><a href=\"http:\/\/cracpatrimoni.com\/index.php\/ca\/component\/phocadownload\/category\/1-documentos?download=331:pere-rovira\">El trabajo del conservador-restaurador en la log\u00edstica interna del Centro de Restauraci\u00f3n. La parte te\u00f3rica y administrativa de la conservaci\u00f3n-restauraci\u00f3n &#8211; Pere Rovira<\/a><a href=\"https:\/\/cracpatrimoni.com\/wp-content\/uploads\/2022\/12\/2017_05_20_02_Pere-Rovira.pdf\" class=\"wp-block-file__button wp-element-button\" download=\"\" aria-describedby=\"wp-block-file--media-7f2b60ff-2fac-454f-97e8-83342f5efb63\">Baja<\/a><\/div>\n\n<hr class=\"wp-block-separator has-text-color has-alpha-channel-opacity has-background is-style-dots\" style=\"background-color:#f4f5f0;color:#f4f5f0\"\/>\n\n<p class=\"has-luminous-vivid-orange-color has-text-color\"><strong>La experiencia de una empresa dedicada a la conservaci\u00f3n-restauraci\u00f3n de patrimonio arqueol\u00f3gico<\/strong> &#8211; S\u00edlvia Llobet<\/p>\n\n<div data-wp-interactive=\"core\/file\" class=\"wp-block-file\"><object data-wp-bind--hidden=\"!state.hasPdfPreview\" hidden class=\"wp-block-file__embed\" data=\"https:\/\/cracpatrimoni.com\/wp-content\/uploads\/2022\/12\/2017_05_20_03_-Slvia-Llobet.pdf\" type=\"application\/pdf\" style=\"width:100%;height:600px\" aria-label=\"Incrustado de &lt;a href=&quot;http:\/\/cracpatrimoni.com\/index.php\/ca\/component\/phocadownload\/category\/1-documentos?download=332:silvia-llobet&quot;&gt;L&apos;experi\u00e8ncia d&apos;una empresa dedicada a la conservaci\u00f3-restauraci\u00f3 de patrimoni arqueol\u00f2gic - S\u00edlvia Llobet&lt;\/a&gt;.\"><\/object><a id=\"wp-block-file--media-5ccb9c9c-585d-4a1c-a243-3e86506f7600\" href=\"https:\/\/cracpatrimoni.com\/wp-content\/uploads\/2022\/12\/2017_05_20_03_-Slvia-Llobet.pdf\"><\/a><a href=\"http:\/\/cracpatrimoni.com\/index.php\/ca\/component\/phocadownload\/category\/1-documentos?download=332:silvia-llobet\">La experiencia de una empresa dedicada a la conservaci\u00f3n-restauraci\u00f3n de patrimonio arqueol\u00f3gico &#8211; S\u00edlvia Llobet<\/a><a href=\"https:\/\/cracpatrimoni.com\/wp-content\/uploads\/2022\/12\/2017_05_20_03_-Slvia-Llobet.pdf\" class=\"wp-block-file__button wp-element-button\" download=\"\" aria-describedby=\"wp-block-file--media-5ccb9c9c-585d-4a1c-a243-3e86506f7600\">Baja<\/a><\/div>\n\n<hr class=\"wp-block-separator has-text-color has-alpha-channel-opacity has-background is-style-dots\" style=\"background-color:#f4f5f0;color:#f4f5f0\"\/>\n\n<p class=\"has-luminous-vivid-orange-color has-text-color\"><strong>Tiempos dif\u00edciles. La supervivencia profesional del conservador-restaurador aut\u00f3nomo<\/strong> &#8211; Charo Fern\u00e1ndez<\/p>\n\n<div data-wp-interactive=\"core\/file\" class=\"wp-block-file\"><object data-wp-bind--hidden=\"!state.hasPdfPreview\" hidden class=\"wp-block-file__embed\" data=\"https:\/\/cracpatrimoni.com\/wp-content\/uploads\/2022\/12\/2017_05_20_04_Charo-Fernndez.pdf\" type=\"application\/pdf\" style=\"width:100%;height:600px\" aria-label=\"Incrustado de &lt;a href=&quot;http:\/\/cracpatrimoni.com\/index.php\/ca\/component\/phocadownload\/category\/1-documentos?download=333:charo-fernandez&quot;&gt;Temps dif\u00edcils. La superviv\u00e8ncia professional del conservador-restaurador aut\u00f2nom - Charo Fern\u00e1ndez&lt;\/a&gt;.\"><\/object><a id=\"wp-block-file--media-7f4616f4-ac38-4ed1-b0af-a36396224b4b\" href=\"https:\/\/cracpatrimoni.com\/wp-content\/uploads\/2022\/12\/2017_05_20_04_Charo-Fernndez.pdf\"><\/a><a href=\"http:\/\/cracpatrimoni.com\/index.php\/ca\/component\/phocadownload\/category\/1-documentos?download=333:charo-fernandez\">Tiempos dif\u00edciles. La supervivencia profesional del conservador-restaurador aut\u00f3nomo &#8211; Charo Fern\u00e1ndez<\/a><a href=\"https:\/\/cracpatrimoni.com\/wp-content\/uploads\/2022\/12\/2017_05_20_04_Charo-Fernndez.pdf\" class=\"wp-block-file__button wp-element-button\" download=\"\" aria-describedby=\"wp-block-file--media-7f4616f4-ac38-4ed1-b0af-a36396224b4b\">Baja<\/a><\/div>\n\n<hr class=\"wp-block-separator has-text-color has-alpha-channel-opacity has-background is-style-dots\" style=\"background-color:#f4f5f0;color:#f4f5f0\"\/>\n\n<p class=\"has-luminous-vivid-orange-color has-text-color\"><strong>La contrataci\u00f3n de la conservaci\u00f3n-restauraci\u00f3n desde la Administraci\u00f3n. Proyectar, contratar dirigir<\/strong> &#8211; Alicia Ancho<\/p>\n\n<div data-wp-interactive=\"core\/file\" class=\"wp-block-file\"><object data-wp-bind--hidden=\"!state.hasPdfPreview\" hidden class=\"wp-block-file__embed\" data=\"https:\/\/cracpatrimoni.com\/wp-content\/uploads\/2022\/12\/2017_05_20_05_Alicia-Ancho.pdf\" type=\"application\/pdf\" style=\"width:100%;height:600px\" aria-label=\"Incrustado de &lt;a href=&quot;http:\/\/cracpatrimoni.com\/index.php\/ca\/component\/phocadownload\/category\/1-documentos?download=334:alicia-ancho&quot;&gt;La contractaci\u00f3 de la conservaci\u00f3-restauraci\u00f3 des de l&apos;Administraci\u00f3. Projectar, contractar dirigir - Alicia Ancho&lt;\/a&gt;.\"><\/object><a id=\"wp-block-file--media-84a5d56a-9aed-4c00-9d5f-0ae296330664\" href=\"https:\/\/cracpatrimoni.com\/wp-content\/uploads\/2022\/12\/2017_05_20_05_Alicia-Ancho.pdf\"><\/a><a href=\"http:\/\/cracpatrimoni.com\/index.php\/ca\/component\/phocadownload\/category\/1-documentos?download=334:alicia-ancho\">La contrataci\u00f3n de la conservaci\u00f3n-restauraci\u00f3n desde la Administraci\u00f3n. Proyectar, contratar dirigir &#8211; Alicia Ancho<\/a><a href=\"https:\/\/cracpatrimoni.com\/wp-content\/uploads\/2022\/12\/2017_05_20_05_Alicia-Ancho.pdf\" class=\"wp-block-file__button wp-element-button\" download=\"\" aria-describedby=\"wp-block-file--media-84a5d56a-9aed-4c00-9d5f-0ae296330664\">Baja<\/a><\/div>\n\n<hr class=\"wp-block-separator has-text-color has-alpha-channel-opacity has-background is-style-dots\" style=\"background-color:#f4f5f0;color:#f4f5f0\"\/>\n\n<p class=\"has-luminous-vivid-orange-color has-text-color\"><strong>El artesano-cient\u00edfico: una nueva interpretaci\u00f3n del conservador-restaurador del Patrimonio Bibliogr\u00e1fico y Documental<\/strong>&#8211; Lu\u00eds Crespo<\/p>\n\n<div data-wp-interactive=\"core\/file\" class=\"wp-block-file\"><object data-wp-bind--hidden=\"!state.hasPdfPreview\" hidden class=\"wp-block-file__embed\" data=\"https:\/\/cracpatrimoni.com\/wp-content\/uploads\/2022\/12\/2017_05_20_06_Lus-Crespo.pdf\" type=\"application\/pdf\" style=\"width:100%;height:600px\" aria-label=\"Incrustado de &lt;a href=&quot;http:\/\/cracpatrimoni.com\/index.php\/ca\/component\/phocadownload\/category\/1-documentos?download=335:luis-crespo&quot;&gt;L&apos;artes\u00e0-cient\u00edfic: una nova interpretaci\u00f3 del conservador-restaurador del Patrimoni Bibliogr\u00e0fic i Documental - Lu\u00eds Crespo&lt;\/a&gt;.\"><\/object><a id=\"wp-block-file--media-6066b315-fb54-4c97-a218-e8e59aa4fe51\" href=\"https:\/\/cracpatrimoni.com\/wp-content\/uploads\/2022\/12\/2017_05_20_06_Lus-Crespo.pdf\"><\/a><a href=\"http:\/\/cracpatrimoni.com\/index.php\/ca\/component\/phocadownload\/category\/1-documentos?download=335:luis-crespo\">El artesano-cient\u00edfico: una nueva interpretaci\u00f3n del conservador-restaurador del Patrimonio Bibliogr\u00e1fico y Documental &#8211; Lu\u00eds Crespo<\/a><a href=\"https:\/\/cracpatrimoni.com\/wp-content\/uploads\/2022\/12\/2017_05_20_06_Lus-Crespo.pdf\" class=\"wp-block-file__button wp-element-button\" download=\"\" aria-describedby=\"wp-block-file--media-6066b315-fb54-4c97-a218-e8e59aa4fe51\">Baja<\/a><\/div>\n\n<hr class=\"wp-block-separator has-text-color has-alpha-channel-opacity has-background is-style-dots\" style=\"background-color:#f4f5f0;color:#f4f5f0\"\/>\n\n<p class=\"has-luminous-vivid-orange-color has-text-color\"><strong>Actualidad profesional en conservaci\u00f3n de bienes culturales: una mirada actual a la conservaci\u00f3n de fotograf\u00edas en Francia <\/strong>&#8211; Pau Mayn\u00e9s<\/p>\n\n<div data-wp-interactive=\"core\/file\" class=\"wp-block-file\"><object data-wp-bind--hidden=\"!state.hasPdfPreview\" hidden class=\"wp-block-file__embed\" data=\"https:\/\/cracpatrimoni.com\/wp-content\/uploads\/2022\/12\/2017_05_20_07_Pau-Mayns.pdf\" type=\"application\/pdf\" style=\"width:100%;height:600px\" aria-label=\"Incrustado de &lt;a href=&quot;http:\/\/cracpatrimoni.com\/index.php\/ca\/component\/phocadownload\/category\/1-documentos?download=336:pau-maynes&quot;&gt;Actualitat professional en conservaci\u00f3 de b\u00e9ns culturals: una mirada actual a la conservaci\u00f3 de fotografies a Fran\u00e7a - Pau Mayn\u00e9s&lt;\/a&gt;.\"><\/object><a id=\"wp-block-file--media-bc981c0c-3085-44fc-88c0-6dd7f5fe4524\" href=\"https:\/\/cracpatrimoni.com\/wp-content\/uploads\/2022\/12\/2017_05_20_07_Pau-Mayns.pdf\"><\/a><a href=\"http:\/\/cracpatrimoni.com\/index.php\/ca\/component\/phocadownload\/category\/1-documentos?download=336:pau-maynes\">Actualidad profesional en conservaci\u00f3n de bienes culturales: una mirada actual a la conservaci\u00f3n de fotograf\u00edas en Francia &#8211; Pau Mayn\u00e9s<\/a><a href=\"https:\/\/cracpatrimoni.com\/wp-content\/uploads\/2022\/12\/2017_05_20_07_Pau-Mayns.pdf\" class=\"wp-block-file__button wp-element-button\" download=\"\" aria-describedby=\"wp-block-file--media-bc981c0c-3085-44fc-88c0-6dd7f5fe4524\">Baja<\/a><\/div>\n\n<hr class=\"wp-block-separator has-text-color has-alpha-channel-opacity has-background is-style-dots\" style=\"background-color:#f4f5f0;color:#f4f5f0\"\/>\n\n<p class=\"has-text-color\" style=\"color:#248e6d\"><strong>Trabajar en conservaci\u00f3n-restauraci\u00f3n: presente y futuro &#8211; Mesa redonda<\/strong><\/p>\n\n<div data-wp-interactive=\"core\/file\" class=\"wp-block-file\"><object data-wp-bind--hidden=\"!state.hasPdfPreview\" hidden class=\"wp-block-file__embed\" data=\"https:\/\/cracpatrimoni.com\/wp-content\/uploads\/2022\/12\/2017_05_20_08_Taula-rodona.pdf\" type=\"application\/pdf\" style=\"width:100%;height:600px\" aria-label=\"Incrustado de &lt;a href=&quot;http:\/\/cracpatrimoni.com\/index.php\/ca\/component\/phocadownload\/category\/1-documentos?download=337:taula-rodona&quot;&gt;Treballar en conservaci\u00f3-restauraci\u00f3: present i futur - Taula rodona&lt;\/a&gt;.\"><\/object><a id=\"wp-block-file--media-39c9c24b-0054-402f-bd2a-d139567b0e24\" href=\"https:\/\/cracpatrimoni.com\/wp-content\/uploads\/2022\/12\/2017_05_20_08_Taula-rodona.pdf\"><\/a><a href=\"http:\/\/cracpatrimoni.com\/index.php\/ca\/component\/phocadownload\/category\/1-documentos?download=337:taula-rodona\">Trabajar en conservaci\u00f3n-restauraci\u00f3n: presente y futuro &#8211; Mesa redonda<\/a><a href=\"https:\/\/cracpatrimoni.com\/wp-content\/uploads\/2022\/12\/2017_05_20_08_Taula-rodona.pdf\" class=\"wp-block-file__button wp-element-button\" download=\"\" aria-describedby=\"wp-block-file--media-39c9c24b-0054-402f-bd2a-d139567b0e24\">Baja<\/a><\/div>\n","protected":false},"excerpt":{"rendered":"<p>El 14 de noviembre de 2016 CRAC organiz\u00f3 una jornada profesional con el t\u00edtulo &#8220;La profesi\u00f3n a debate: an\u00e1lisis del presente y propuestas para el futuro de la conservaci\u00f3n-restauraci\u00f3n&#8221;. Tuvo lugar en el Pati Manning, ma\u00f1ana y tarde y reuni\u00f3 a m\u00e1s de 100 profesionales de todo el mundo. Esta jornada se desarroll\u00f3 a trav\u00e9s [&hellip;]<\/p>\n","protected":false},"author":2,"featured_media":4237,"comment_status":"closed","ping_status":"open","sticky":false,"template":"","format":"standard","meta":{"_acf_changed":false,"footnotes":""},"categories":[39],"tags":[49,57,55,56],"class_list":["post-4622","post","type-post","status-publish","format-standard","has-post-thumbnail","hentry","category-reunion-tecnica","tag-crac-es","tag-debate","tag-jornada-es","tag-profesion"],"acf":[],"yoast_head":"<!-- This site is optimized with the Yoast SEO plugin v27.5 - https:\/\/yoast.com\/product\/yoast-seo-wordpress\/ -->\n<title>Res\u00famenes y conclusiones de la Jornada CRAC &quot;La profesi\u00f3n a debate&quot; - CRAC<\/title>\n<meta name=\"description\" content=\"Res\u00famenes y conclusiones de la Jornada CRAC &quot;La profesi\u00f3n a debate&quot;. An\u00e1lisis del presente y propuestas para el futuro de la conservaci\u00f3n-restauraci\u00f3n\u201d.\" \/>\n<meta name=\"robots\" content=\"index, follow, max-snippet:-1, max-image-preview:large, max-video-preview:-1\" \/>\n<link rel=\"canonical\" href=\"https:\/\/cracpatrimoni.com\/es\/resumenes-y-conclusiones-de-la-jornada-crac-la-profesion-a-debate\/\" \/>\n<meta property=\"og:locale\" content=\"es_ES\" \/>\n<meta property=\"og:type\" content=\"article\" \/>\n<meta property=\"og:title\" content=\"Res\u00famenes y conclusiones de la Jornada CRAC &quot;La profesi\u00f3n a debate&quot; - CRAC\" \/>\n<meta property=\"og:description\" content=\"Res\u00famenes y conclusiones de la Jornada CRAC &quot;La profesi\u00f3n a debate&quot;. An\u00e1lisis del presente y propuestas para el futuro de la conservaci\u00f3n-restauraci\u00f3n\u201d.\" \/>\n<meta property=\"og:url\" content=\"https:\/\/cracpatrimoni.com\/es\/resumenes-y-conclusiones-de-la-jornada-crac-la-profesion-a-debate\/\" \/>\n<meta property=\"og:site_name\" content=\"CRAC\" \/>\n<meta property=\"article:published_time\" content=\"2017-05-27T21:33:27+00:00\" \/>\n<meta property=\"article:modified_time\" content=\"2023-01-09T14:09:30+00:00\" \/>\n<meta property=\"og:image\" content=\"https:\/\/cracpatrimoni.com\/wp-content\/uploads\/2017\/05\/miniatura-news-resum-jornada-crac.jpg\" \/>\n\t<meta property=\"og:image:width\" content=\"1000\" \/>\n\t<meta property=\"og:image:height\" content=\"1000\" \/>\n\t<meta property=\"og:image:type\" content=\"image\/jpeg\" \/>\n<meta name=\"author\" content=\"Ingrid Ferrer Homs\" \/>\n<meta name=\"twitter:card\" content=\"summary_large_image\" \/>\n<meta name=\"twitter:label1\" content=\"Escrito por\" \/>\n\t<meta name=\"twitter:data1\" content=\"Ingrid Ferrer Homs\" \/>\n\t<meta name=\"twitter:label2\" content=\"Tiempo de lectura\" \/>\n\t<meta name=\"twitter:data2\" content=\"2 minutos\" \/>\n<script type=\"application\/ld+json\" class=\"yoast-schema-graph\">{\"@context\":\"https:\\\/\\\/schema.org\",\"@graph\":[{\"@type\":\"Article\",\"@id\":\"https:\\\/\\\/cracpatrimoni.com\\\/es\\\/resumenes-y-conclusiones-de-la-jornada-crac-la-profesion-a-debate\\\/#article\",\"isPartOf\":{\"@id\":\"https:\\\/\\\/cracpatrimoni.com\\\/es\\\/resumenes-y-conclusiones-de-la-jornada-crac-la-profesion-a-debate\\\/\"},\"author\":{\"name\":\"Ingrid Ferrer Homs\",\"@id\":\"https:\\\/\\\/cracpatrimoni.com\\\/es\\\/#\\\/schema\\\/person\\\/be5a2af72e5ad4df9b5b33a09cc0ef9d\"},\"headline\":\"Res\u00famenes y conclusiones de la Jornada CRAC &#8220;La profesi\u00f3n a debate&#8221;\",\"datePublished\":\"2017-05-27T21:33:27+00:00\",\"dateModified\":\"2023-01-09T14:09:30+00:00\",\"mainEntityOfPage\":{\"@id\":\"https:\\\/\\\/cracpatrimoni.com\\\/es\\\/resumenes-y-conclusiones-de-la-jornada-crac-la-profesion-a-debate\\\/\"},\"wordCount\":438,\"publisher\":{\"@id\":\"https:\\\/\\\/cracpatrimoni.com\\\/es\\\/#organization\"},\"image\":{\"@id\":\"https:\\\/\\\/cracpatrimoni.com\\\/es\\\/resumenes-y-conclusiones-de-la-jornada-crac-la-profesion-a-debate\\\/#primaryimage\"},\"thumbnailUrl\":\"https:\\\/\\\/cracpatrimoni.com\\\/wp-content\\\/uploads\\\/2017\\\/05\\\/miniatura-news-resum-jornada-crac.jpg\",\"keywords\":[\"CRAC\",\"debate\",\"jornada\",\"profesi\u00f3n\"],\"articleSection\":[\"Reuni\u00f3n t\u00e9cnica\"],\"inLanguage\":\"es\"},{\"@type\":\"WebPage\",\"@id\":\"https:\\\/\\\/cracpatrimoni.com\\\/es\\\/resumenes-y-conclusiones-de-la-jornada-crac-la-profesion-a-debate\\\/\",\"url\":\"https:\\\/\\\/cracpatrimoni.com\\\/es\\\/resumenes-y-conclusiones-de-la-jornada-crac-la-profesion-a-debate\\\/\",\"name\":\"Res\u00famenes y conclusiones de la Jornada CRAC \\\"La profesi\u00f3n a debate\\\" - CRAC\",\"isPartOf\":{\"@id\":\"https:\\\/\\\/cracpatrimoni.com\\\/es\\\/#website\"},\"primaryImageOfPage\":{\"@id\":\"https:\\\/\\\/cracpatrimoni.com\\\/es\\\/resumenes-y-conclusiones-de-la-jornada-crac-la-profesion-a-debate\\\/#primaryimage\"},\"image\":{\"@id\":\"https:\\\/\\\/cracpatrimoni.com\\\/es\\\/resumenes-y-conclusiones-de-la-jornada-crac-la-profesion-a-debate\\\/#primaryimage\"},\"thumbnailUrl\":\"https:\\\/\\\/cracpatrimoni.com\\\/wp-content\\\/uploads\\\/2017\\\/05\\\/miniatura-news-resum-jornada-crac.jpg\",\"datePublished\":\"2017-05-27T21:33:27+00:00\",\"dateModified\":\"2023-01-09T14:09:30+00:00\",\"description\":\"Res\u00famenes y conclusiones de la Jornada CRAC \\\"La profesi\u00f3n a debate\\\". An\u00e1lisis del presente y propuestas para el futuro de la conservaci\u00f3n-restauraci\u00f3n\u201d.\",\"breadcrumb\":{\"@id\":\"https:\\\/\\\/cracpatrimoni.com\\\/es\\\/resumenes-y-conclusiones-de-la-jornada-crac-la-profesion-a-debate\\\/#breadcrumb\"},\"inLanguage\":\"es\",\"potentialAction\":[{\"@type\":\"ReadAction\",\"target\":[\"https:\\\/\\\/cracpatrimoni.com\\\/es\\\/resumenes-y-conclusiones-de-la-jornada-crac-la-profesion-a-debate\\\/\"]}]},{\"@type\":\"ImageObject\",\"inLanguage\":\"es\",\"@id\":\"https:\\\/\\\/cracpatrimoni.com\\\/es\\\/resumenes-y-conclusiones-de-la-jornada-crac-la-profesion-a-debate\\\/#primaryimage\",\"url\":\"https:\\\/\\\/cracpatrimoni.com\\\/wp-content\\\/uploads\\\/2017\\\/05\\\/miniatura-news-resum-jornada-crac.jpg\",\"contentUrl\":\"https:\\\/\\\/cracpatrimoni.com\\\/wp-content\\\/uploads\\\/2017\\\/05\\\/miniatura-news-resum-jornada-crac.jpg\",\"width\":1000,\"height\":1000,\"caption\":\"Resums i conclusions de la Jornada CRAC \u201cLa professi\u00f3 a debat\u201d\"},{\"@type\":\"BreadcrumbList\",\"@id\":\"https:\\\/\\\/cracpatrimoni.com\\\/es\\\/resumenes-y-conclusiones-de-la-jornada-crac-la-profesion-a-debate\\\/#breadcrumb\",\"itemListElement\":[{\"@type\":\"ListItem\",\"position\":1,\"name\":\"Portada\",\"item\":\"https:\\\/\\\/cracpatrimoni.com\\\/es\\\/\"},{\"@type\":\"ListItem\",\"position\":2,\"name\":\"Res\u00famenes y conclusiones de la Jornada CRAC &#8220;La profesi\u00f3n a debate&#8221;\"}]},{\"@type\":\"WebSite\",\"@id\":\"https:\\\/\\\/cracpatrimoni.com\\\/es\\\/#website\",\"url\":\"https:\\\/\\\/cracpatrimoni.com\\\/es\\\/\",\"name\":\"CRAC\",\"description\":\"Conservadors restauradors associats de Catalunya\",\"publisher\":{\"@id\":\"https:\\\/\\\/cracpatrimoni.com\\\/es\\\/#organization\"},\"potentialAction\":[{\"@type\":\"SearchAction\",\"target\":{\"@type\":\"EntryPoint\",\"urlTemplate\":\"https:\\\/\\\/cracpatrimoni.com\\\/es\\\/?s={search_term_string}\"},\"query-input\":{\"@type\":\"PropertyValueSpecification\",\"valueRequired\":true,\"valueName\":\"search_term_string\"}}],\"inLanguage\":\"es\"},{\"@type\":\"Organization\",\"@id\":\"https:\\\/\\\/cracpatrimoni.com\\\/es\\\/#organization\",\"name\":\"CRAC\",\"url\":\"https:\\\/\\\/cracpatrimoni.com\\\/es\\\/\",\"logo\":{\"@type\":\"ImageObject\",\"inLanguage\":\"es\",\"@id\":\"https:\\\/\\\/cracpatrimoni.com\\\/es\\\/#\\\/schema\\\/logo\\\/image\\\/\",\"url\":\"https:\\\/\\\/cracpatrimoni.com\\\/wp-content\\\/uploads\\\/2022\\\/11\\\/logocrac-1-1.png\",\"contentUrl\":\"https:\\\/\\\/cracpatrimoni.com\\\/wp-content\\\/uploads\\\/2022\\\/11\\\/logocrac-1-1.png\",\"width\":384,\"height\":152,\"caption\":\"CRAC\"},\"image\":{\"@id\":\"https:\\\/\\\/cracpatrimoni.com\\\/es\\\/#\\\/schema\\\/logo\\\/image\\\/\"}},{\"@type\":\"Person\",\"@id\":\"https:\\\/\\\/cracpatrimoni.com\\\/es\\\/#\\\/schema\\\/person\\\/be5a2af72e5ad4df9b5b33a09cc0ef9d\",\"name\":\"Ingrid Ferrer Homs\",\"image\":{\"@type\":\"ImageObject\",\"inLanguage\":\"es\",\"@id\":\"https:\\\/\\\/secure.gravatar.com\\\/avatar\\\/93e98562c9a14b3ca456ad9f1aad2bddb77211fafffaeca30b5f801ccbf2ea3d?s=96&d=mm&r=g\",\"url\":\"https:\\\/\\\/secure.gravatar.com\\\/avatar\\\/93e98562c9a14b3ca456ad9f1aad2bddb77211fafffaeca30b5f801ccbf2ea3d?s=96&d=mm&r=g\",\"contentUrl\":\"https:\\\/\\\/secure.gravatar.com\\\/avatar\\\/93e98562c9a14b3ca456ad9f1aad2bddb77211fafffaeca30b5f801ccbf2ea3d?s=96&d=mm&r=g\",\"caption\":\"Ingrid Ferrer Homs\"},\"url\":\"https:\\\/\\\/cracpatrimoni.com\\\/es\\\/author\\\/ingrid\\\/\"}]}<\/script>\n<!-- \/ Yoast SEO plugin. -->","yoast_head_json":{"title":"Res\u00famenes y conclusiones de la Jornada CRAC \"La profesi\u00f3n a debate\" - CRAC","description":"Res\u00famenes y conclusiones de la Jornada CRAC \"La profesi\u00f3n a debate\". An\u00e1lisis del presente y propuestas para el futuro de la conservaci\u00f3n-restauraci\u00f3n\u201d.","robots":{"index":"index","follow":"follow","max-snippet":"max-snippet:-1","max-image-preview":"max-image-preview:large","max-video-preview":"max-video-preview:-1"},"canonical":"https:\/\/cracpatrimoni.com\/es\/resumenes-y-conclusiones-de-la-jornada-crac-la-profesion-a-debate\/","og_locale":"es_ES","og_type":"article","og_title":"Res\u00famenes y conclusiones de la Jornada CRAC \"La profesi\u00f3n a debate\" - CRAC","og_description":"Res\u00famenes y conclusiones de la Jornada CRAC \"La profesi\u00f3n a debate\". An\u00e1lisis del presente y propuestas para el futuro de la conservaci\u00f3n-restauraci\u00f3n\u201d.","og_url":"https:\/\/cracpatrimoni.com\/es\/resumenes-y-conclusiones-de-la-jornada-crac-la-profesion-a-debate\/","og_site_name":"CRAC","article_published_time":"2017-05-27T21:33:27+00:00","article_modified_time":"2023-01-09T14:09:30+00:00","og_image":[{"width":1000,"height":1000,"url":"https:\/\/cracpatrimoni.com\/wp-content\/uploads\/2017\/05\/miniatura-news-resum-jornada-crac.jpg","type":"image\/jpeg"}],"author":"Ingrid Ferrer Homs","twitter_card":"summary_large_image","twitter_misc":{"Escrito por":"Ingrid Ferrer Homs","Tiempo de lectura":"2 minutos"},"schema":{"@context":"https:\/\/schema.org","@graph":[{"@type":"Article","@id":"https:\/\/cracpatrimoni.com\/es\/resumenes-y-conclusiones-de-la-jornada-crac-la-profesion-a-debate\/#article","isPartOf":{"@id":"https:\/\/cracpatrimoni.com\/es\/resumenes-y-conclusiones-de-la-jornada-crac-la-profesion-a-debate\/"},"author":{"name":"Ingrid Ferrer Homs","@id":"https:\/\/cracpatrimoni.com\/es\/#\/schema\/person\/be5a2af72e5ad4df9b5b33a09cc0ef9d"},"headline":"Res\u00famenes y conclusiones de la Jornada CRAC &#8220;La profesi\u00f3n a debate&#8221;","datePublished":"2017-05-27T21:33:27+00:00","dateModified":"2023-01-09T14:09:30+00:00","mainEntityOfPage":{"@id":"https:\/\/cracpatrimoni.com\/es\/resumenes-y-conclusiones-de-la-jornada-crac-la-profesion-a-debate\/"},"wordCount":438,"publisher":{"@id":"https:\/\/cracpatrimoni.com\/es\/#organization"},"image":{"@id":"https:\/\/cracpatrimoni.com\/es\/resumenes-y-conclusiones-de-la-jornada-crac-la-profesion-a-debate\/#primaryimage"},"thumbnailUrl":"https:\/\/cracpatrimoni.com\/wp-content\/uploads\/2017\/05\/miniatura-news-resum-jornada-crac.jpg","keywords":["CRAC","debate","jornada","profesi\u00f3n"],"articleSection":["Reuni\u00f3n t\u00e9cnica"],"inLanguage":"es"},{"@type":"WebPage","@id":"https:\/\/cracpatrimoni.com\/es\/resumenes-y-conclusiones-de-la-jornada-crac-la-profesion-a-debate\/","url":"https:\/\/cracpatrimoni.com\/es\/resumenes-y-conclusiones-de-la-jornada-crac-la-profesion-a-debate\/","name":"Res\u00famenes y conclusiones de la Jornada CRAC \"La profesi\u00f3n a debate\" - CRAC","isPartOf":{"@id":"https:\/\/cracpatrimoni.com\/es\/#website"},"primaryImageOfPage":{"@id":"https:\/\/cracpatrimoni.com\/es\/resumenes-y-conclusiones-de-la-jornada-crac-la-profesion-a-debate\/#primaryimage"},"image":{"@id":"https:\/\/cracpatrimoni.com\/es\/resumenes-y-conclusiones-de-la-jornada-crac-la-profesion-a-debate\/#primaryimage"},"thumbnailUrl":"https:\/\/cracpatrimoni.com\/wp-content\/uploads\/2017\/05\/miniatura-news-resum-jornada-crac.jpg","datePublished":"2017-05-27T21:33:27+00:00","dateModified":"2023-01-09T14:09:30+00:00","description":"Res\u00famenes y conclusiones de la Jornada CRAC \"La profesi\u00f3n a debate\". An\u00e1lisis del presente y propuestas para el futuro de la conservaci\u00f3n-restauraci\u00f3n\u201d.","breadcrumb":{"@id":"https:\/\/cracpatrimoni.com\/es\/resumenes-y-conclusiones-de-la-jornada-crac-la-profesion-a-debate\/#breadcrumb"},"inLanguage":"es","potentialAction":[{"@type":"ReadAction","target":["https:\/\/cracpatrimoni.com\/es\/resumenes-y-conclusiones-de-la-jornada-crac-la-profesion-a-debate\/"]}]},{"@type":"ImageObject","inLanguage":"es","@id":"https:\/\/cracpatrimoni.com\/es\/resumenes-y-conclusiones-de-la-jornada-crac-la-profesion-a-debate\/#primaryimage","url":"https:\/\/cracpatrimoni.com\/wp-content\/uploads\/2017\/05\/miniatura-news-resum-jornada-crac.jpg","contentUrl":"https:\/\/cracpatrimoni.com\/wp-content\/uploads\/2017\/05\/miniatura-news-resum-jornada-crac.jpg","width":1000,"height":1000,"caption":"Resums i conclusions de la Jornada CRAC \u201cLa professi\u00f3 a debat\u201d"},{"@type":"BreadcrumbList","@id":"https:\/\/cracpatrimoni.com\/es\/resumenes-y-conclusiones-de-la-jornada-crac-la-profesion-a-debate\/#breadcrumb","itemListElement":[{"@type":"ListItem","position":1,"name":"Portada","item":"https:\/\/cracpatrimoni.com\/es\/"},{"@type":"ListItem","position":2,"name":"Res\u00famenes y conclusiones de la Jornada CRAC &#8220;La profesi\u00f3n a debate&#8221;"}]},{"@type":"WebSite","@id":"https:\/\/cracpatrimoni.com\/es\/#website","url":"https:\/\/cracpatrimoni.com\/es\/","name":"CRAC","description":"Conservadors restauradors associats de Catalunya","publisher":{"@id":"https:\/\/cracpatrimoni.com\/es\/#organization"},"potentialAction":[{"@type":"SearchAction","target":{"@type":"EntryPoint","urlTemplate":"https:\/\/cracpatrimoni.com\/es\/?s={search_term_string}"},"query-input":{"@type":"PropertyValueSpecification","valueRequired":true,"valueName":"search_term_string"}}],"inLanguage":"es"},{"@type":"Organization","@id":"https:\/\/cracpatrimoni.com\/es\/#organization","name":"CRAC","url":"https:\/\/cracpatrimoni.com\/es\/","logo":{"@type":"ImageObject","inLanguage":"es","@id":"https:\/\/cracpatrimoni.com\/es\/#\/schema\/logo\/image\/","url":"https:\/\/cracpatrimoni.com\/wp-content\/uploads\/2022\/11\/logocrac-1-1.png","contentUrl":"https:\/\/cracpatrimoni.com\/wp-content\/uploads\/2022\/11\/logocrac-1-1.png","width":384,"height":152,"caption":"CRAC"},"image":{"@id":"https:\/\/cracpatrimoni.com\/es\/#\/schema\/logo\/image\/"}},{"@type":"Person","@id":"https:\/\/cracpatrimoni.com\/es\/#\/schema\/person\/be5a2af72e5ad4df9b5b33a09cc0ef9d","name":"Ingrid Ferrer Homs","image":{"@type":"ImageObject","inLanguage":"es","@id":"https:\/\/secure.gravatar.com\/avatar\/93e98562c9a14b3ca456ad9f1aad2bddb77211fafffaeca30b5f801ccbf2ea3d?s=96&d=mm&r=g","url":"https:\/\/secure.gravatar.com\/avatar\/93e98562c9a14b3ca456ad9f1aad2bddb77211fafffaeca30b5f801ccbf2ea3d?s=96&d=mm&r=g","contentUrl":"https:\/\/secure.gravatar.com\/avatar\/93e98562c9a14b3ca456ad9f1aad2bddb77211fafffaeca30b5f801ccbf2ea3d?s=96&d=mm&r=g","caption":"Ingrid Ferrer Homs"},"url":"https:\/\/cracpatrimoni.com\/es\/author\/ingrid\/"}]}},"_links":{"self":[{"href":"https:\/\/cracpatrimoni.com\/es\/wp-json\/wp\/v2\/posts\/4622","targetHints":{"allow":["GET"]}}],"collection":[{"href":"https:\/\/cracpatrimoni.com\/es\/wp-json\/wp\/v2\/posts"}],"about":[{"href":"https:\/\/cracpatrimoni.com\/es\/wp-json\/wp\/v2\/types\/post"}],"author":[{"embeddable":true,"href":"https:\/\/cracpatrimoni.com\/es\/wp-json\/wp\/v2\/users\/2"}],"replies":[{"embeddable":true,"href":"https:\/\/cracpatrimoni.com\/es\/wp-json\/wp\/v2\/comments?post=4622"}],"version-history":[{"count":3,"href":"https:\/\/cracpatrimoni.com\/es\/wp-json\/wp\/v2\/posts\/4622\/revisions"}],"predecessor-version":[{"id":4788,"href":"https:\/\/cracpatrimoni.com\/es\/wp-json\/wp\/v2\/posts\/4622\/revisions\/4788"}],"wp:featuredmedia":[{"embeddable":true,"href":"https:\/\/cracpatrimoni.com\/es\/wp-json\/wp\/v2\/media\/4237"}],"wp:attachment":[{"href":"https:\/\/cracpatrimoni.com\/es\/wp-json\/wp\/v2\/media?parent=4622"}],"wp:term":[{"taxonomy":"category","embeddable":true,"href":"https:\/\/cracpatrimoni.com\/es\/wp-json\/wp\/v2\/categories?post=4622"},{"taxonomy":"post_tag","embeddable":true,"href":"https:\/\/cracpatrimoni.com\/es\/wp-json\/wp\/v2\/tags?post=4622"}],"curies":[{"name":"wp","href":"https:\/\/api.w.org\/{rel}","templated":true}]}}