{"id":4618,"date":"2017-05-24T20:02:21","date_gmt":"2017-05-24T20:02:21","guid":{"rendered":"http:\/\/cracpatrimoni.com\/proyecto-participativo-el-mosaico-de-mi-barrio\/"},"modified":"2023-01-09T14:09:39","modified_gmt":"2023-01-09T14:09:39","slug":"proyecto-participativo-el-mosaico-de-mi-barrio","status":"publish","type":"post","link":"https:\/\/cracpatrimoni.com\/es\/proyecto-participativo-el-mosaico-de-mi-barrio\/","title":{"rendered":"Proyecto participativo: El mosaico de mi barrio"},"content":{"rendered":"\n<hr class=\"wp-block-separator has-text-color has-alpha-channel-opacity has-background is-style-dots\" style=\"background-color:#f4f5f0;color:#f4f5f0\"\/>\n\n<div class=\"wp-block-columns is-layout-flex wp-container-core-columns-is-layout-28f84493 wp-block-columns-is-layout-flex\">\n<div class=\"wp-block-column is-layout-flow wp-block-column-is-layout-flow\">\n<p>Proyecto participativo por descubrir, valorar y conservar los <strong>mosaicos de Barcelona.<\/strong><\/p>\n\n\n\n<p>\u00bfHas visto mosaicos en la fachada de alg\u00fan edificio? \u00bfEn el letrero de una tienda? \u00bfTienes un suelo de mosaico hidr\u00e1ulico en casa? Haz una foto y env\u00edanosla para crear un inventario de mosaicos de Barcelona.<br\/>Te diremos de qu\u00e9 \u00e9poca y t\u00e9cnica se trata y daremos consejos para conservarlo<\/p>\n\n\n\n<hr class=\"wp-block-separator has-text-color has-alpha-channel-opacity has-background is-style-dots\" style=\"background-color:#f4f5f0;color:#f4f5f0\"\/>\n\n\n\n<p class=\"has-luminous-vivid-orange-color has-text-color\"><strong>\u00a1Participa clicando en el <a href=\"http:\/\/ajuntament.barcelona.cat\/arqueologiabarcelona\/mosaics\/\" target=\"_blank\" rel=\"noreferrer noopener\">formulario de inscripci\u00f3n &#8220;El Mosaico de Mi Barrio&#8221;!<\/a><\/strong><br\/><strong>Encontrar\u00e1s <a href=\"http:\/\/ajuntament.barcelona.cat\/arqueologiabarcelona\/el-mosaic-del-meu-barri\/\" target=\"_blank\" rel=\"noreferrer noopener\">m\u00e1s informaci\u00f3n sobre el proyecto aqu\u00ed<\/a>.<\/strong><\/p>\n\n\n\n<figure class=\"wp-block-image size-large\"><img fetchpriority=\"high\" decoding=\"async\" width=\"1024\" height=\"768\" src=\"https:\/\/cracpatrimoni.com\/wp-content\/uploads\/2022\/12\/IMG_5014-1024x768.jpeg\" alt=\"\" class=\"wp-image-4134\" srcset=\"https:\/\/cracpatrimoni.com\/wp-content\/uploads\/2022\/12\/IMG_5014-1024x768.jpeg 1024w, https:\/\/cracpatrimoni.com\/wp-content\/uploads\/2022\/12\/IMG_5014-scaled-600x450.jpeg 600w, https:\/\/cracpatrimoni.com\/wp-content\/uploads\/2022\/12\/IMG_5014-300x225.jpeg 300w, https:\/\/cracpatrimoni.com\/wp-content\/uploads\/2022\/12\/IMG_5014-768x576.jpeg 768w, https:\/\/cracpatrimoni.com\/wp-content\/uploads\/2022\/12\/IMG_5014-1536x1152.jpeg 1536w, https:\/\/cracpatrimoni.com\/wp-content\/uploads\/2022\/12\/IMG_5014-scaled.jpeg 2048w\" sizes=\"(max-width: 1024px) 100vw, 1024px\" \/><figcaption class=\"wp-element-caption\">Calle Balmes, 246 &#8211; El Mosaic del Meu Barri<br\/><\/figcaption><\/figure>\n\n\n\n<div class=\"wp-block-buttons is-content-justification-center is-layout-flex wp-container-core-buttons-is-layout-a89b3969 wp-block-buttons-is-layout-flex\"><\/div>\n<\/div>\n<\/div>\n","protected":false},"excerpt":{"rendered":"<p>Proyecto participativo por descubrir, valorar y conservar los mosaicos de Barcelona. \u00bfHas visto mosaicos en la fachada de alg\u00fan edificio? \u00bfEn el letrero de una tienda? \u00bfTienes un suelo de mosaico hidr\u00e1ulico en casa? Haz una foto y env\u00edanosla para crear un inventario de mosaicos de Barcelona.Te diremos de qu\u00e9 \u00e9poca y t\u00e9cnica se trata [&hellip;]<\/p>\n","protected":false},"author":2,"featured_media":4139,"comment_status":"closed","ping_status":"open","sticky":false,"template":"","format":"standard","meta":{"_acf_changed":false,"footnotes":""},"categories":[39],"tags":[],"class_list":["post-4618","post","type-post","status-publish","format-standard","has-post-thumbnail","hentry","category-reunion-tecnica"],"acf":[],"yoast_head":"<!-- This site is optimized with the Yoast SEO plugin v27.5 - https:\/\/yoast.com\/product\/yoast-seo-wordpress\/ -->\n<title>Proyecto participativo: El mosaico de mi barrio - CRAC<\/title>\n<meta name=\"robots\" content=\"index, follow, max-snippet:-1, max-image-preview:large, max-video-preview:-1\" \/>\n<link rel=\"canonical\" href=\"https:\/\/cracpatrimoni.com\/es\/proyecto-participativo-el-mosaico-de-mi-barrio\/\" \/>\n<meta property=\"og:locale\" content=\"es_ES\" \/>\n<meta property=\"og:type\" content=\"article\" \/>\n<meta property=\"og:title\" content=\"Proyecto participativo: El mosaico de mi barrio - CRAC\" \/>\n<meta property=\"og:description\" content=\"Proyecto participativo por descubrir, valorar y conservar los mosaicos de Barcelona. \u00bfHas visto mosaicos en la fachada de alg\u00fan edificio? \u00bfEn el letrero de una tienda? \u00bfTienes un suelo de mosaico hidr\u00e1ulico en casa? Haz una foto y env\u00edanosla para crear un inventario de mosaicos de Barcelona.Te diremos de qu\u00e9 \u00e9poca y t\u00e9cnica se trata [&hellip;]\" \/>\n<meta property=\"og:url\" content=\"https:\/\/cracpatrimoni.com\/es\/proyecto-participativo-el-mosaico-de-mi-barrio\/\" \/>\n<meta property=\"og:site_name\" content=\"CRAC\" \/>\n<meta property=\"article:published_time\" content=\"2017-05-24T20:02:21+00:00\" \/>\n<meta property=\"article:modified_time\" content=\"2023-01-09T14:09:39+00:00\" \/>\n<meta property=\"og:image\" content=\"https:\/\/cracpatrimoni.com\/wp-content\/uploads\/2017\/05\/miniatura-news-mosaic-barri.jpg\" \/>\n\t<meta property=\"og:image:width\" content=\"1000\" \/>\n\t<meta property=\"og:image:height\" content=\"1000\" \/>\n\t<meta property=\"og:image:type\" content=\"image\/jpeg\" \/>\n<meta name=\"author\" content=\"Ingrid Ferrer Homs\" \/>\n<meta name=\"twitter:card\" content=\"summary_large_image\" \/>\n<meta name=\"twitter:label1\" content=\"Escrito por\" \/>\n\t<meta name=\"twitter:data1\" content=\"Ingrid Ferrer Homs\" \/>\n<script type=\"application\/ld+json\" class=\"yoast-schema-graph\">{\"@context\":\"https:\\\/\\\/schema.org\",\"@graph\":[{\"@type\":\"Article\",\"@id\":\"https:\\\/\\\/cracpatrimoni.com\\\/es\\\/proyecto-participativo-el-mosaico-de-mi-barrio\\\/#article\",\"isPartOf\":{\"@id\":\"https:\\\/\\\/cracpatrimoni.com\\\/es\\\/proyecto-participativo-el-mosaico-de-mi-barrio\\\/\"},\"author\":{\"name\":\"Ingrid Ferrer Homs\",\"@id\":\"https:\\\/\\\/cracpatrimoni.com\\\/es\\\/#\\\/schema\\\/person\\\/be5a2af72e5ad4df9b5b33a09cc0ef9d\"},\"headline\":\"Proyecto participativo: El mosaico de mi barrio\",\"datePublished\":\"2017-05-24T20:02:21+00:00\",\"dateModified\":\"2023-01-09T14:09:39+00:00\",\"mainEntityOfPage\":{\"@id\":\"https:\\\/\\\/cracpatrimoni.com\\\/es\\\/proyecto-participativo-el-mosaico-de-mi-barrio\\\/\"},\"wordCount\":103,\"publisher\":{\"@id\":\"https:\\\/\\\/cracpatrimoni.com\\\/es\\\/#organization\"},\"image\":{\"@id\":\"https:\\\/\\\/cracpatrimoni.com\\\/es\\\/proyecto-participativo-el-mosaico-de-mi-barrio\\\/#primaryimage\"},\"thumbnailUrl\":\"https:\\\/\\\/cracpatrimoni.com\\\/wp-content\\\/uploads\\\/2017\\\/05\\\/miniatura-news-mosaic-barri.jpg\",\"articleSection\":[\"Reuni\u00f3n t\u00e9cnica\"],\"inLanguage\":\"es\"},{\"@type\":\"WebPage\",\"@id\":\"https:\\\/\\\/cracpatrimoni.com\\\/es\\\/proyecto-participativo-el-mosaico-de-mi-barrio\\\/\",\"url\":\"https:\\\/\\\/cracpatrimoni.com\\\/es\\\/proyecto-participativo-el-mosaico-de-mi-barrio\\\/\",\"name\":\"Proyecto participativo: El mosaico de mi barrio - CRAC\",\"isPartOf\":{\"@id\":\"https:\\\/\\\/cracpatrimoni.com\\\/es\\\/#website\"},\"primaryImageOfPage\":{\"@id\":\"https:\\\/\\\/cracpatrimoni.com\\\/es\\\/proyecto-participativo-el-mosaico-de-mi-barrio\\\/#primaryimage\"},\"image\":{\"@id\":\"https:\\\/\\\/cracpatrimoni.com\\\/es\\\/proyecto-participativo-el-mosaico-de-mi-barrio\\\/#primaryimage\"},\"thumbnailUrl\":\"https:\\\/\\\/cracpatrimoni.com\\\/wp-content\\\/uploads\\\/2017\\\/05\\\/miniatura-news-mosaic-barri.jpg\",\"datePublished\":\"2017-05-24T20:02:21+00:00\",\"dateModified\":\"2023-01-09T14:09:39+00:00\",\"breadcrumb\":{\"@id\":\"https:\\\/\\\/cracpatrimoni.com\\\/es\\\/proyecto-participativo-el-mosaico-de-mi-barrio\\\/#breadcrumb\"},\"inLanguage\":\"es\",\"potentialAction\":[{\"@type\":\"ReadAction\",\"target\":[\"https:\\\/\\\/cracpatrimoni.com\\\/es\\\/proyecto-participativo-el-mosaico-de-mi-barrio\\\/\"]}]},{\"@type\":\"ImageObject\",\"inLanguage\":\"es\",\"@id\":\"https:\\\/\\\/cracpatrimoni.com\\\/es\\\/proyecto-participativo-el-mosaico-de-mi-barrio\\\/#primaryimage\",\"url\":\"https:\\\/\\\/cracpatrimoni.com\\\/wp-content\\\/uploads\\\/2017\\\/05\\\/miniatura-news-mosaic-barri.jpg\",\"contentUrl\":\"https:\\\/\\\/cracpatrimoni.com\\\/wp-content\\\/uploads\\\/2017\\\/05\\\/miniatura-news-mosaic-barri.jpg\",\"width\":1000,\"height\":1000,\"caption\":\"Projecte participatiu: El mosaic del meu barri\"},{\"@type\":\"BreadcrumbList\",\"@id\":\"https:\\\/\\\/cracpatrimoni.com\\\/es\\\/proyecto-participativo-el-mosaico-de-mi-barrio\\\/#breadcrumb\",\"itemListElement\":[{\"@type\":\"ListItem\",\"position\":1,\"name\":\"Portada\",\"item\":\"https:\\\/\\\/cracpatrimoni.com\\\/es\\\/\"},{\"@type\":\"ListItem\",\"position\":2,\"name\":\"Proyecto participativo: El mosaico de mi barrio\"}]},{\"@type\":\"WebSite\",\"@id\":\"https:\\\/\\\/cracpatrimoni.com\\\/es\\\/#website\",\"url\":\"https:\\\/\\\/cracpatrimoni.com\\\/es\\\/\",\"name\":\"CRAC\",\"description\":\"Conservadors restauradors associats de Catalunya\",\"publisher\":{\"@id\":\"https:\\\/\\\/cracpatrimoni.com\\\/es\\\/#organization\"},\"potentialAction\":[{\"@type\":\"SearchAction\",\"target\":{\"@type\":\"EntryPoint\",\"urlTemplate\":\"https:\\\/\\\/cracpatrimoni.com\\\/es\\\/?s={search_term_string}\"},\"query-input\":{\"@type\":\"PropertyValueSpecification\",\"valueRequired\":true,\"valueName\":\"search_term_string\"}}],\"inLanguage\":\"es\"},{\"@type\":\"Organization\",\"@id\":\"https:\\\/\\\/cracpatrimoni.com\\\/es\\\/#organization\",\"name\":\"CRAC\",\"url\":\"https:\\\/\\\/cracpatrimoni.com\\\/es\\\/\",\"logo\":{\"@type\":\"ImageObject\",\"inLanguage\":\"es\",\"@id\":\"https:\\\/\\\/cracpatrimoni.com\\\/es\\\/#\\\/schema\\\/logo\\\/image\\\/\",\"url\":\"https:\\\/\\\/cracpatrimoni.com\\\/wp-content\\\/uploads\\\/2022\\\/11\\\/logocrac-1-1.png\",\"contentUrl\":\"https:\\\/\\\/cracpatrimoni.com\\\/wp-content\\\/uploads\\\/2022\\\/11\\\/logocrac-1-1.png\",\"width\":384,\"height\":152,\"caption\":\"CRAC\"},\"image\":{\"@id\":\"https:\\\/\\\/cracpatrimoni.com\\\/es\\\/#\\\/schema\\\/logo\\\/image\\\/\"}},{\"@type\":\"Person\",\"@id\":\"https:\\\/\\\/cracpatrimoni.com\\\/es\\\/#\\\/schema\\\/person\\\/be5a2af72e5ad4df9b5b33a09cc0ef9d\",\"name\":\"Ingrid Ferrer Homs\",\"image\":{\"@type\":\"ImageObject\",\"inLanguage\":\"es\",\"@id\":\"https:\\\/\\\/secure.gravatar.com\\\/avatar\\\/93e98562c9a14b3ca456ad9f1aad2bddb77211fafffaeca30b5f801ccbf2ea3d?s=96&d=mm&r=g\",\"url\":\"https:\\\/\\\/secure.gravatar.com\\\/avatar\\\/93e98562c9a14b3ca456ad9f1aad2bddb77211fafffaeca30b5f801ccbf2ea3d?s=96&d=mm&r=g\",\"contentUrl\":\"https:\\\/\\\/secure.gravatar.com\\\/avatar\\\/93e98562c9a14b3ca456ad9f1aad2bddb77211fafffaeca30b5f801ccbf2ea3d?s=96&d=mm&r=g\",\"caption\":\"Ingrid Ferrer Homs\"},\"url\":\"https:\\\/\\\/cracpatrimoni.com\\\/es\\\/author\\\/ingrid\\\/\"}]}<\/script>\n<!-- \/ Yoast SEO plugin. -->","yoast_head_json":{"title":"Proyecto participativo: El mosaico de mi barrio - CRAC","robots":{"index":"index","follow":"follow","max-snippet":"max-snippet:-1","max-image-preview":"max-image-preview:large","max-video-preview":"max-video-preview:-1"},"canonical":"https:\/\/cracpatrimoni.com\/es\/proyecto-participativo-el-mosaico-de-mi-barrio\/","og_locale":"es_ES","og_type":"article","og_title":"Proyecto participativo: El mosaico de mi barrio - CRAC","og_description":"Proyecto participativo por descubrir, valorar y conservar los mosaicos de Barcelona. \u00bfHas visto mosaicos en la fachada de alg\u00fan edificio? \u00bfEn el letrero de una tienda? \u00bfTienes un suelo de mosaico hidr\u00e1ulico en casa? Haz una foto y env\u00edanosla para crear un inventario de mosaicos de Barcelona.Te diremos de qu\u00e9 \u00e9poca y t\u00e9cnica se trata [&hellip;]","og_url":"https:\/\/cracpatrimoni.com\/es\/proyecto-participativo-el-mosaico-de-mi-barrio\/","og_site_name":"CRAC","article_published_time":"2017-05-24T20:02:21+00:00","article_modified_time":"2023-01-09T14:09:39+00:00","og_image":[{"width":1000,"height":1000,"url":"https:\/\/cracpatrimoni.com\/wp-content\/uploads\/2017\/05\/miniatura-news-mosaic-barri.jpg","type":"image\/jpeg"}],"author":"Ingrid Ferrer Homs","twitter_card":"summary_large_image","twitter_misc":{"Escrito por":"Ingrid Ferrer Homs"},"schema":{"@context":"https:\/\/schema.org","@graph":[{"@type":"Article","@id":"https:\/\/cracpatrimoni.com\/es\/proyecto-participativo-el-mosaico-de-mi-barrio\/#article","isPartOf":{"@id":"https:\/\/cracpatrimoni.com\/es\/proyecto-participativo-el-mosaico-de-mi-barrio\/"},"author":{"name":"Ingrid Ferrer Homs","@id":"https:\/\/cracpatrimoni.com\/es\/#\/schema\/person\/be5a2af72e5ad4df9b5b33a09cc0ef9d"},"headline":"Proyecto participativo: El mosaico de mi barrio","datePublished":"2017-05-24T20:02:21+00:00","dateModified":"2023-01-09T14:09:39+00:00","mainEntityOfPage":{"@id":"https:\/\/cracpatrimoni.com\/es\/proyecto-participativo-el-mosaico-de-mi-barrio\/"},"wordCount":103,"publisher":{"@id":"https:\/\/cracpatrimoni.com\/es\/#organization"},"image":{"@id":"https:\/\/cracpatrimoni.com\/es\/proyecto-participativo-el-mosaico-de-mi-barrio\/#primaryimage"},"thumbnailUrl":"https:\/\/cracpatrimoni.com\/wp-content\/uploads\/2017\/05\/miniatura-news-mosaic-barri.jpg","articleSection":["Reuni\u00f3n t\u00e9cnica"],"inLanguage":"es"},{"@type":"WebPage","@id":"https:\/\/cracpatrimoni.com\/es\/proyecto-participativo-el-mosaico-de-mi-barrio\/","url":"https:\/\/cracpatrimoni.com\/es\/proyecto-participativo-el-mosaico-de-mi-barrio\/","name":"Proyecto participativo: El mosaico de mi barrio - CRAC","isPartOf":{"@id":"https:\/\/cracpatrimoni.com\/es\/#website"},"primaryImageOfPage":{"@id":"https:\/\/cracpatrimoni.com\/es\/proyecto-participativo-el-mosaico-de-mi-barrio\/#primaryimage"},"image":{"@id":"https:\/\/cracpatrimoni.com\/es\/proyecto-participativo-el-mosaico-de-mi-barrio\/#primaryimage"},"thumbnailUrl":"https:\/\/cracpatrimoni.com\/wp-content\/uploads\/2017\/05\/miniatura-news-mosaic-barri.jpg","datePublished":"2017-05-24T20:02:21+00:00","dateModified":"2023-01-09T14:09:39+00:00","breadcrumb":{"@id":"https:\/\/cracpatrimoni.com\/es\/proyecto-participativo-el-mosaico-de-mi-barrio\/#breadcrumb"},"inLanguage":"es","potentialAction":[{"@type":"ReadAction","target":["https:\/\/cracpatrimoni.com\/es\/proyecto-participativo-el-mosaico-de-mi-barrio\/"]}]},{"@type":"ImageObject","inLanguage":"es","@id":"https:\/\/cracpatrimoni.com\/es\/proyecto-participativo-el-mosaico-de-mi-barrio\/#primaryimage","url":"https:\/\/cracpatrimoni.com\/wp-content\/uploads\/2017\/05\/miniatura-news-mosaic-barri.jpg","contentUrl":"https:\/\/cracpatrimoni.com\/wp-content\/uploads\/2017\/05\/miniatura-news-mosaic-barri.jpg","width":1000,"height":1000,"caption":"Projecte participatiu: El mosaic del meu barri"},{"@type":"BreadcrumbList","@id":"https:\/\/cracpatrimoni.com\/es\/proyecto-participativo-el-mosaico-de-mi-barrio\/#breadcrumb","itemListElement":[{"@type":"ListItem","position":1,"name":"Portada","item":"https:\/\/cracpatrimoni.com\/es\/"},{"@type":"ListItem","position":2,"name":"Proyecto participativo: El mosaico de mi barrio"}]},{"@type":"WebSite","@id":"https:\/\/cracpatrimoni.com\/es\/#website","url":"https:\/\/cracpatrimoni.com\/es\/","name":"CRAC","description":"Conservadors restauradors associats de Catalunya","publisher":{"@id":"https:\/\/cracpatrimoni.com\/es\/#organization"},"potentialAction":[{"@type":"SearchAction","target":{"@type":"EntryPoint","urlTemplate":"https:\/\/cracpatrimoni.com\/es\/?s={search_term_string}"},"query-input":{"@type":"PropertyValueSpecification","valueRequired":true,"valueName":"search_term_string"}}],"inLanguage":"es"},{"@type":"Organization","@id":"https:\/\/cracpatrimoni.com\/es\/#organization","name":"CRAC","url":"https:\/\/cracpatrimoni.com\/es\/","logo":{"@type":"ImageObject","inLanguage":"es","@id":"https:\/\/cracpatrimoni.com\/es\/#\/schema\/logo\/image\/","url":"https:\/\/cracpatrimoni.com\/wp-content\/uploads\/2022\/11\/logocrac-1-1.png","contentUrl":"https:\/\/cracpatrimoni.com\/wp-content\/uploads\/2022\/11\/logocrac-1-1.png","width":384,"height":152,"caption":"CRAC"},"image":{"@id":"https:\/\/cracpatrimoni.com\/es\/#\/schema\/logo\/image\/"}},{"@type":"Person","@id":"https:\/\/cracpatrimoni.com\/es\/#\/schema\/person\/be5a2af72e5ad4df9b5b33a09cc0ef9d","name":"Ingrid Ferrer Homs","image":{"@type":"ImageObject","inLanguage":"es","@id":"https:\/\/secure.gravatar.com\/avatar\/93e98562c9a14b3ca456ad9f1aad2bddb77211fafffaeca30b5f801ccbf2ea3d?s=96&d=mm&r=g","url":"https:\/\/secure.gravatar.com\/avatar\/93e98562c9a14b3ca456ad9f1aad2bddb77211fafffaeca30b5f801ccbf2ea3d?s=96&d=mm&r=g","contentUrl":"https:\/\/secure.gravatar.com\/avatar\/93e98562c9a14b3ca456ad9f1aad2bddb77211fafffaeca30b5f801ccbf2ea3d?s=96&d=mm&r=g","caption":"Ingrid Ferrer Homs"},"url":"https:\/\/cracpatrimoni.com\/es\/author\/ingrid\/"}]}},"_links":{"self":[{"href":"https:\/\/cracpatrimoni.com\/es\/wp-json\/wp\/v2\/posts\/4618","targetHints":{"allow":["GET"]}}],"collection":[{"href":"https:\/\/cracpatrimoni.com\/es\/wp-json\/wp\/v2\/posts"}],"about":[{"href":"https:\/\/cracpatrimoni.com\/es\/wp-json\/wp\/v2\/types\/post"}],"author":[{"embeddable":true,"href":"https:\/\/cracpatrimoni.com\/es\/wp-json\/wp\/v2\/users\/2"}],"replies":[{"embeddable":true,"href":"https:\/\/cracpatrimoni.com\/es\/wp-json\/wp\/v2\/comments?post=4618"}],"version-history":[{"count":3,"href":"https:\/\/cracpatrimoni.com\/es\/wp-json\/wp\/v2\/posts\/4618\/revisions"}],"predecessor-version":[{"id":4800,"href":"https:\/\/cracpatrimoni.com\/es\/wp-json\/wp\/v2\/posts\/4618\/revisions\/4800"}],"wp:featuredmedia":[{"embeddable":true,"href":"https:\/\/cracpatrimoni.com\/es\/wp-json\/wp\/v2\/media\/4139"}],"wp:attachment":[{"href":"https:\/\/cracpatrimoni.com\/es\/wp-json\/wp\/v2\/media?parent=4618"}],"wp:term":[{"taxonomy":"category","embeddable":true,"href":"https:\/\/cracpatrimoni.com\/es\/wp-json\/wp\/v2\/categories?post=4618"},{"taxonomy":"post_tag","embeddable":true,"href":"https:\/\/cracpatrimoni.com\/es\/wp-json\/wp\/v2\/tags?post=4618"}],"curies":[{"name":"wp","href":"https:\/\/api.w.org\/{rel}","templated":true}]}}