{"id":4616,"date":"2017-01-22T20:48:29","date_gmt":"2017-01-22T20:48:29","guid":{"rendered":"http:\/\/cracpatrimoni.com\/desolacion-por-una-nueva-destruccion-intencionada-de-las-ruinas-romanas-de-palmira-en-siria\/"},"modified":"2023-01-09T14:10:37","modified_gmt":"2023-01-09T14:10:37","slug":"desolacion-por-una-nueva-destruccion-intencionada-de-las-ruinas-romanas-de-palmira-en-siria","status":"publish","type":"post","link":"https:\/\/cracpatrimoni.com\/es\/desolacion-por-una-nueva-destruccion-intencionada-de-las-ruinas-romanas-de-palmira-en-siria\/","title":{"rendered":"Desolaci\u00f3n por una nueva destrucci\u00f3n intencionada de las ruinas romanas de Palmira, en Siria"},"content":{"rendered":"\n<p>Ver todo el art\u00edculo del diario <a href=\"http:\/\/internacional.elpais.com\/internacional\/2017\/01\/20\/actualidad\/1484904166_672322.html\" target=\"_blank\" rel=\"noreferrer noopener\">El Pa\u00eds, 20 de enero del 2017<\/a><\/p>\n\n<hr class=\"wp-block-separator has-text-color has-alpha-channel-opacity has-background is-style-dots\" style=\"background-color:#f4f5f0;color:#f4f5f0\"\/>\n\n<p><strong>Declaraci\u00f3n de la UNESCO relativa a la destrucci\u00f3n intencional del patrimonio cultural<br\/><\/strong>(Resoluci\u00f3n aprobada, previo informe de la Comisi\u00f3n IV, en la 21\u00aa sesi\u00f3n plenaria, el 17 de octubre de 2003)<br\/><a href=\"http:\/\/portal.unesco.org\/en\/ev.php-URL_ID=17718&amp;URL_DO=DO_TOPIC&amp;URL_SECTION=201.html\" target=\"_blank\" rel=\"noreferrer noopener\">Ir a la Resoluci\u00f3n de la UNESCO en ingl\u00e9s<\/a><\/p>\n\n<p>La Conferencia General de la Organizaci\u00f3n de las Naciones Unidas para la Educaci\u00f3n, la Ciencia y la Cultura, reunida en Par\u00eds en su 32\u00aa reuni\u00f3n, en 2003, <br\/><br\/><strong>Recordando<\/strong> la tr\u00e1gica destrucci\u00f3n de los Budas de Bamiyan, que afect\u00f3 a toda la comunidad internacional;<br\/><strong>Expresando<\/strong> su profunda preocupaci\u00f3n por el aumento del n\u00famero de actos de destrucci\u00f3n intencional del patrimonio cultural;<br\/><strong>Refiri\u00e9ndose<\/strong> al Art\u00edculo I.2.c de la Constituci\u00f3n de la UNESCO, en el que se encomienda a \u00e9sta que ayude a conservar, hacer progresar y difundir el saber \u201cvelando por la conservaci\u00f3n y la protecci\u00f3n del patrimonio universal de libros, obras de arte y monumentos de inter\u00e9s hist\u00f3rico o cient\u00edfico, y recomendando a las naciones interesadas las convenciones internacionales que sean necesarias para tal fin\u201d;<br\/><strong>Recordando<\/strong> los principios enunciados en todas las convenciones, recomendaciones, declaraciones y cartas de la UNESCO relativas a la protecci\u00f3n del patrimonio cultural;<br\/><strong>Consciente<\/strong> de que el patrimonio cultural es un componente importante de la identidad cultural de las comunidades, los grupos y los individuos, y de la cohesi\u00f3n social, por lo que su destrucci\u00f3n deliberada puede menoscabar tanto la dignidad como los derechos humanos;<br\/><strong>Reiterando<\/strong> uno de los principios fundamentales enunciados en el Pre\u00e1mbulo de la Convenci\u00f3n de La Haya para la Protecci\u00f3n de los Bienes Culturales en caso de Conflicto Armado de 1954, donde se afirma que \u201clos da\u00f1os ocasionados a los bienes culturales pertenecientes a cualquier pueblo constituyen un menoscabo al patrimonio cultural de toda la humanidad, puesto que cada pueblo aporta su contribuci\u00f3n a la cultura mundial\u201d;<br\/><strong>Recordando<\/strong> los principios relativos a la protecci\u00f3n del patrimonio cultural en caso de conflicto armado establecidos en las Convenciones de La Haya de 1899 y 1907, y en particular los Art\u00edculos 27 y 56 del Reglamento anexo a la Cuarta Convenci\u00f3n de La Haya de 1907, as\u00ed como otros acuerdos posteriores,<br\/>Consciente de la aparici\u00f3n de reglas de derecho internacional consuetudinario, reafirmadas por la jurisprudencia pertinente, relativas a la protecci\u00f3n del patrimonio cultural tanto en tiempos de paz como en caso de conflicto armado;<br\/><strong>Recordando<\/strong> tambi\u00e9n las cl\u00e1usulas 8.2.b.ix y 8.2.e.iv del Estatuto de Roma de la Corte Penal Internacional, y, si procede, el p\u00e1rrafo d) del Art\u00edculo 3 del Estatuto del Tribunal Penal Internacional para la ex Yugoslavia, referentes a la destrucci\u00f3n intencional del patrimonio cultural;<br\/><strong>Reafirmando<\/strong> que las cuestiones que no queden plenamente contempladas en la presente Declaraci\u00f3n o en otros instrumentos internacionales relativos al patrimonio cultural seguir\u00e1n estando sujetas a los principios del derecho internacional, los principios de humanidad y los dictados de la conciencia p\u00fablica,<br\/><\/p>\n\n<p class=\"has-black-color has-text-color\"><strong>Aprueba y proclama solemnemente la presente Declaraci\u00f3n:<br\/><\/strong><\/p>\n\n<p class=\"has-luminous-vivid-orange-color has-text-color\"><br\/><strong>I &#8211; Reconocimiento de la importancia del patrimonio cultural<\/strong><\/p>\n\n<p>La comunidad internacional reconoce la importancia de la protecci\u00f3n del patrimonio cultural y reafirma su voluntad de combatir cualquier forma de destrucci\u00f3n intencional de dicho patrimonio, para que \u00e9ste pueda ser transmitido a las generaciones venideras.<\/p>\n\n<p class=\"has-luminous-vivid-orange-color has-text-color\"><strong>II &#8211; \u00c1mbito de aplicaci\u00f3n<\/strong><\/p>\n\n<p><strong>1. <\/strong>La presente Declaraci\u00f3n se refiere a la destrucci\u00f3n intencional del patrimonio cultural, comprendido el patrimonio cultural vinculado a un sitio del patrimonio natural.<br\/><strong>2.<\/strong> A los efectos de la presente Declaraci\u00f3n, se entiende por \u201cdestrucci\u00f3n intencional\u201d cualquier acto que persiga la destrucci\u00f3n total o parcial del patrimonio cultural y ponga as\u00ed en peligro su integridad, realizado de tal modo que viole el derecho internacional o atente de manera injustificable contra los principios de humanidad y los dictados de la conciencia p\u00fablica, en este \u00faltimo caso, en la medida en que dichos actos no est\u00e9n ya regidos por los principios fundamentales del derecho internacional.<\/p>\n\n<p class=\"has-luminous-vivid-orange-color has-text-color\"><strong>III &#8211; Medidas para luchar contra la destrucci\u00f3n intencional del patrimonio cultural<\/strong><\/p>\n\n<p><strong>1. <\/strong>Los Estados deber\u00edan adoptar todas las medidas necesarias para prevenir, evitar, hacer cesar y reprimir los actos de destrucci\u00f3n intencional del patrimonio cultural, dondequiera que \u00e9ste se encuentre.<br\/><strong>2.<\/strong> Los Estados, en la medida en que lo permitan sus recursos econ\u00f3micos, deber\u00edan adoptar las medidas legislativas, administrativas, educativas y t\u00e9cnicas necesarias para proteger el patrimonio cultural y revisarlas peri\u00f3dicamente con el fin de adaptarlas a la evoluci\u00f3n de las normas de referencia nacionales e internacionales en materia de protecci\u00f3n del patrimonio cultural.<br\/><strong>3.<\/strong> Los Estados deber\u00edan esforzarse, recurriendo a todos los medios apropiados, por garantizar el respeto del patrimonio cultural en la sociedad, en particular mediante programas educativos, de sensibilizaci\u00f3n y de informaci\u00f3n.<br\/><strong>4.<\/strong> Los Estados deber\u00edan:<\/p>\n\n<ul class=\"wp-block-list\">\n<li>Adherirse, si todav\u00eda no lo han hecho, a la Convenci\u00f3n para la Protecci\u00f3n de los Bienes Culturales en caso de Conflicto Armado (La Haya, 1954), sus dos protocolos de 1954 y 1999 y los protocolos adicionales I y II a los cuatro Convenios de Ginebra de 1949;<\/li>\n\n\n\n<li>Promover la elaboraci\u00f3n y la promulgaci\u00f3n de instrumentos jur\u00eddicos que establezcan un nivel superior de protecci\u00f3n del patrimonio cultural; y<\/li>\n\n\n\n<li>Promover una aplicaci\u00f3n coordinada de los instrumentos actuales y futuros que guarden relaci\u00f3n con la protecci\u00f3n del patrimonio cultural.<\/li>\n<\/ul>\n\n<p><\/p>\n\n<p class=\"has-luminous-vivid-orange-color has-text-color\"><strong>IV &#8211; Protecci\u00f3n del patrimonio cultural en las actividades realizadas en tiempos de paz<\/strong><\/p>\n\n<p>Al llevar a cabo actividades en tiempos de paz, los Estados deber\u00edan adoptar todas las medidas oportunas para hacerlo de manera que quede protegido el patrimonio cultural y, en particular, de manera acorde con los principios y objetivos enunciados en la Convenci\u00f3n para la Protecci\u00f3n del Patrimonio Mundial, Cultural y Natural de 1972, la Recomendaci\u00f3n que define los principios internacionales que deber\u00e1n aplicarse a las excavaciones arqueol\u00f3gicas de 1956, la Recomendaci\u00f3n sobre la conservaci\u00f3n de los bienes culturales que la ejecuci\u00f3n de obras p\u00fablicas o privadas pueda poner en peligro de 1968, la Recomendaci\u00f3n para la protecci\u00f3n, en el \u00e1mbito nacional, del patrimonio cultural y natural de 1972 y la Recomendaci\u00f3n relativa a la salvaguardia de los conjuntos hist\u00f3ricos y su funci\u00f3n en la vida contempor\u00e1nea de 1976.<\/p>\n\n<p class=\"has-luminous-vivid-orange-color has-text-color\"><strong>V &#8211; Protecci\u00f3n del patrimonio cultural en caso de conflicto armado, comprendido el caso de ocupaci\u00f3n<\/strong><\/p>\n\n<p>De estar implicados en un conflicto armado, sea \u00e9ste o no de car\u00e1cter internacional, comprendido el caso de ocupaci\u00f3n, los Estados deber\u00edan tomar todas las medidas oportunas para llevar a cabo sus actividades de manera que quede protegido el patrimonio cultural, de forma acorde con el derecho internacional consuetudinario y los principios y objetivos enunciados en los acuerdos internacionales y las recomendaciones de la UNESCO referentes a la protecci\u00f3n de dicho patrimonio durante las hostilidades.<\/p>\n\n<p class=\"has-luminous-vivid-orange-color has-text-color\"><strong>VI &#8211; Responsabilidad del Estado<\/strong><\/p>\n\n<p>El Estado que, intencionadamente, destruya patrimonio cultural de gran importancia para la humanidad o se abstenga de adoptar las medidas oportunas para prohibir, prevenir, hacer cesar y castigar cualquier acto de destrucci\u00f3n intencional de dicho patrimonio, independientemente de que \u00e9ste figure o no en una lista mantenida por la UNESCO u otra organizaci\u00f3n internacional, asumir\u00e1 la responsabilidad de esos actos, en la medida en que lo disponga el derecho internacional.<\/p>\n\n<p class=\"has-luminous-vivid-orange-color has-text-color\"><strong>VII &#8211; Responsabilidad penal individual<\/strong><\/p>\n\n<p>Los Estados deber\u00edan adoptar todas las medidas apropiadas, de conformidad con el derecho internacional, para declararse jur\u00eddicamente competentes y prever penas efectivas que sancionen a quienes cometan u ordenen actos de destrucci\u00f3n intencional de patrimonio cultural de gran importancia para la humanidad, est\u00e9 o no incluido en una lista mantenida por la UNESCO u otra organizaci\u00f3n internacional.<\/p>\n\n<p class=\"has-luminous-vivid-orange-color has-text-color\"><strong>VIII &#8211; Cooperaci\u00f3n para la protecci\u00f3n del patrimonio cultural<\/strong><\/p>\n\n<p><strong>1. <\/strong>Los Estados deber\u00edan cooperar entre s\u00ed y con la UNESCO para proteger el patrimonio cultural de cualquier acto de destrucci\u00f3n intencional. Tal cooperaci\u00f3n entra\u00f1a como m\u00ednimo:<\/p>\n\n<ul class=\"wp-block-list\">\n<li>Facilitar e intercambiar informaci\u00f3n sobre circunstancias que traigan aparejado un riesgo de destrucci\u00f3n intencional del patrimonio cultural;<\/li>\n\n\n\n<li>Efectuar consultas en caso de destrucci\u00f3n efectiva o inminente del patrimonio cultural;<\/li>\n\n\n\n<li>Considerar la posibilidad de prestar asistencia a los Estados, previa petici\u00f3n de los mismos, en las labores de promoci\u00f3n de programas educativos, sensibilizaci\u00f3n y creaci\u00f3n de capacidad para prevenir y reprimir cualquier acto de destrucci\u00f3n intencional del patrimonio cultural;<\/li>\n\n\n\n<li>A petici\u00f3n de los Estados interesados, prestar asistencia judicial y administrativa para reprimir los actos de destrucci\u00f3n intencional del patrimonio cultural.<\/li>\n<\/ul>\n\n<p><strong>2.  <\/strong>Con miras a una protecci\u00f3n m\u00e1s completa, se alienta a los Estados a que adopten todas las medidas pertinentes, de conformidad con el derecho internacional, para cooperar con otros Estados interesados a fin de declararse jur\u00eddicamente competentes y prever penas efectivas que sancionen a las personas que hayan cometido u ordenado los actos mencionados m\u00e1s arriba (VII &#8211; Responsabilidad penal individual) y que se encuentren en su territorio, con independencia de la nacionalidad de esas personas y del lugar en que se hayan perpetrado dichos actos.<\/p>\n\n<p class=\"has-luminous-vivid-orange-color has-text-color\"><strong>IX &#8211; Derechos humanos y derecho internacional humanitario<\/strong><\/p>\n\n<p>Al aplicar la presente declaraci\u00f3n, los Estados reconocen la necesidad de respetar las normas internacionales en las que se tipifican como delito las violaciones manifiestas de los derechos humanos y del derecho internacional humanitario, en particular si dichas violaciones guardan relaci\u00f3n con la destrucci\u00f3n intencional del patrimonio cultural.<\/p>\n\n<p class=\"has-luminous-vivid-orange-color has-text-color\"><strong>X &#8211; Sensibilizaci\u00f3n del p\u00fablico<\/strong><\/p>\n\n<p>Los Estados deber\u00edan adoptar todas las medidas apropiadas para dar la m\u00e1s amplia difusi\u00f3n posible a la presente Declaraci\u00f3n entre el p\u00fablico en general y determinados grupos destinatarios, entre otras cosas, organizando campa\u00f1as de sensibilizaci\u00f3n.<\/p>\n\n<p><\/p>\n\n<ul class=\"wp-block-list\">\n<li><a href=\"http:\/\/www.un.org\/spanish\/News\/story.asp?newsID=36614#.WIOSr_nhA2w\" target=\"_blank\" rel=\"noreferrer noopener\">http:\/\/www.un.org\/spanish\/News\/story.asp?newsID=36614#.WIOSr_nhA2w<\/a><\/li>\n\n\n\n<li><a href=\"http:\/\/www.ara.cat\/cultura\/LEstat-Islamic-dinamita-teatre-Palmira_0_1727827397.html\" target=\"_blank\" rel=\"noreferrer noopener\">http:\/\/www.ara.cat\/cultura\/LEstat-Islamic-dinamita-teatre-Palmira_0_1727827397.html<\/a><\/li>\n\n\n\n<li><a href=\"http:\/\/www.un.org\/spanish\/News\/story.asp?newsID=36614#.WIOSr_nhA2w\" target=\"_blank\" rel=\"noreferrer noopener\">http:\/\/www.un.org\/spanish\/News\/story.asp?newsID=36614#.WIOSr_nhA2w<\/a><\/li>\n\n\n\n<li><a href=\"http:\/\/www.lavanguardia.com\/internacional\/20170120\/413523838334\/estado-islamico-palmira.html\" target=\"_blank\" rel=\"noreferrer noopener\">http:\/\/www.lavanguardia.com\/internacional\/20170120\/413523838334\/estado-islamico-palmira.html<\/a><\/li>\n\n\n\n<li><a href=\"http:\/\/www.nationalgeographic.com.es\/historia\/actualidad\/estado-islamico-destruye-tetrapilo-fachada-del-teatro-romano-palmira_11059\" target=\"_blank\" rel=\"noreferrer noopener\">http:\/\/www.nationalgeographic.com.es\/historia\/actualidad\/estado-islamico-destruye-tetrapilo-fachada-del-teatro-romano-palmira_11059<\/a><\/li>\n<\/ul>\n","protected":false},"excerpt":{"rendered":"<p>Ver todo el art\u00edculo del diario El Pa\u00eds, 20 de enero del 2017 Declaraci\u00f3n de la UNESCO relativa a la destrucci\u00f3n intencional del patrimonio cultural(Resoluci\u00f3n aprobada, previo informe de la Comisi\u00f3n IV, en la 21\u00aa sesi\u00f3n plenaria, el 17 de octubre de 2003)Ir a la Resoluci\u00f3n de la UNESCO en ingl\u00e9s La Conferencia General de [&hellip;]<\/p>\n","protected":false},"author":2,"featured_media":4184,"comment_status":"closed","ping_status":"open","sticky":false,"template":"","format":"standard","meta":{"_acf_changed":false,"footnotes":""},"categories":[39],"tags":[],"class_list":["post-4616","post","type-post","status-publish","format-standard","has-post-thumbnail","hentry","category-reunion-tecnica"],"acf":[],"yoast_head":"<!-- This site is optimized with the Yoast SEO plugin v27.5 - https:\/\/yoast.com\/product\/yoast-seo-wordpress\/ -->\n<title>Desolaci\u00f3n por una nueva destrucci\u00f3n intencionada de las ruinas romanas de Palmira, en Siria - CRAC<\/title>\n<meta name=\"robots\" content=\"index, follow, max-snippet:-1, max-image-preview:large, max-video-preview:-1\" \/>\n<link rel=\"canonical\" href=\"https:\/\/cracpatrimoni.com\/es\/desolacion-por-una-nueva-destruccion-intencionada-de-las-ruinas-romanas-de-palmira-en-siria\/\" \/>\n<meta property=\"og:locale\" content=\"es_ES\" \/>\n<meta property=\"og:type\" content=\"article\" \/>\n<meta property=\"og:title\" content=\"Desolaci\u00f3n por una nueva destrucci\u00f3n intencionada de las ruinas romanas de Palmira, en Siria - CRAC\" \/>\n<meta property=\"og:description\" content=\"Ver todo el art\u00edculo del diario El Pa\u00eds, 20 de enero del 2017 Declaraci\u00f3n de la UNESCO relativa a la destrucci\u00f3n intencional del patrimonio cultural(Resoluci\u00f3n aprobada, previo informe de la Comisi\u00f3n IV, en la 21\u00aa sesi\u00f3n plenaria, el 17 de octubre de 2003)Ir a la Resoluci\u00f3n de la UNESCO en ingl\u00e9s La Conferencia General de [&hellip;]\" \/>\n<meta property=\"og:url\" content=\"https:\/\/cracpatrimoni.com\/es\/desolacion-por-una-nueva-destruccion-intencionada-de-las-ruinas-romanas-de-palmira-en-siria\/\" \/>\n<meta property=\"og:site_name\" content=\"CRAC\" \/>\n<meta property=\"article:published_time\" content=\"2017-01-22T20:48:29+00:00\" \/>\n<meta property=\"article:modified_time\" content=\"2023-01-09T14:10:37+00:00\" \/>\n<meta property=\"og:image\" content=\"https:\/\/cracpatrimoni.com\/wp-content\/uploads\/2017\/01\/miniatura-news-palmira.jpg\" \/>\n\t<meta property=\"og:image:width\" content=\"1000\" \/>\n\t<meta property=\"og:image:height\" content=\"1000\" \/>\n\t<meta property=\"og:image:type\" content=\"image\/jpeg\" \/>\n<meta name=\"author\" content=\"Ingrid Ferrer Homs\" \/>\n<meta name=\"twitter:card\" content=\"summary_large_image\" \/>\n<meta name=\"twitter:label1\" content=\"Escrito por\" \/>\n\t<meta name=\"twitter:data1\" content=\"Ingrid Ferrer Homs\" \/>\n\t<meta name=\"twitter:label2\" content=\"Tiempo de lectura\" \/>\n\t<meta name=\"twitter:data2\" content=\"8 minutos\" \/>\n<script type=\"application\/ld+json\" class=\"yoast-schema-graph\">{\"@context\":\"https:\\\/\\\/schema.org\",\"@graph\":[{\"@type\":\"Article\",\"@id\":\"https:\\\/\\\/cracpatrimoni.com\\\/es\\\/desolacion-por-una-nueva-destruccion-intencionada-de-las-ruinas-romanas-de-palmira-en-siria\\\/#article\",\"isPartOf\":{\"@id\":\"https:\\\/\\\/cracpatrimoni.com\\\/es\\\/desolacion-por-una-nueva-destruccion-intencionada-de-las-ruinas-romanas-de-palmira-en-siria\\\/\"},\"author\":{\"name\":\"Ingrid Ferrer Homs\",\"@id\":\"https:\\\/\\\/cracpatrimoni.com\\\/es\\\/#\\\/schema\\\/person\\\/be5a2af72e5ad4df9b5b33a09cc0ef9d\"},\"headline\":\"Desolaci\u00f3n por una nueva destrucci\u00f3n intencionada de las ruinas romanas de Palmira, en Siria\",\"datePublished\":\"2017-01-22T20:48:29+00:00\",\"dateModified\":\"2023-01-09T14:10:37+00:00\",\"mainEntityOfPage\":{\"@id\":\"https:\\\/\\\/cracpatrimoni.com\\\/es\\\/desolacion-por-una-nueva-destruccion-intencionada-de-las-ruinas-romanas-de-palmira-en-siria\\\/\"},\"wordCount\":1708,\"publisher\":{\"@id\":\"https:\\\/\\\/cracpatrimoni.com\\\/es\\\/#organization\"},\"image\":{\"@id\":\"https:\\\/\\\/cracpatrimoni.com\\\/es\\\/desolacion-por-una-nueva-destruccion-intencionada-de-las-ruinas-romanas-de-palmira-en-siria\\\/#primaryimage\"},\"thumbnailUrl\":\"https:\\\/\\\/cracpatrimoni.com\\\/wp-content\\\/uploads\\\/2017\\\/01\\\/miniatura-news-palmira.jpg\",\"articleSection\":[\"Reuni\u00f3n t\u00e9cnica\"],\"inLanguage\":\"es\"},{\"@type\":\"WebPage\",\"@id\":\"https:\\\/\\\/cracpatrimoni.com\\\/es\\\/desolacion-por-una-nueva-destruccion-intencionada-de-las-ruinas-romanas-de-palmira-en-siria\\\/\",\"url\":\"https:\\\/\\\/cracpatrimoni.com\\\/es\\\/desolacion-por-una-nueva-destruccion-intencionada-de-las-ruinas-romanas-de-palmira-en-siria\\\/\",\"name\":\"Desolaci\u00f3n por una nueva destrucci\u00f3n intencionada de las ruinas romanas de Palmira, en Siria - CRAC\",\"isPartOf\":{\"@id\":\"https:\\\/\\\/cracpatrimoni.com\\\/es\\\/#website\"},\"primaryImageOfPage\":{\"@id\":\"https:\\\/\\\/cracpatrimoni.com\\\/es\\\/desolacion-por-una-nueva-destruccion-intencionada-de-las-ruinas-romanas-de-palmira-en-siria\\\/#primaryimage\"},\"image\":{\"@id\":\"https:\\\/\\\/cracpatrimoni.com\\\/es\\\/desolacion-por-una-nueva-destruccion-intencionada-de-las-ruinas-romanas-de-palmira-en-siria\\\/#primaryimage\"},\"thumbnailUrl\":\"https:\\\/\\\/cracpatrimoni.com\\\/wp-content\\\/uploads\\\/2017\\\/01\\\/miniatura-news-palmira.jpg\",\"datePublished\":\"2017-01-22T20:48:29+00:00\",\"dateModified\":\"2023-01-09T14:10:37+00:00\",\"breadcrumb\":{\"@id\":\"https:\\\/\\\/cracpatrimoni.com\\\/es\\\/desolacion-por-una-nueva-destruccion-intencionada-de-las-ruinas-romanas-de-palmira-en-siria\\\/#breadcrumb\"},\"inLanguage\":\"es\",\"potentialAction\":[{\"@type\":\"ReadAction\",\"target\":[\"https:\\\/\\\/cracpatrimoni.com\\\/es\\\/desolacion-por-una-nueva-destruccion-intencionada-de-las-ruinas-romanas-de-palmira-en-siria\\\/\"]}]},{\"@type\":\"ImageObject\",\"inLanguage\":\"es\",\"@id\":\"https:\\\/\\\/cracpatrimoni.com\\\/es\\\/desolacion-por-una-nueva-destruccion-intencionada-de-las-ruinas-romanas-de-palmira-en-siria\\\/#primaryimage\",\"url\":\"https:\\\/\\\/cracpatrimoni.com\\\/wp-content\\\/uploads\\\/2017\\\/01\\\/miniatura-news-palmira.jpg\",\"contentUrl\":\"https:\\\/\\\/cracpatrimoni.com\\\/wp-content\\\/uploads\\\/2017\\\/01\\\/miniatura-news-palmira.jpg\",\"width\":1000,\"height\":1000,\"caption\":\"Desolaci\u00f3 al m\u00f3n del patrimoni cultural per una nova destrucci\u00f3 intencionada de les ru\u00efnes romanes de Palmira, a S\u00edria\"},{\"@type\":\"BreadcrumbList\",\"@id\":\"https:\\\/\\\/cracpatrimoni.com\\\/es\\\/desolacion-por-una-nueva-destruccion-intencionada-de-las-ruinas-romanas-de-palmira-en-siria\\\/#breadcrumb\",\"itemListElement\":[{\"@type\":\"ListItem\",\"position\":1,\"name\":\"Portada\",\"item\":\"https:\\\/\\\/cracpatrimoni.com\\\/es\\\/\"},{\"@type\":\"ListItem\",\"position\":2,\"name\":\"Desolaci\u00f3n por una nueva destrucci\u00f3n intencionada de las ruinas romanas de Palmira, en Siria\"}]},{\"@type\":\"WebSite\",\"@id\":\"https:\\\/\\\/cracpatrimoni.com\\\/es\\\/#website\",\"url\":\"https:\\\/\\\/cracpatrimoni.com\\\/es\\\/\",\"name\":\"CRAC\",\"description\":\"Conservadors restauradors associats de Catalunya\",\"publisher\":{\"@id\":\"https:\\\/\\\/cracpatrimoni.com\\\/es\\\/#organization\"},\"potentialAction\":[{\"@type\":\"SearchAction\",\"target\":{\"@type\":\"EntryPoint\",\"urlTemplate\":\"https:\\\/\\\/cracpatrimoni.com\\\/es\\\/?s={search_term_string}\"},\"query-input\":{\"@type\":\"PropertyValueSpecification\",\"valueRequired\":true,\"valueName\":\"search_term_string\"}}],\"inLanguage\":\"es\"},{\"@type\":\"Organization\",\"@id\":\"https:\\\/\\\/cracpatrimoni.com\\\/es\\\/#organization\",\"name\":\"CRAC\",\"url\":\"https:\\\/\\\/cracpatrimoni.com\\\/es\\\/\",\"logo\":{\"@type\":\"ImageObject\",\"inLanguage\":\"es\",\"@id\":\"https:\\\/\\\/cracpatrimoni.com\\\/es\\\/#\\\/schema\\\/logo\\\/image\\\/\",\"url\":\"https:\\\/\\\/cracpatrimoni.com\\\/wp-content\\\/uploads\\\/2022\\\/11\\\/logocrac-1-1.png\",\"contentUrl\":\"https:\\\/\\\/cracpatrimoni.com\\\/wp-content\\\/uploads\\\/2022\\\/11\\\/logocrac-1-1.png\",\"width\":384,\"height\":152,\"caption\":\"CRAC\"},\"image\":{\"@id\":\"https:\\\/\\\/cracpatrimoni.com\\\/es\\\/#\\\/schema\\\/logo\\\/image\\\/\"}},{\"@type\":\"Person\",\"@id\":\"https:\\\/\\\/cracpatrimoni.com\\\/es\\\/#\\\/schema\\\/person\\\/be5a2af72e5ad4df9b5b33a09cc0ef9d\",\"name\":\"Ingrid Ferrer Homs\",\"image\":{\"@type\":\"ImageObject\",\"inLanguage\":\"es\",\"@id\":\"https:\\\/\\\/secure.gravatar.com\\\/avatar\\\/93e98562c9a14b3ca456ad9f1aad2bddb77211fafffaeca30b5f801ccbf2ea3d?s=96&d=mm&r=g\",\"url\":\"https:\\\/\\\/secure.gravatar.com\\\/avatar\\\/93e98562c9a14b3ca456ad9f1aad2bddb77211fafffaeca30b5f801ccbf2ea3d?s=96&d=mm&r=g\",\"contentUrl\":\"https:\\\/\\\/secure.gravatar.com\\\/avatar\\\/93e98562c9a14b3ca456ad9f1aad2bddb77211fafffaeca30b5f801ccbf2ea3d?s=96&d=mm&r=g\",\"caption\":\"Ingrid Ferrer Homs\"},\"url\":\"https:\\\/\\\/cracpatrimoni.com\\\/es\\\/author\\\/ingrid\\\/\"}]}<\/script>\n<!-- \/ Yoast SEO plugin. -->","yoast_head_json":{"title":"Desolaci\u00f3n por una nueva destrucci\u00f3n intencionada de las ruinas romanas de Palmira, en Siria - CRAC","robots":{"index":"index","follow":"follow","max-snippet":"max-snippet:-1","max-image-preview":"max-image-preview:large","max-video-preview":"max-video-preview:-1"},"canonical":"https:\/\/cracpatrimoni.com\/es\/desolacion-por-una-nueva-destruccion-intencionada-de-las-ruinas-romanas-de-palmira-en-siria\/","og_locale":"es_ES","og_type":"article","og_title":"Desolaci\u00f3n por una nueva destrucci\u00f3n intencionada de las ruinas romanas de Palmira, en Siria - CRAC","og_description":"Ver todo el art\u00edculo del diario El Pa\u00eds, 20 de enero del 2017 Declaraci\u00f3n de la UNESCO relativa a la destrucci\u00f3n intencional del patrimonio cultural(Resoluci\u00f3n aprobada, previo informe de la Comisi\u00f3n IV, en la 21\u00aa sesi\u00f3n plenaria, el 17 de octubre de 2003)Ir a la Resoluci\u00f3n de la UNESCO en ingl\u00e9s La Conferencia General de [&hellip;]","og_url":"https:\/\/cracpatrimoni.com\/es\/desolacion-por-una-nueva-destruccion-intencionada-de-las-ruinas-romanas-de-palmira-en-siria\/","og_site_name":"CRAC","article_published_time":"2017-01-22T20:48:29+00:00","article_modified_time":"2023-01-09T14:10:37+00:00","og_image":[{"width":1000,"height":1000,"url":"https:\/\/cracpatrimoni.com\/wp-content\/uploads\/2017\/01\/miniatura-news-palmira.jpg","type":"image\/jpeg"}],"author":"Ingrid Ferrer Homs","twitter_card":"summary_large_image","twitter_misc":{"Escrito por":"Ingrid Ferrer Homs","Tiempo de lectura":"8 minutos"},"schema":{"@context":"https:\/\/schema.org","@graph":[{"@type":"Article","@id":"https:\/\/cracpatrimoni.com\/es\/desolacion-por-una-nueva-destruccion-intencionada-de-las-ruinas-romanas-de-palmira-en-siria\/#article","isPartOf":{"@id":"https:\/\/cracpatrimoni.com\/es\/desolacion-por-una-nueva-destruccion-intencionada-de-las-ruinas-romanas-de-palmira-en-siria\/"},"author":{"name":"Ingrid Ferrer Homs","@id":"https:\/\/cracpatrimoni.com\/es\/#\/schema\/person\/be5a2af72e5ad4df9b5b33a09cc0ef9d"},"headline":"Desolaci\u00f3n por una nueva destrucci\u00f3n intencionada de las ruinas romanas de Palmira, en Siria","datePublished":"2017-01-22T20:48:29+00:00","dateModified":"2023-01-09T14:10:37+00:00","mainEntityOfPage":{"@id":"https:\/\/cracpatrimoni.com\/es\/desolacion-por-una-nueva-destruccion-intencionada-de-las-ruinas-romanas-de-palmira-en-siria\/"},"wordCount":1708,"publisher":{"@id":"https:\/\/cracpatrimoni.com\/es\/#organization"},"image":{"@id":"https:\/\/cracpatrimoni.com\/es\/desolacion-por-una-nueva-destruccion-intencionada-de-las-ruinas-romanas-de-palmira-en-siria\/#primaryimage"},"thumbnailUrl":"https:\/\/cracpatrimoni.com\/wp-content\/uploads\/2017\/01\/miniatura-news-palmira.jpg","articleSection":["Reuni\u00f3n t\u00e9cnica"],"inLanguage":"es"},{"@type":"WebPage","@id":"https:\/\/cracpatrimoni.com\/es\/desolacion-por-una-nueva-destruccion-intencionada-de-las-ruinas-romanas-de-palmira-en-siria\/","url":"https:\/\/cracpatrimoni.com\/es\/desolacion-por-una-nueva-destruccion-intencionada-de-las-ruinas-romanas-de-palmira-en-siria\/","name":"Desolaci\u00f3n por una nueva destrucci\u00f3n intencionada de las ruinas romanas de Palmira, en Siria - CRAC","isPartOf":{"@id":"https:\/\/cracpatrimoni.com\/es\/#website"},"primaryImageOfPage":{"@id":"https:\/\/cracpatrimoni.com\/es\/desolacion-por-una-nueva-destruccion-intencionada-de-las-ruinas-romanas-de-palmira-en-siria\/#primaryimage"},"image":{"@id":"https:\/\/cracpatrimoni.com\/es\/desolacion-por-una-nueva-destruccion-intencionada-de-las-ruinas-romanas-de-palmira-en-siria\/#primaryimage"},"thumbnailUrl":"https:\/\/cracpatrimoni.com\/wp-content\/uploads\/2017\/01\/miniatura-news-palmira.jpg","datePublished":"2017-01-22T20:48:29+00:00","dateModified":"2023-01-09T14:10:37+00:00","breadcrumb":{"@id":"https:\/\/cracpatrimoni.com\/es\/desolacion-por-una-nueva-destruccion-intencionada-de-las-ruinas-romanas-de-palmira-en-siria\/#breadcrumb"},"inLanguage":"es","potentialAction":[{"@type":"ReadAction","target":["https:\/\/cracpatrimoni.com\/es\/desolacion-por-una-nueva-destruccion-intencionada-de-las-ruinas-romanas-de-palmira-en-siria\/"]}]},{"@type":"ImageObject","inLanguage":"es","@id":"https:\/\/cracpatrimoni.com\/es\/desolacion-por-una-nueva-destruccion-intencionada-de-las-ruinas-romanas-de-palmira-en-siria\/#primaryimage","url":"https:\/\/cracpatrimoni.com\/wp-content\/uploads\/2017\/01\/miniatura-news-palmira.jpg","contentUrl":"https:\/\/cracpatrimoni.com\/wp-content\/uploads\/2017\/01\/miniatura-news-palmira.jpg","width":1000,"height":1000,"caption":"Desolaci\u00f3 al m\u00f3n del patrimoni cultural per una nova destrucci\u00f3 intencionada de les ru\u00efnes romanes de Palmira, a S\u00edria"},{"@type":"BreadcrumbList","@id":"https:\/\/cracpatrimoni.com\/es\/desolacion-por-una-nueva-destruccion-intencionada-de-las-ruinas-romanas-de-palmira-en-siria\/#breadcrumb","itemListElement":[{"@type":"ListItem","position":1,"name":"Portada","item":"https:\/\/cracpatrimoni.com\/es\/"},{"@type":"ListItem","position":2,"name":"Desolaci\u00f3n por una nueva destrucci\u00f3n intencionada de las ruinas romanas de Palmira, en Siria"}]},{"@type":"WebSite","@id":"https:\/\/cracpatrimoni.com\/es\/#website","url":"https:\/\/cracpatrimoni.com\/es\/","name":"CRAC","description":"Conservadors restauradors associats de Catalunya","publisher":{"@id":"https:\/\/cracpatrimoni.com\/es\/#organization"},"potentialAction":[{"@type":"SearchAction","target":{"@type":"EntryPoint","urlTemplate":"https:\/\/cracpatrimoni.com\/es\/?s={search_term_string}"},"query-input":{"@type":"PropertyValueSpecification","valueRequired":true,"valueName":"search_term_string"}}],"inLanguage":"es"},{"@type":"Organization","@id":"https:\/\/cracpatrimoni.com\/es\/#organization","name":"CRAC","url":"https:\/\/cracpatrimoni.com\/es\/","logo":{"@type":"ImageObject","inLanguage":"es","@id":"https:\/\/cracpatrimoni.com\/es\/#\/schema\/logo\/image\/","url":"https:\/\/cracpatrimoni.com\/wp-content\/uploads\/2022\/11\/logocrac-1-1.png","contentUrl":"https:\/\/cracpatrimoni.com\/wp-content\/uploads\/2022\/11\/logocrac-1-1.png","width":384,"height":152,"caption":"CRAC"},"image":{"@id":"https:\/\/cracpatrimoni.com\/es\/#\/schema\/logo\/image\/"}},{"@type":"Person","@id":"https:\/\/cracpatrimoni.com\/es\/#\/schema\/person\/be5a2af72e5ad4df9b5b33a09cc0ef9d","name":"Ingrid Ferrer Homs","image":{"@type":"ImageObject","inLanguage":"es","@id":"https:\/\/secure.gravatar.com\/avatar\/93e98562c9a14b3ca456ad9f1aad2bddb77211fafffaeca30b5f801ccbf2ea3d?s=96&d=mm&r=g","url":"https:\/\/secure.gravatar.com\/avatar\/93e98562c9a14b3ca456ad9f1aad2bddb77211fafffaeca30b5f801ccbf2ea3d?s=96&d=mm&r=g","contentUrl":"https:\/\/secure.gravatar.com\/avatar\/93e98562c9a14b3ca456ad9f1aad2bddb77211fafffaeca30b5f801ccbf2ea3d?s=96&d=mm&r=g","caption":"Ingrid Ferrer Homs"},"url":"https:\/\/cracpatrimoni.com\/es\/author\/ingrid\/"}]}},"_links":{"self":[{"href":"https:\/\/cracpatrimoni.com\/es\/wp-json\/wp\/v2\/posts\/4616","targetHints":{"allow":["GET"]}}],"collection":[{"href":"https:\/\/cracpatrimoni.com\/es\/wp-json\/wp\/v2\/posts"}],"about":[{"href":"https:\/\/cracpatrimoni.com\/es\/wp-json\/wp\/v2\/types\/post"}],"author":[{"embeddable":true,"href":"https:\/\/cracpatrimoni.com\/es\/wp-json\/wp\/v2\/users\/2"}],"replies":[{"embeddable":true,"href":"https:\/\/cracpatrimoni.com\/es\/wp-json\/wp\/v2\/comments?post=4616"}],"version-history":[{"count":3,"href":"https:\/\/cracpatrimoni.com\/es\/wp-json\/wp\/v2\/posts\/4616\/revisions"}],"predecessor-version":[{"id":4819,"href":"https:\/\/cracpatrimoni.com\/es\/wp-json\/wp\/v2\/posts\/4616\/revisions\/4819"}],"wp:featuredmedia":[{"embeddable":true,"href":"https:\/\/cracpatrimoni.com\/es\/wp-json\/wp\/v2\/media\/4184"}],"wp:attachment":[{"href":"https:\/\/cracpatrimoni.com\/es\/wp-json\/wp\/v2\/media?parent=4616"}],"wp:term":[{"taxonomy":"category","embeddable":true,"href":"https:\/\/cracpatrimoni.com\/es\/wp-json\/wp\/v2\/categories?post=4616"},{"taxonomy":"post_tag","embeddable":true,"href":"https:\/\/cracpatrimoni.com\/es\/wp-json\/wp\/v2\/tags?post=4616"}],"curies":[{"name":"wp","href":"https:\/\/api.w.org\/{rel}","templated":true}]}}