{"id":4610,"date":"2016-06-08T22:29:07","date_gmt":"2016-06-08T22:29:07","guid":{"rendered":"http:\/\/cracpatrimoni.com\/crac-asiste-a-la-asamblea-de-ecco-en-berlin\/"},"modified":"2023-01-09T14:10:37","modified_gmt":"2023-01-09T14:10:37","slug":"crac-asiste-a-la-asamblea-de-ecco-en-berlin","status":"publish","type":"post","link":"https:\/\/cracpatrimoni.com\/es\/crac-asiste-a-la-asamblea-de-ecco-en-berlin\/","title":{"rendered":"CRAC asiste a la Asamblea de ECCO en Berl\u00edn"},"content":{"rendered":"\n<hr class=\"wp-block-separator has-text-color has-alpha-channel-opacity has-background is-style-dots\" style=\"background-color:#f4f5f0;color:#f4f5f0\"\/>\n\n<div class=\"wp-block-columns is-layout-flex wp-container-core-columns-is-layout-28f84493 wp-block-columns-is-layout-flex\">\n<div class=\"wp-block-column is-layout-flow wp-block-column-is-layout-flow\">\n<p>Los d\u00edas 5 y 6 de junio tuvo lugar en Berl\u00edn la Asamblea General y la Reuni\u00f3n de Presidentes que forman parte de <a href=\"https:\/\/www.ecco-eu.org\/\" target=\"_blank\" rel=\"noreferrer noopener\">E.C.C.O.<\/a> (European Confederation of Conservation Organisations). En esta ocasi\u00f3n se celebraba el <strong>25 aniversario<\/strong> de esta confederaci\u00f3n que vela por los intereses de los conservadores-restauradores a nivel europeo. CRAC estuvo representado por Gema Campo, vocal de la Junta.<\/p>\n\n\n\n<p>Durante las dos jornadas, se expusieron las acciones que E.C.C.O ha llevado a cabo durante el \u00faltimo a\u00f1o y se plantearon las l\u00edneas de acci\u00f3n para el futuro cercano focalizadas en mejorar el reconocimiento legal a trav\u00e9s de los organismos de la Uni\u00f3n Europea.<\/p>\n\n\n\n<hr class=\"wp-block-separator has-text-color has-alpha-channel-opacity has-background is-style-dots\" style=\"background-color:#f4f5f0;color:#f4f5f0\"\/>\n\n\n\n<div class=\"wp-block-buttons is-content-justification-center is-layout-flex wp-container-core-buttons-is-layout-a89b3969 wp-block-buttons-is-layout-flex\"><\/div>\n<\/div>\n<\/div>\n","protected":false},"excerpt":{"rendered":"<p>Los d\u00edas 5 y 6 de junio tuvo lugar en Berl\u00edn la Asamblea General y la Reuni\u00f3n de Presidentes que forman parte de E.C.C.O. (European Confederation of Conservation Organisations). En esta ocasi\u00f3n se celebraba el 25 aniversario de esta confederaci\u00f3n que vela por los intereses de los conservadores-restauradores a nivel europeo. CRAC estuvo representado por [&hellip;]<\/p>\n","protected":false},"author":2,"featured_media":4273,"comment_status":"closed","ping_status":"open","sticky":false,"template":"","format":"standard","meta":{"_acf_changed":false,"footnotes":""},"categories":[39],"tags":[],"class_list":["post-4610","post","type-post","status-publish","format-standard","has-post-thumbnail","hentry","category-reunion-tecnica"],"acf":[],"yoast_head":"<!-- This site is optimized with the Yoast SEO plugin v27.5 - https:\/\/yoast.com\/product\/yoast-seo-wordpress\/ -->\n<title>CRAC asiste a la Asamblea de ECCO en Berl\u00edn - CRAC<\/title>\n<meta name=\"description\" content=\"CRAC asiste a la Asamblea de ECCO en Berl\u00edn para velar por los intereses de los conservadores-restauradores a nivel europeo.\" \/>\n<meta name=\"robots\" content=\"index, follow, max-snippet:-1, max-image-preview:large, max-video-preview:-1\" \/>\n<link rel=\"canonical\" href=\"https:\/\/cracpatrimoni.com\/es\/crac-asiste-a-la-asamblea-de-ecco-en-berlin\/\" \/>\n<meta property=\"og:locale\" content=\"es_ES\" \/>\n<meta property=\"og:type\" content=\"article\" \/>\n<meta property=\"og:title\" content=\"CRAC asiste a la Asamblea de ECCO en Berl\u00edn - CRAC\" \/>\n<meta property=\"og:description\" content=\"CRAC asiste a la Asamblea de ECCO en Berl\u00edn para velar por los intereses de los conservadores-restauradores a nivel europeo.\" \/>\n<meta property=\"og:url\" content=\"https:\/\/cracpatrimoni.com\/es\/crac-asiste-a-la-asamblea-de-ecco-en-berlin\/\" \/>\n<meta property=\"og:site_name\" content=\"CRAC\" \/>\n<meta property=\"article:published_time\" content=\"2016-06-08T22:29:07+00:00\" \/>\n<meta property=\"article:modified_time\" content=\"2023-01-09T14:10:37+00:00\" \/>\n<meta property=\"og:image\" content=\"https:\/\/cracpatrimoni.com\/wp-content\/uploads\/2016\/06\/miniatura-news-ecco-berlin.jpg\" \/>\n\t<meta property=\"og:image:width\" content=\"1000\" \/>\n\t<meta property=\"og:image:height\" content=\"1000\" \/>\n\t<meta property=\"og:image:type\" content=\"image\/jpeg\" \/>\n<meta name=\"author\" content=\"Ingrid Ferrer Homs\" \/>\n<meta name=\"twitter:card\" content=\"summary_large_image\" \/>\n<meta name=\"twitter:label1\" content=\"Escrito por\" \/>\n\t<meta name=\"twitter:data1\" content=\"Ingrid Ferrer Homs\" \/>\n\t<meta name=\"twitter:label2\" content=\"Tiempo de lectura\" \/>\n\t<meta name=\"twitter:data2\" content=\"1 minuto\" \/>\n<script type=\"application\/ld+json\" class=\"yoast-schema-graph\">{\"@context\":\"https:\\\/\\\/schema.org\",\"@graph\":[{\"@type\":\"Article\",\"@id\":\"https:\\\/\\\/cracpatrimoni.com\\\/es\\\/crac-asiste-a-la-asamblea-de-ecco-en-berlin\\\/#article\",\"isPartOf\":{\"@id\":\"https:\\\/\\\/cracpatrimoni.com\\\/es\\\/crac-asiste-a-la-asamblea-de-ecco-en-berlin\\\/\"},\"author\":{\"name\":\"Ingrid Ferrer Homs\",\"@id\":\"https:\\\/\\\/cracpatrimoni.com\\\/es\\\/#\\\/schema\\\/person\\\/be5a2af72e5ad4df9b5b33a09cc0ef9d\"},\"headline\":\"CRAC asiste a la Asamblea de ECCO en Berl\u00edn\",\"datePublished\":\"2016-06-08T22:29:07+00:00\",\"dateModified\":\"2023-01-09T14:10:37+00:00\",\"mainEntityOfPage\":{\"@id\":\"https:\\\/\\\/cracpatrimoni.com\\\/es\\\/crac-asiste-a-la-asamblea-de-ecco-en-berlin\\\/\"},\"wordCount\":128,\"publisher\":{\"@id\":\"https:\\\/\\\/cracpatrimoni.com\\\/es\\\/#organization\"},\"image\":{\"@id\":\"https:\\\/\\\/cracpatrimoni.com\\\/es\\\/crac-asiste-a-la-asamblea-de-ecco-en-berlin\\\/#primaryimage\"},\"thumbnailUrl\":\"https:\\\/\\\/cracpatrimoni.com\\\/wp-content\\\/uploads\\\/2016\\\/06\\\/miniatura-news-ecco-berlin.jpg\",\"articleSection\":[\"Reuni\u00f3n t\u00e9cnica\"],\"inLanguage\":\"es\"},{\"@type\":\"WebPage\",\"@id\":\"https:\\\/\\\/cracpatrimoni.com\\\/es\\\/crac-asiste-a-la-asamblea-de-ecco-en-berlin\\\/\",\"url\":\"https:\\\/\\\/cracpatrimoni.com\\\/es\\\/crac-asiste-a-la-asamblea-de-ecco-en-berlin\\\/\",\"name\":\"CRAC asiste a la Asamblea de ECCO en Berl\u00edn - CRAC\",\"isPartOf\":{\"@id\":\"https:\\\/\\\/cracpatrimoni.com\\\/es\\\/#website\"},\"primaryImageOfPage\":{\"@id\":\"https:\\\/\\\/cracpatrimoni.com\\\/es\\\/crac-asiste-a-la-asamblea-de-ecco-en-berlin\\\/#primaryimage\"},\"image\":{\"@id\":\"https:\\\/\\\/cracpatrimoni.com\\\/es\\\/crac-asiste-a-la-asamblea-de-ecco-en-berlin\\\/#primaryimage\"},\"thumbnailUrl\":\"https:\\\/\\\/cracpatrimoni.com\\\/wp-content\\\/uploads\\\/2016\\\/06\\\/miniatura-news-ecco-berlin.jpg\",\"datePublished\":\"2016-06-08T22:29:07+00:00\",\"dateModified\":\"2023-01-09T14:10:37+00:00\",\"description\":\"CRAC asiste a la Asamblea de ECCO en Berl\u00edn para velar por los intereses de los conservadores-restauradores a nivel europeo.\",\"breadcrumb\":{\"@id\":\"https:\\\/\\\/cracpatrimoni.com\\\/es\\\/crac-asiste-a-la-asamblea-de-ecco-en-berlin\\\/#breadcrumb\"},\"inLanguage\":\"es\",\"potentialAction\":[{\"@type\":\"ReadAction\",\"target\":[\"https:\\\/\\\/cracpatrimoni.com\\\/es\\\/crac-asiste-a-la-asamblea-de-ecco-en-berlin\\\/\"]}]},{\"@type\":\"ImageObject\",\"inLanguage\":\"es\",\"@id\":\"https:\\\/\\\/cracpatrimoni.com\\\/es\\\/crac-asiste-a-la-asamblea-de-ecco-en-berlin\\\/#primaryimage\",\"url\":\"https:\\\/\\\/cracpatrimoni.com\\\/wp-content\\\/uploads\\\/2016\\\/06\\\/miniatura-news-ecco-berlin.jpg\",\"contentUrl\":\"https:\\\/\\\/cracpatrimoni.com\\\/wp-content\\\/uploads\\\/2016\\\/06\\\/miniatura-news-ecco-berlin.jpg\",\"width\":1000,\"height\":1000,\"caption\":\"CRAC assisteix a l'Assemblea d'ECCO a Berl\u00edn\"},{\"@type\":\"BreadcrumbList\",\"@id\":\"https:\\\/\\\/cracpatrimoni.com\\\/es\\\/crac-asiste-a-la-asamblea-de-ecco-en-berlin\\\/#breadcrumb\",\"itemListElement\":[{\"@type\":\"ListItem\",\"position\":1,\"name\":\"Portada\",\"item\":\"https:\\\/\\\/cracpatrimoni.com\\\/es\\\/\"},{\"@type\":\"ListItem\",\"position\":2,\"name\":\"CRAC asiste a la Asamblea de ECCO en Berl\u00edn\"}]},{\"@type\":\"WebSite\",\"@id\":\"https:\\\/\\\/cracpatrimoni.com\\\/es\\\/#website\",\"url\":\"https:\\\/\\\/cracpatrimoni.com\\\/es\\\/\",\"name\":\"CRAC\",\"description\":\"Conservadors restauradors associats de Catalunya\",\"publisher\":{\"@id\":\"https:\\\/\\\/cracpatrimoni.com\\\/es\\\/#organization\"},\"potentialAction\":[{\"@type\":\"SearchAction\",\"target\":{\"@type\":\"EntryPoint\",\"urlTemplate\":\"https:\\\/\\\/cracpatrimoni.com\\\/es\\\/?s={search_term_string}\"},\"query-input\":{\"@type\":\"PropertyValueSpecification\",\"valueRequired\":true,\"valueName\":\"search_term_string\"}}],\"inLanguage\":\"es\"},{\"@type\":\"Organization\",\"@id\":\"https:\\\/\\\/cracpatrimoni.com\\\/es\\\/#organization\",\"name\":\"CRAC\",\"url\":\"https:\\\/\\\/cracpatrimoni.com\\\/es\\\/\",\"logo\":{\"@type\":\"ImageObject\",\"inLanguage\":\"es\",\"@id\":\"https:\\\/\\\/cracpatrimoni.com\\\/es\\\/#\\\/schema\\\/logo\\\/image\\\/\",\"url\":\"https:\\\/\\\/cracpatrimoni.com\\\/wp-content\\\/uploads\\\/2022\\\/11\\\/logocrac-1-1.png\",\"contentUrl\":\"https:\\\/\\\/cracpatrimoni.com\\\/wp-content\\\/uploads\\\/2022\\\/11\\\/logocrac-1-1.png\",\"width\":384,\"height\":152,\"caption\":\"CRAC\"},\"image\":{\"@id\":\"https:\\\/\\\/cracpatrimoni.com\\\/es\\\/#\\\/schema\\\/logo\\\/image\\\/\"}},{\"@type\":\"Person\",\"@id\":\"https:\\\/\\\/cracpatrimoni.com\\\/es\\\/#\\\/schema\\\/person\\\/be5a2af72e5ad4df9b5b33a09cc0ef9d\",\"name\":\"Ingrid Ferrer Homs\",\"image\":{\"@type\":\"ImageObject\",\"inLanguage\":\"es\",\"@id\":\"https:\\\/\\\/secure.gravatar.com\\\/avatar\\\/93e98562c9a14b3ca456ad9f1aad2bddb77211fafffaeca30b5f801ccbf2ea3d?s=96&d=mm&r=g\",\"url\":\"https:\\\/\\\/secure.gravatar.com\\\/avatar\\\/93e98562c9a14b3ca456ad9f1aad2bddb77211fafffaeca30b5f801ccbf2ea3d?s=96&d=mm&r=g\",\"contentUrl\":\"https:\\\/\\\/secure.gravatar.com\\\/avatar\\\/93e98562c9a14b3ca456ad9f1aad2bddb77211fafffaeca30b5f801ccbf2ea3d?s=96&d=mm&r=g\",\"caption\":\"Ingrid Ferrer Homs\"},\"url\":\"https:\\\/\\\/cracpatrimoni.com\\\/es\\\/author\\\/ingrid\\\/\"}]}<\/script>\n<!-- \/ Yoast SEO plugin. -->","yoast_head_json":{"title":"CRAC asiste a la Asamblea de ECCO en Berl\u00edn - CRAC","description":"CRAC asiste a la Asamblea de ECCO en Berl\u00edn para velar por los intereses de los conservadores-restauradores a nivel europeo.","robots":{"index":"index","follow":"follow","max-snippet":"max-snippet:-1","max-image-preview":"max-image-preview:large","max-video-preview":"max-video-preview:-1"},"canonical":"https:\/\/cracpatrimoni.com\/es\/crac-asiste-a-la-asamblea-de-ecco-en-berlin\/","og_locale":"es_ES","og_type":"article","og_title":"CRAC asiste a la Asamblea de ECCO en Berl\u00edn - CRAC","og_description":"CRAC asiste a la Asamblea de ECCO en Berl\u00edn para velar por los intereses de los conservadores-restauradores a nivel europeo.","og_url":"https:\/\/cracpatrimoni.com\/es\/crac-asiste-a-la-asamblea-de-ecco-en-berlin\/","og_site_name":"CRAC","article_published_time":"2016-06-08T22:29:07+00:00","article_modified_time":"2023-01-09T14:10:37+00:00","og_image":[{"width":1000,"height":1000,"url":"https:\/\/cracpatrimoni.com\/wp-content\/uploads\/2016\/06\/miniatura-news-ecco-berlin.jpg","type":"image\/jpeg"}],"author":"Ingrid Ferrer Homs","twitter_card":"summary_large_image","twitter_misc":{"Escrito por":"Ingrid Ferrer Homs","Tiempo de lectura":"1 minuto"},"schema":{"@context":"https:\/\/schema.org","@graph":[{"@type":"Article","@id":"https:\/\/cracpatrimoni.com\/es\/crac-asiste-a-la-asamblea-de-ecco-en-berlin\/#article","isPartOf":{"@id":"https:\/\/cracpatrimoni.com\/es\/crac-asiste-a-la-asamblea-de-ecco-en-berlin\/"},"author":{"name":"Ingrid Ferrer Homs","@id":"https:\/\/cracpatrimoni.com\/es\/#\/schema\/person\/be5a2af72e5ad4df9b5b33a09cc0ef9d"},"headline":"CRAC asiste a la Asamblea de ECCO en Berl\u00edn","datePublished":"2016-06-08T22:29:07+00:00","dateModified":"2023-01-09T14:10:37+00:00","mainEntityOfPage":{"@id":"https:\/\/cracpatrimoni.com\/es\/crac-asiste-a-la-asamblea-de-ecco-en-berlin\/"},"wordCount":128,"publisher":{"@id":"https:\/\/cracpatrimoni.com\/es\/#organization"},"image":{"@id":"https:\/\/cracpatrimoni.com\/es\/crac-asiste-a-la-asamblea-de-ecco-en-berlin\/#primaryimage"},"thumbnailUrl":"https:\/\/cracpatrimoni.com\/wp-content\/uploads\/2016\/06\/miniatura-news-ecco-berlin.jpg","articleSection":["Reuni\u00f3n t\u00e9cnica"],"inLanguage":"es"},{"@type":"WebPage","@id":"https:\/\/cracpatrimoni.com\/es\/crac-asiste-a-la-asamblea-de-ecco-en-berlin\/","url":"https:\/\/cracpatrimoni.com\/es\/crac-asiste-a-la-asamblea-de-ecco-en-berlin\/","name":"CRAC asiste a la Asamblea de ECCO en Berl\u00edn - CRAC","isPartOf":{"@id":"https:\/\/cracpatrimoni.com\/es\/#website"},"primaryImageOfPage":{"@id":"https:\/\/cracpatrimoni.com\/es\/crac-asiste-a-la-asamblea-de-ecco-en-berlin\/#primaryimage"},"image":{"@id":"https:\/\/cracpatrimoni.com\/es\/crac-asiste-a-la-asamblea-de-ecco-en-berlin\/#primaryimage"},"thumbnailUrl":"https:\/\/cracpatrimoni.com\/wp-content\/uploads\/2016\/06\/miniatura-news-ecco-berlin.jpg","datePublished":"2016-06-08T22:29:07+00:00","dateModified":"2023-01-09T14:10:37+00:00","description":"CRAC asiste a la Asamblea de ECCO en Berl\u00edn para velar por los intereses de los conservadores-restauradores a nivel europeo.","breadcrumb":{"@id":"https:\/\/cracpatrimoni.com\/es\/crac-asiste-a-la-asamblea-de-ecco-en-berlin\/#breadcrumb"},"inLanguage":"es","potentialAction":[{"@type":"ReadAction","target":["https:\/\/cracpatrimoni.com\/es\/crac-asiste-a-la-asamblea-de-ecco-en-berlin\/"]}]},{"@type":"ImageObject","inLanguage":"es","@id":"https:\/\/cracpatrimoni.com\/es\/crac-asiste-a-la-asamblea-de-ecco-en-berlin\/#primaryimage","url":"https:\/\/cracpatrimoni.com\/wp-content\/uploads\/2016\/06\/miniatura-news-ecco-berlin.jpg","contentUrl":"https:\/\/cracpatrimoni.com\/wp-content\/uploads\/2016\/06\/miniatura-news-ecco-berlin.jpg","width":1000,"height":1000,"caption":"CRAC assisteix a l'Assemblea d'ECCO a Berl\u00edn"},{"@type":"BreadcrumbList","@id":"https:\/\/cracpatrimoni.com\/es\/crac-asiste-a-la-asamblea-de-ecco-en-berlin\/#breadcrumb","itemListElement":[{"@type":"ListItem","position":1,"name":"Portada","item":"https:\/\/cracpatrimoni.com\/es\/"},{"@type":"ListItem","position":2,"name":"CRAC asiste a la Asamblea de ECCO en Berl\u00edn"}]},{"@type":"WebSite","@id":"https:\/\/cracpatrimoni.com\/es\/#website","url":"https:\/\/cracpatrimoni.com\/es\/","name":"CRAC","description":"Conservadors restauradors associats de Catalunya","publisher":{"@id":"https:\/\/cracpatrimoni.com\/es\/#organization"},"potentialAction":[{"@type":"SearchAction","target":{"@type":"EntryPoint","urlTemplate":"https:\/\/cracpatrimoni.com\/es\/?s={search_term_string}"},"query-input":{"@type":"PropertyValueSpecification","valueRequired":true,"valueName":"search_term_string"}}],"inLanguage":"es"},{"@type":"Organization","@id":"https:\/\/cracpatrimoni.com\/es\/#organization","name":"CRAC","url":"https:\/\/cracpatrimoni.com\/es\/","logo":{"@type":"ImageObject","inLanguage":"es","@id":"https:\/\/cracpatrimoni.com\/es\/#\/schema\/logo\/image\/","url":"https:\/\/cracpatrimoni.com\/wp-content\/uploads\/2022\/11\/logocrac-1-1.png","contentUrl":"https:\/\/cracpatrimoni.com\/wp-content\/uploads\/2022\/11\/logocrac-1-1.png","width":384,"height":152,"caption":"CRAC"},"image":{"@id":"https:\/\/cracpatrimoni.com\/es\/#\/schema\/logo\/image\/"}},{"@type":"Person","@id":"https:\/\/cracpatrimoni.com\/es\/#\/schema\/person\/be5a2af72e5ad4df9b5b33a09cc0ef9d","name":"Ingrid Ferrer Homs","image":{"@type":"ImageObject","inLanguage":"es","@id":"https:\/\/secure.gravatar.com\/avatar\/93e98562c9a14b3ca456ad9f1aad2bddb77211fafffaeca30b5f801ccbf2ea3d?s=96&d=mm&r=g","url":"https:\/\/secure.gravatar.com\/avatar\/93e98562c9a14b3ca456ad9f1aad2bddb77211fafffaeca30b5f801ccbf2ea3d?s=96&d=mm&r=g","contentUrl":"https:\/\/secure.gravatar.com\/avatar\/93e98562c9a14b3ca456ad9f1aad2bddb77211fafffaeca30b5f801ccbf2ea3d?s=96&d=mm&r=g","caption":"Ingrid Ferrer Homs"},"url":"https:\/\/cracpatrimoni.com\/es\/author\/ingrid\/"}]}},"_links":{"self":[{"href":"https:\/\/cracpatrimoni.com\/es\/wp-json\/wp\/v2\/posts\/4610","targetHints":{"allow":["GET"]}}],"collection":[{"href":"https:\/\/cracpatrimoni.com\/es\/wp-json\/wp\/v2\/posts"}],"about":[{"href":"https:\/\/cracpatrimoni.com\/es\/wp-json\/wp\/v2\/types\/post"}],"author":[{"embeddable":true,"href":"https:\/\/cracpatrimoni.com\/es\/wp-json\/wp\/v2\/users\/2"}],"replies":[{"embeddable":true,"href":"https:\/\/cracpatrimoni.com\/es\/wp-json\/wp\/v2\/comments?post=4610"}],"version-history":[{"count":3,"href":"https:\/\/cracpatrimoni.com\/es\/wp-json\/wp\/v2\/posts\/4610\/revisions"}],"predecessor-version":[{"id":4806,"href":"https:\/\/cracpatrimoni.com\/es\/wp-json\/wp\/v2\/posts\/4610\/revisions\/4806"}],"wp:featuredmedia":[{"embeddable":true,"href":"https:\/\/cracpatrimoni.com\/es\/wp-json\/wp\/v2\/media\/4273"}],"wp:attachment":[{"href":"https:\/\/cracpatrimoni.com\/es\/wp-json\/wp\/v2\/media?parent=4610"}],"wp:term":[{"taxonomy":"category","embeddable":true,"href":"https:\/\/cracpatrimoni.com\/es\/wp-json\/wp\/v2\/categories?post=4610"},{"taxonomy":"post_tag","embeddable":true,"href":"https:\/\/cracpatrimoni.com\/es\/wp-json\/wp\/v2\/tags?post=4610"}],"curies":[{"name":"wp","href":"https:\/\/api.w.org\/{rel}","templated":true}]}}