{"id":4604,"date":"2018-05-12T22:14:58","date_gmt":"2018-05-12T22:14:58","guid":{"rendered":"http:\/\/cracpatrimoni.com\/resumen-de-la-visita-tecnica-en-mataro-en-torno-al-barroco-y-viladomat\/"},"modified":"2023-01-09T14:09:39","modified_gmt":"2023-01-09T14:09:39","slug":"resumen-de-la-visita-tecnica-en-mataro-en-torno-al-barroco-y-viladomat","status":"publish","type":"post","link":"https:\/\/cracpatrimoni.com\/es\/resumen-de-la-visita-tecnica-en-mataro-en-torno-al-barroco-y-viladomat\/","title":{"rendered":"Resumen de la visita t\u00e9cnica en Matar\u00f3 en torno al barroco y Viladomat"},"content":{"rendered":"\n<div class=\"wp-block-columns is-layout-flex wp-container-core-columns-is-layout-28f84493 wp-block-columns-is-layout-flex\">\n<div class=\"wp-block-column is-layout-flow wp-block-column-is-layout-flow\">\n<p>El pasado s\u00e1bado <strong>12 de mayo<\/strong> pudimos disfrutar de una visita comentada de la exposici\u00f3n &#8220;<strong>Coincidencias ins\u00f3litas: Viladomat y la t\u00e9cnica<\/strong>&#8221; y del conjunto dels Dolors de la <strong>Bas\u00edlica de Santa Maria de Matar\u00f3<\/strong>, una de las joyas del barroco catal\u00e1n. En total asistimos 24 personas, entre socias y socios de CRAC y acompa\u00f1antes, y tuvimos la suerte de disfrutar de un d\u00eda soleado.<\/p>\n\n\n\n<p><\/p>\n\n\n\n<p>Empezamos con la muestra sobre Antoni Viladomat en casa del Arenas, centro de arte del Museo de Matar\u00f3, con las explicaciones de la conservadora-restauradora Rosa Gasol, que nos hizo un recorrido por cada una de las obras. Esta exposici\u00f3n itinerante, que estuvo primero en el Museo Comarcal de Manresa, despu\u00e9s en el Museo de Premi\u00e0 de Dalt y ahora acaba su itinerario en Matar\u00f3, muestra de forma did\u00e1ctica las t\u00e9cnicas pict\u00f3ricas del pintor barroco catal\u00e1n m\u00e1s c\u00e9lebre y, sobre todo, c\u00f3mo pueden haber influido en el estado de conservaci\u00f3n de las piezas.<\/p>\n\n\n\n<p>Despu\u00e9s de una peque\u00f1a pausa, entramos en la Bas\u00edlica de Santa Mar\u00eda de Matar\u00f3 para encontrarnos de nuevo con Viladomat, pero esta vez con un gran conjunto pict\u00f3rico de frescos y telas que el taller del pintor realiz\u00f3 entre 1722 y 1737 la capilla de la Venerable Congregaci\u00f3n de Nuestra Se\u00f1ora dels Dolors. El conjunto monumental, salvado de la destrucci\u00f3n de la Guerra Civil por haber sido tapiada, est\u00e1 catalogado como Bien Cultural de Inter\u00e9s Nacional.<\/p>\n\n\n\n<p><strong>Cristina Mart\u00ed<\/strong>, conservadora-restauradora de la empresa Restauraciones Policrom\u00eda, nos hizo una extensa y cuidada descripci\u00f3n de las intervenciones que se llevaron a cabo en las pinturas murales de la capilla. La restauraci\u00f3n, realizada entre octubre de 2015 y febrero de 2016, supuso un reto t\u00e9cnico debido al mal estado de conservaci\u00f3n de las pinturas de b\u00f3vedas y paramentos y a antiguas intervenciones en las que se hab\u00edan aplicado capas de acetato de polivinilo sobre los temple . Despu\u00e9s de esta interesante explicaci\u00f3n, nos dividimos en grupos para acceder a dos espacios reducidos y privilegiados: la cripta de la capilla (un espacio en proceso de musealizaci\u00f3n) y la Sala de Juntas de la congregaci\u00f3n dels Dolors, en el piso superior, con un magn\u00edfico conjunto de pinturas barrocas.<\/p>\n\n\n\n<hr class=\"wp-block-separator has-text-color has-alpha-channel-opacity has-background is-style-dots\" style=\"background-color:#f4f5f0;color:#f4f5f0\"\/>\n\n\n\n<figure class=\"wp-block-image size-large\"><img fetchpriority=\"high\" decoding=\"async\" width=\"1024\" height=\"683\" src=\"https:\/\/cracpatrimoni.com\/wp-content\/uploads\/2022\/12\/Visita-tecnica-Museu-de-Mataro-i-Capella-dels-Dolors-3-1024x683.jpeg\" alt=\"\" class=\"wp-image-3869\" srcset=\"https:\/\/cracpatrimoni.com\/wp-content\/uploads\/2022\/12\/Visita-tecnica-Museu-de-Mataro-i-Capella-dels-Dolors-3-1024x683.jpeg 1024w, https:\/\/cracpatrimoni.com\/wp-content\/uploads\/2022\/12\/Visita-tecnica-Museu-de-Mataro-i-Capella-dels-Dolors-3-scaled-600x400.jpeg 600w, https:\/\/cracpatrimoni.com\/wp-content\/uploads\/2022\/12\/Visita-tecnica-Museu-de-Mataro-i-Capella-dels-Dolors-3-300x200.jpeg 300w, https:\/\/cracpatrimoni.com\/wp-content\/uploads\/2022\/12\/Visita-tecnica-Museu-de-Mataro-i-Capella-dels-Dolors-3-768x512.jpeg 768w, https:\/\/cracpatrimoni.com\/wp-content\/uploads\/2022\/12\/Visita-tecnica-Museu-de-Mataro-i-Capella-dels-Dolors-3-1536x1024.jpeg 1536w, https:\/\/cracpatrimoni.com\/wp-content\/uploads\/2022\/12\/Visita-tecnica-Museu-de-Mataro-i-Capella-dels-Dolors-3-scaled.jpeg 2048w, https:\/\/cracpatrimoni.com\/wp-content\/uploads\/2022\/12\/Visita-tecnica-Museu-de-Mataro-i-Capella-dels-Dolors-3-500x333.jpeg 500w\" sizes=\"(max-width: 1024px) 100vw, 1024px\" \/><figcaption class=\"wp-element-caption\">Visita t\u00e9cnica al Museo de Matar\u00f3 y la Capilla dels Dolors de la Bas\u00edlica de Santa Mar\u00eda de Matar\u00f3 (2018)<\/figcaption><\/figure>\n\n\n\n<div class=\"wp-block-buttons is-content-justification-center is-layout-flex wp-container-core-buttons-is-layout-a89b3969 wp-block-buttons-is-layout-flex\"><\/div>\n<\/div>\n<\/div>\n\n<hr class=\"wp-block-separator has-text-color has-alpha-channel-opacity has-background is-style-dots\" style=\"background-color:#f4f5f0;color:#f4f5f0\"\/>\n","protected":false},"excerpt":{"rendered":"<p>El pasado s\u00e1bado 12 de mayo pudimos disfrutar de una visita comentada de la exposici\u00f3n &#8220;Coincidencias ins\u00f3litas: Viladomat y la t\u00e9cnica&#8221; y del conjunto dels Dolors de la Bas\u00edlica de Santa Maria de Matar\u00f3, una de las joyas del barroco catal\u00e1n. En total asistimos 24 personas, entre socias y socios de CRAC y acompa\u00f1antes, y [&hellip;]<\/p>\n","protected":false},"author":2,"featured_media":4259,"comment_status":"closed","ping_status":"open","sticky":false,"template":"","format":"standard","meta":{"_acf_changed":false,"footnotes":""},"categories":[39],"tags":[44,49,45,54,53,52],"class_list":["post-4604","post","type-post","status-publish","format-standard","has-post-thumbnail","hentry","category-reunion-tecnica","tag-conservacion","tag-crac-es","tag-restauracion","tag-reunion","tag-tecnica-es","tag-visita-es"],"acf":[],"yoast_head":"<!-- This site is optimized with the Yoast SEO plugin v27.5 - https:\/\/yoast.com\/product\/yoast-seo-wordpress\/ -->\n<title>Resumen de la visita t\u00e9cnica en Matar\u00f3 en torno al barroco y Viladomat - CRAC<\/title>\n<meta name=\"robots\" content=\"index, follow, max-snippet:-1, max-image-preview:large, max-video-preview:-1\" \/>\n<link rel=\"canonical\" href=\"https:\/\/cracpatrimoni.com\/es\/resumen-de-la-visita-tecnica-en-mataro-en-torno-al-barroco-y-viladomat\/\" \/>\n<meta property=\"og:locale\" content=\"es_ES\" \/>\n<meta property=\"og:type\" content=\"article\" \/>\n<meta property=\"og:title\" content=\"Resumen de la visita t\u00e9cnica en Matar\u00f3 en torno al barroco y Viladomat - CRAC\" \/>\n<meta property=\"og:description\" content=\"El pasado s\u00e1bado 12 de mayo pudimos disfrutar de una visita comentada de la exposici\u00f3n &#8220;Coincidencias ins\u00f3litas: Viladomat y la t\u00e9cnica&#8221; y del conjunto dels Dolors de la Bas\u00edlica de Santa Maria de Matar\u00f3, una de las joyas del barroco catal\u00e1n. En total asistimos 24 personas, entre socias y socios de CRAC y acompa\u00f1antes, y [&hellip;]\" \/>\n<meta property=\"og:url\" content=\"https:\/\/cracpatrimoni.com\/es\/resumen-de-la-visita-tecnica-en-mataro-en-torno-al-barroco-y-viladomat\/\" \/>\n<meta property=\"og:site_name\" content=\"CRAC\" \/>\n<meta property=\"article:published_time\" content=\"2018-05-12T22:14:58+00:00\" \/>\n<meta property=\"article:modified_time\" content=\"2023-01-09T14:09:39+00:00\" \/>\n<meta property=\"og:image\" content=\"https:\/\/cracpatrimoni.com\/wp-content\/uploads\/2018\/05\/miniatura-news-visita-mataro.jpg\" \/>\n\t<meta property=\"og:image:width\" content=\"1000\" \/>\n\t<meta property=\"og:image:height\" content=\"1000\" \/>\n\t<meta property=\"og:image:type\" content=\"image\/jpeg\" \/>\n<meta name=\"author\" content=\"Ingrid Ferrer Homs\" \/>\n<meta name=\"twitter:card\" content=\"summary_large_image\" \/>\n<meta name=\"twitter:label1\" content=\"Escrito por\" \/>\n\t<meta name=\"twitter:data1\" content=\"Ingrid Ferrer Homs\" \/>\n\t<meta name=\"twitter:label2\" content=\"Tiempo de lectura\" \/>\n\t<meta name=\"twitter:data2\" content=\"2 minutos\" \/>\n<script type=\"application\/ld+json\" class=\"yoast-schema-graph\">{\"@context\":\"https:\\\/\\\/schema.org\",\"@graph\":[{\"@type\":\"Article\",\"@id\":\"https:\\\/\\\/cracpatrimoni.com\\\/es\\\/resumen-de-la-visita-tecnica-en-mataro-en-torno-al-barroco-y-viladomat\\\/#article\",\"isPartOf\":{\"@id\":\"https:\\\/\\\/cracpatrimoni.com\\\/es\\\/resumen-de-la-visita-tecnica-en-mataro-en-torno-al-barroco-y-viladomat\\\/\"},\"author\":{\"name\":\"Ingrid Ferrer Homs\",\"@id\":\"https:\\\/\\\/cracpatrimoni.com\\\/es\\\/#\\\/schema\\\/person\\\/be5a2af72e5ad4df9b5b33a09cc0ef9d\"},\"headline\":\"Resumen de la visita t\u00e9cnica en Matar\u00f3 en torno al barroco y Viladomat\",\"datePublished\":\"2018-05-12T22:14:58+00:00\",\"dateModified\":\"2023-01-09T14:09:39+00:00\",\"mainEntityOfPage\":{\"@id\":\"https:\\\/\\\/cracpatrimoni.com\\\/es\\\/resumen-de-la-visita-tecnica-en-mataro-en-torno-al-barroco-y-viladomat\\\/\"},\"wordCount\":426,\"publisher\":{\"@id\":\"https:\\\/\\\/cracpatrimoni.com\\\/es\\\/#organization\"},\"image\":{\"@id\":\"https:\\\/\\\/cracpatrimoni.com\\\/es\\\/resumen-de-la-visita-tecnica-en-mataro-en-torno-al-barroco-y-viladomat\\\/#primaryimage\"},\"thumbnailUrl\":\"https:\\\/\\\/cracpatrimoni.com\\\/wp-content\\\/uploads\\\/2018\\\/05\\\/miniatura-news-visita-mataro.jpg\",\"keywords\":[\"conservaci\u00f3n\",\"CRAC\",\"restauraci\u00f3n\",\"reuni\u00f3n\",\"t\u00e9cnica\",\"visita\"],\"articleSection\":[\"Reuni\u00f3n t\u00e9cnica\"],\"inLanguage\":\"es\"},{\"@type\":\"WebPage\",\"@id\":\"https:\\\/\\\/cracpatrimoni.com\\\/es\\\/resumen-de-la-visita-tecnica-en-mataro-en-torno-al-barroco-y-viladomat\\\/\",\"url\":\"https:\\\/\\\/cracpatrimoni.com\\\/es\\\/resumen-de-la-visita-tecnica-en-mataro-en-torno-al-barroco-y-viladomat\\\/\",\"name\":\"Resumen de la visita t\u00e9cnica en Matar\u00f3 en torno al barroco y Viladomat - CRAC\",\"isPartOf\":{\"@id\":\"https:\\\/\\\/cracpatrimoni.com\\\/es\\\/#website\"},\"primaryImageOfPage\":{\"@id\":\"https:\\\/\\\/cracpatrimoni.com\\\/es\\\/resumen-de-la-visita-tecnica-en-mataro-en-torno-al-barroco-y-viladomat\\\/#primaryimage\"},\"image\":{\"@id\":\"https:\\\/\\\/cracpatrimoni.com\\\/es\\\/resumen-de-la-visita-tecnica-en-mataro-en-torno-al-barroco-y-viladomat\\\/#primaryimage\"},\"thumbnailUrl\":\"https:\\\/\\\/cracpatrimoni.com\\\/wp-content\\\/uploads\\\/2018\\\/05\\\/miniatura-news-visita-mataro.jpg\",\"datePublished\":\"2018-05-12T22:14:58+00:00\",\"dateModified\":\"2023-01-09T14:09:39+00:00\",\"breadcrumb\":{\"@id\":\"https:\\\/\\\/cracpatrimoni.com\\\/es\\\/resumen-de-la-visita-tecnica-en-mataro-en-torno-al-barroco-y-viladomat\\\/#breadcrumb\"},\"inLanguage\":\"es\",\"potentialAction\":[{\"@type\":\"ReadAction\",\"target\":[\"https:\\\/\\\/cracpatrimoni.com\\\/es\\\/resumen-de-la-visita-tecnica-en-mataro-en-torno-al-barroco-y-viladomat\\\/\"]}]},{\"@type\":\"ImageObject\",\"inLanguage\":\"es\",\"@id\":\"https:\\\/\\\/cracpatrimoni.com\\\/es\\\/resumen-de-la-visita-tecnica-en-mataro-en-torno-al-barroco-y-viladomat\\\/#primaryimage\",\"url\":\"https:\\\/\\\/cracpatrimoni.com\\\/wp-content\\\/uploads\\\/2018\\\/05\\\/miniatura-news-visita-mataro.jpg\",\"contentUrl\":\"https:\\\/\\\/cracpatrimoni.com\\\/wp-content\\\/uploads\\\/2018\\\/05\\\/miniatura-news-visita-mataro.jpg\",\"width\":1000,\"height\":1000,\"caption\":\"Resum de la visita t\u00e8cnica a Matar\u00f3 entorn el barroc i Viladomat\"},{\"@type\":\"BreadcrumbList\",\"@id\":\"https:\\\/\\\/cracpatrimoni.com\\\/es\\\/resumen-de-la-visita-tecnica-en-mataro-en-torno-al-barroco-y-viladomat\\\/#breadcrumb\",\"itemListElement\":[{\"@type\":\"ListItem\",\"position\":1,\"name\":\"Portada\",\"item\":\"https:\\\/\\\/cracpatrimoni.com\\\/es\\\/\"},{\"@type\":\"ListItem\",\"position\":2,\"name\":\"Resumen de la visita t\u00e9cnica en Matar\u00f3 en torno al barroco y Viladomat\"}]},{\"@type\":\"WebSite\",\"@id\":\"https:\\\/\\\/cracpatrimoni.com\\\/es\\\/#website\",\"url\":\"https:\\\/\\\/cracpatrimoni.com\\\/es\\\/\",\"name\":\"CRAC\",\"description\":\"Conservadors restauradors associats de Catalunya\",\"publisher\":{\"@id\":\"https:\\\/\\\/cracpatrimoni.com\\\/es\\\/#organization\"},\"potentialAction\":[{\"@type\":\"SearchAction\",\"target\":{\"@type\":\"EntryPoint\",\"urlTemplate\":\"https:\\\/\\\/cracpatrimoni.com\\\/es\\\/?s={search_term_string}\"},\"query-input\":{\"@type\":\"PropertyValueSpecification\",\"valueRequired\":true,\"valueName\":\"search_term_string\"}}],\"inLanguage\":\"es\"},{\"@type\":\"Organization\",\"@id\":\"https:\\\/\\\/cracpatrimoni.com\\\/es\\\/#organization\",\"name\":\"CRAC\",\"url\":\"https:\\\/\\\/cracpatrimoni.com\\\/es\\\/\",\"logo\":{\"@type\":\"ImageObject\",\"inLanguage\":\"es\",\"@id\":\"https:\\\/\\\/cracpatrimoni.com\\\/es\\\/#\\\/schema\\\/logo\\\/image\\\/\",\"url\":\"https:\\\/\\\/cracpatrimoni.com\\\/wp-content\\\/uploads\\\/2022\\\/11\\\/logocrac-1-1.png\",\"contentUrl\":\"https:\\\/\\\/cracpatrimoni.com\\\/wp-content\\\/uploads\\\/2022\\\/11\\\/logocrac-1-1.png\",\"width\":384,\"height\":152,\"caption\":\"CRAC\"},\"image\":{\"@id\":\"https:\\\/\\\/cracpatrimoni.com\\\/es\\\/#\\\/schema\\\/logo\\\/image\\\/\"}},{\"@type\":\"Person\",\"@id\":\"https:\\\/\\\/cracpatrimoni.com\\\/es\\\/#\\\/schema\\\/person\\\/be5a2af72e5ad4df9b5b33a09cc0ef9d\",\"name\":\"Ingrid Ferrer Homs\",\"image\":{\"@type\":\"ImageObject\",\"inLanguage\":\"es\",\"@id\":\"https:\\\/\\\/secure.gravatar.com\\\/avatar\\\/93e98562c9a14b3ca456ad9f1aad2bddb77211fafffaeca30b5f801ccbf2ea3d?s=96&d=mm&r=g\",\"url\":\"https:\\\/\\\/secure.gravatar.com\\\/avatar\\\/93e98562c9a14b3ca456ad9f1aad2bddb77211fafffaeca30b5f801ccbf2ea3d?s=96&d=mm&r=g\",\"contentUrl\":\"https:\\\/\\\/secure.gravatar.com\\\/avatar\\\/93e98562c9a14b3ca456ad9f1aad2bddb77211fafffaeca30b5f801ccbf2ea3d?s=96&d=mm&r=g\",\"caption\":\"Ingrid Ferrer Homs\"},\"url\":\"https:\\\/\\\/cracpatrimoni.com\\\/es\\\/author\\\/ingrid\\\/\"}]}<\/script>\n<!-- \/ Yoast SEO plugin. -->","yoast_head_json":{"title":"Resumen de la visita t\u00e9cnica en Matar\u00f3 en torno al barroco y Viladomat - CRAC","robots":{"index":"index","follow":"follow","max-snippet":"max-snippet:-1","max-image-preview":"max-image-preview:large","max-video-preview":"max-video-preview:-1"},"canonical":"https:\/\/cracpatrimoni.com\/es\/resumen-de-la-visita-tecnica-en-mataro-en-torno-al-barroco-y-viladomat\/","og_locale":"es_ES","og_type":"article","og_title":"Resumen de la visita t\u00e9cnica en Matar\u00f3 en torno al barroco y Viladomat - CRAC","og_description":"El pasado s\u00e1bado 12 de mayo pudimos disfrutar de una visita comentada de la exposici\u00f3n &#8220;Coincidencias ins\u00f3litas: Viladomat y la t\u00e9cnica&#8221; y del conjunto dels Dolors de la Bas\u00edlica de Santa Maria de Matar\u00f3, una de las joyas del barroco catal\u00e1n. En total asistimos 24 personas, entre socias y socios de CRAC y acompa\u00f1antes, y [&hellip;]","og_url":"https:\/\/cracpatrimoni.com\/es\/resumen-de-la-visita-tecnica-en-mataro-en-torno-al-barroco-y-viladomat\/","og_site_name":"CRAC","article_published_time":"2018-05-12T22:14:58+00:00","article_modified_time":"2023-01-09T14:09:39+00:00","og_image":[{"width":1000,"height":1000,"url":"https:\/\/cracpatrimoni.com\/wp-content\/uploads\/2018\/05\/miniatura-news-visita-mataro.jpg","type":"image\/jpeg"}],"author":"Ingrid Ferrer Homs","twitter_card":"summary_large_image","twitter_misc":{"Escrito por":"Ingrid Ferrer Homs","Tiempo de lectura":"2 minutos"},"schema":{"@context":"https:\/\/schema.org","@graph":[{"@type":"Article","@id":"https:\/\/cracpatrimoni.com\/es\/resumen-de-la-visita-tecnica-en-mataro-en-torno-al-barroco-y-viladomat\/#article","isPartOf":{"@id":"https:\/\/cracpatrimoni.com\/es\/resumen-de-la-visita-tecnica-en-mataro-en-torno-al-barroco-y-viladomat\/"},"author":{"name":"Ingrid Ferrer Homs","@id":"https:\/\/cracpatrimoni.com\/es\/#\/schema\/person\/be5a2af72e5ad4df9b5b33a09cc0ef9d"},"headline":"Resumen de la visita t\u00e9cnica en Matar\u00f3 en torno al barroco y Viladomat","datePublished":"2018-05-12T22:14:58+00:00","dateModified":"2023-01-09T14:09:39+00:00","mainEntityOfPage":{"@id":"https:\/\/cracpatrimoni.com\/es\/resumen-de-la-visita-tecnica-en-mataro-en-torno-al-barroco-y-viladomat\/"},"wordCount":426,"publisher":{"@id":"https:\/\/cracpatrimoni.com\/es\/#organization"},"image":{"@id":"https:\/\/cracpatrimoni.com\/es\/resumen-de-la-visita-tecnica-en-mataro-en-torno-al-barroco-y-viladomat\/#primaryimage"},"thumbnailUrl":"https:\/\/cracpatrimoni.com\/wp-content\/uploads\/2018\/05\/miniatura-news-visita-mataro.jpg","keywords":["conservaci\u00f3n","CRAC","restauraci\u00f3n","reuni\u00f3n","t\u00e9cnica","visita"],"articleSection":["Reuni\u00f3n t\u00e9cnica"],"inLanguage":"es"},{"@type":"WebPage","@id":"https:\/\/cracpatrimoni.com\/es\/resumen-de-la-visita-tecnica-en-mataro-en-torno-al-barroco-y-viladomat\/","url":"https:\/\/cracpatrimoni.com\/es\/resumen-de-la-visita-tecnica-en-mataro-en-torno-al-barroco-y-viladomat\/","name":"Resumen de la visita t\u00e9cnica en Matar\u00f3 en torno al barroco y Viladomat - CRAC","isPartOf":{"@id":"https:\/\/cracpatrimoni.com\/es\/#website"},"primaryImageOfPage":{"@id":"https:\/\/cracpatrimoni.com\/es\/resumen-de-la-visita-tecnica-en-mataro-en-torno-al-barroco-y-viladomat\/#primaryimage"},"image":{"@id":"https:\/\/cracpatrimoni.com\/es\/resumen-de-la-visita-tecnica-en-mataro-en-torno-al-barroco-y-viladomat\/#primaryimage"},"thumbnailUrl":"https:\/\/cracpatrimoni.com\/wp-content\/uploads\/2018\/05\/miniatura-news-visita-mataro.jpg","datePublished":"2018-05-12T22:14:58+00:00","dateModified":"2023-01-09T14:09:39+00:00","breadcrumb":{"@id":"https:\/\/cracpatrimoni.com\/es\/resumen-de-la-visita-tecnica-en-mataro-en-torno-al-barroco-y-viladomat\/#breadcrumb"},"inLanguage":"es","potentialAction":[{"@type":"ReadAction","target":["https:\/\/cracpatrimoni.com\/es\/resumen-de-la-visita-tecnica-en-mataro-en-torno-al-barroco-y-viladomat\/"]}]},{"@type":"ImageObject","inLanguage":"es","@id":"https:\/\/cracpatrimoni.com\/es\/resumen-de-la-visita-tecnica-en-mataro-en-torno-al-barroco-y-viladomat\/#primaryimage","url":"https:\/\/cracpatrimoni.com\/wp-content\/uploads\/2018\/05\/miniatura-news-visita-mataro.jpg","contentUrl":"https:\/\/cracpatrimoni.com\/wp-content\/uploads\/2018\/05\/miniatura-news-visita-mataro.jpg","width":1000,"height":1000,"caption":"Resum de la visita t\u00e8cnica a Matar\u00f3 entorn el barroc i Viladomat"},{"@type":"BreadcrumbList","@id":"https:\/\/cracpatrimoni.com\/es\/resumen-de-la-visita-tecnica-en-mataro-en-torno-al-barroco-y-viladomat\/#breadcrumb","itemListElement":[{"@type":"ListItem","position":1,"name":"Portada","item":"https:\/\/cracpatrimoni.com\/es\/"},{"@type":"ListItem","position":2,"name":"Resumen de la visita t\u00e9cnica en Matar\u00f3 en torno al barroco y Viladomat"}]},{"@type":"WebSite","@id":"https:\/\/cracpatrimoni.com\/es\/#website","url":"https:\/\/cracpatrimoni.com\/es\/","name":"CRAC","description":"Conservadors restauradors associats de Catalunya","publisher":{"@id":"https:\/\/cracpatrimoni.com\/es\/#organization"},"potentialAction":[{"@type":"SearchAction","target":{"@type":"EntryPoint","urlTemplate":"https:\/\/cracpatrimoni.com\/es\/?s={search_term_string}"},"query-input":{"@type":"PropertyValueSpecification","valueRequired":true,"valueName":"search_term_string"}}],"inLanguage":"es"},{"@type":"Organization","@id":"https:\/\/cracpatrimoni.com\/es\/#organization","name":"CRAC","url":"https:\/\/cracpatrimoni.com\/es\/","logo":{"@type":"ImageObject","inLanguage":"es","@id":"https:\/\/cracpatrimoni.com\/es\/#\/schema\/logo\/image\/","url":"https:\/\/cracpatrimoni.com\/wp-content\/uploads\/2022\/11\/logocrac-1-1.png","contentUrl":"https:\/\/cracpatrimoni.com\/wp-content\/uploads\/2022\/11\/logocrac-1-1.png","width":384,"height":152,"caption":"CRAC"},"image":{"@id":"https:\/\/cracpatrimoni.com\/es\/#\/schema\/logo\/image\/"}},{"@type":"Person","@id":"https:\/\/cracpatrimoni.com\/es\/#\/schema\/person\/be5a2af72e5ad4df9b5b33a09cc0ef9d","name":"Ingrid Ferrer Homs","image":{"@type":"ImageObject","inLanguage":"es","@id":"https:\/\/secure.gravatar.com\/avatar\/93e98562c9a14b3ca456ad9f1aad2bddb77211fafffaeca30b5f801ccbf2ea3d?s=96&d=mm&r=g","url":"https:\/\/secure.gravatar.com\/avatar\/93e98562c9a14b3ca456ad9f1aad2bddb77211fafffaeca30b5f801ccbf2ea3d?s=96&d=mm&r=g","contentUrl":"https:\/\/secure.gravatar.com\/avatar\/93e98562c9a14b3ca456ad9f1aad2bddb77211fafffaeca30b5f801ccbf2ea3d?s=96&d=mm&r=g","caption":"Ingrid Ferrer Homs"},"url":"https:\/\/cracpatrimoni.com\/es\/author\/ingrid\/"}]}},"_links":{"self":[{"href":"https:\/\/cracpatrimoni.com\/es\/wp-json\/wp\/v2\/posts\/4604","targetHints":{"allow":["GET"]}}],"collection":[{"href":"https:\/\/cracpatrimoni.com\/es\/wp-json\/wp\/v2\/posts"}],"about":[{"href":"https:\/\/cracpatrimoni.com\/es\/wp-json\/wp\/v2\/types\/post"}],"author":[{"embeddable":true,"href":"https:\/\/cracpatrimoni.com\/es\/wp-json\/wp\/v2\/users\/2"}],"replies":[{"embeddable":true,"href":"https:\/\/cracpatrimoni.com\/es\/wp-json\/wp\/v2\/comments?post=4604"}],"version-history":[{"count":3,"href":"https:\/\/cracpatrimoni.com\/es\/wp-json\/wp\/v2\/posts\/4604\/revisions"}],"predecessor-version":[{"id":4787,"href":"https:\/\/cracpatrimoni.com\/es\/wp-json\/wp\/v2\/posts\/4604\/revisions\/4787"}],"wp:featuredmedia":[{"embeddable":true,"href":"https:\/\/cracpatrimoni.com\/es\/wp-json\/wp\/v2\/media\/4259"}],"wp:attachment":[{"href":"https:\/\/cracpatrimoni.com\/es\/wp-json\/wp\/v2\/media?parent=4604"}],"wp:term":[{"taxonomy":"category","embeddable":true,"href":"https:\/\/cracpatrimoni.com\/es\/wp-json\/wp\/v2\/categories?post=4604"},{"taxonomy":"post_tag","embeddable":true,"href":"https:\/\/cracpatrimoni.com\/es\/wp-json\/wp\/v2\/tags?post=4604"}],"curies":[{"name":"wp","href":"https:\/\/api.w.org\/{rel}","templated":true}]}}