{"id":4602,"date":"2016-04-13T20:36:53","date_gmt":"2016-04-13T20:36:53","guid":{"rendered":"http:\/\/cracpatrimoni.com\/crac-se-adhiere-al-manifiesto-de-los-conservadores-restauradores-de-francia\/"},"modified":"2023-01-09T14:10:39","modified_gmt":"2023-01-09T14:10:39","slug":"crac-se-adhiere-al-manifiesto-de-los-conservadores-restauradores-de-francia","status":"publish","type":"post","link":"https:\/\/cracpatrimoni.com\/es\/crac-se-adhiere-al-manifiesto-de-los-conservadores-restauradores-de-francia\/","title":{"rendered":"CRAC se adhiere al manifiesto de los conservadores-restauradores de Francia"},"content":{"rendered":"\n<p>Nuestra asociaci\u00f3n ha firmado en apoyo a la petici\u00f3n de los restauradores franceses que ven en peligro la profesi\u00f3n. Su situaci\u00f3n no es muy distinta a la de nuestro pa\u00eds: precariedad del sector, falta de reconocimiento legal e institucional del profesional de la conservaci\u00f3n-restauraci\u00f3n, desconocimiento de sus funciones espec\u00edficas, etc.<\/p>\n\n<hr class=\"wp-block-separator has-text-color has-alpha-channel-opacity has-background is-style-dots\" style=\"background-color:#f4f5f0;color:#f4f5f0\"\/>\n\n<p>Lee la <strong>carta<\/strong> que han dirigido a la Ministra de Cultura y Comunicaci\u00f3n del gobierno franc\u00e9s:<\/p>\n\n<hr class=\"wp-block-separator has-text-color has-alpha-channel-opacity has-background is-style-dots\" style=\"background-color:#f4f5f0;color:#f4f5f0\"\/>\n\n<div data-wp-interactive=\"core\/file\" class=\"wp-block-file\"><object data-wp-bind--hidden=\"!state.hasPdfPreview\" hidden class=\"wp-block-file__embed\" data=\"https:\/\/cracpatrimoni.com\/wp-content\/uploads\/2022\/12\/Noticia_En-France.pdf\" type=\"application\/pdf\" style=\"width:100%;height:600px\" aria-label=\"Incrustado de Carta dels conservadors-restauradors de Fran\u00e7a.\"><\/object><a id=\"wp-block-file--media-a557d5ef-d6f8-4c40-a1b8-f578a54d5e8f\" href=\"https:\/\/cracpatrimoni.com\/wp-content\/uploads\/2022\/12\/Noticia_En-France.pdf\">Carta de los conservadores-restauradores de Francia<\/a><a href=\"https:\/\/cracpatrimoni.com\/wp-content\/uploads\/2022\/12\/Noticia_En-France.pdf\" class=\"wp-block-file__button wp-element-button\" download=\"\" aria-describedby=\"wp-block-file--media-a557d5ef-d6f8-4c40-a1b8-f578a54d5e8f\">Descarga<\/a><\/div>\n\n<hr class=\"wp-block-separator has-text-color has-alpha-channel-opacity has-background is-style-dots\" style=\"background-color:#f4f5f0;color:#f4f5f0\"\/>\n\n<p class=\"has-text-align-center has-luminous-vivid-orange-color has-text-color\"><strong><a href=\"https:\/\/lnkd.in\/e4N2W7J\" target=\"_blank\" rel=\"noreferrer noopener\">Si quieres firmar la petici\u00f3n haz clic aqu\u00ed<\/a><\/strong><\/p>\n","protected":false},"excerpt":{"rendered":"<p>Nuestra asociaci\u00f3n ha firmado en apoyo a la petici\u00f3n de los restauradores franceses que ven en peligro la profesi\u00f3n. Su situaci\u00f3n no es muy distinta a la de nuestro pa\u00eds: precariedad del sector, falta de reconocimiento legal e institucional del profesional de la conservaci\u00f3n-restauraci\u00f3n, desconocimiento de sus funciones espec\u00edficas, etc. Lee la carta que han [&hellip;]<\/p>\n","protected":false},"author":2,"featured_media":4174,"comment_status":"closed","ping_status":"open","sticky":false,"template":"","format":"standard","meta":{"_acf_changed":false,"footnotes":""},"categories":[39],"tags":[],"class_list":["post-4602","post","type-post","status-publish","format-standard","has-post-thumbnail","hentry","category-reunion-tecnica"],"acf":[],"yoast_head":"<!-- This site is optimized with the Yoast SEO plugin v27.5 - https:\/\/yoast.com\/product\/yoast-seo-wordpress\/ -->\n<title>CRAC se adhiere al manifiesto de los conservadores-restauradores de Francia - CRAC<\/title>\n<meta name=\"robots\" content=\"index, follow, max-snippet:-1, max-image-preview:large, max-video-preview:-1\" \/>\n<link rel=\"canonical\" href=\"https:\/\/cracpatrimoni.com\/es\/crac-se-adhiere-al-manifiesto-de-los-conservadores-restauradores-de-francia\/\" \/>\n<meta property=\"og:locale\" content=\"es_ES\" \/>\n<meta property=\"og:type\" content=\"article\" \/>\n<meta property=\"og:title\" content=\"CRAC se adhiere al manifiesto de los conservadores-restauradores de Francia - CRAC\" \/>\n<meta property=\"og:description\" content=\"Nuestra asociaci\u00f3n ha firmado en apoyo a la petici\u00f3n de los restauradores franceses que ven en peligro la profesi\u00f3n. Su situaci\u00f3n no es muy distinta a la de nuestro pa\u00eds: precariedad del sector, falta de reconocimiento legal e institucional del profesional de la conservaci\u00f3n-restauraci\u00f3n, desconocimiento de sus funciones espec\u00edficas, etc. Lee la carta que han [&hellip;]\" \/>\n<meta property=\"og:url\" content=\"https:\/\/cracpatrimoni.com\/es\/crac-se-adhiere-al-manifiesto-de-los-conservadores-restauradores-de-francia\/\" \/>\n<meta property=\"og:site_name\" content=\"CRAC\" \/>\n<meta property=\"article:published_time\" content=\"2016-04-13T20:36:53+00:00\" \/>\n<meta property=\"article:modified_time\" content=\"2023-01-09T14:10:39+00:00\" \/>\n<meta property=\"og:image\" content=\"https:\/\/cracpatrimoni.com\/wp-content\/uploads\/2016\/04\/miniatura-news-restauradors-franca.jpg\" \/>\n\t<meta property=\"og:image:width\" content=\"1000\" \/>\n\t<meta property=\"og:image:height\" content=\"1000\" \/>\n\t<meta property=\"og:image:type\" content=\"image\/jpeg\" \/>\n<meta name=\"author\" content=\"Ingrid Ferrer Homs\" \/>\n<meta name=\"twitter:card\" content=\"summary_large_image\" \/>\n<meta name=\"twitter:label1\" content=\"Escrito por\" \/>\n\t<meta name=\"twitter:data1\" content=\"Ingrid Ferrer Homs\" \/>\n<script type=\"application\/ld+json\" class=\"yoast-schema-graph\">{\"@context\":\"https:\\\/\\\/schema.org\",\"@graph\":[{\"@type\":\"Article\",\"@id\":\"https:\\\/\\\/cracpatrimoni.com\\\/es\\\/crac-se-adhiere-al-manifiesto-de-los-conservadores-restauradores-de-francia\\\/#article\",\"isPartOf\":{\"@id\":\"https:\\\/\\\/cracpatrimoni.com\\\/es\\\/crac-se-adhiere-al-manifiesto-de-los-conservadores-restauradores-de-francia\\\/\"},\"author\":{\"name\":\"Ingrid Ferrer Homs\",\"@id\":\"https:\\\/\\\/cracpatrimoni.com\\\/es\\\/#\\\/schema\\\/person\\\/be5a2af72e5ad4df9b5b33a09cc0ef9d\"},\"headline\":\"CRAC se adhiere al manifiesto de los conservadores-restauradores de Francia\",\"datePublished\":\"2016-04-13T20:36:53+00:00\",\"dateModified\":\"2023-01-09T14:10:39+00:00\",\"mainEntityOfPage\":{\"@id\":\"https:\\\/\\\/cracpatrimoni.com\\\/es\\\/crac-se-adhiere-al-manifiesto-de-los-conservadores-restauradores-de-francia\\\/\"},\"wordCount\":102,\"publisher\":{\"@id\":\"https:\\\/\\\/cracpatrimoni.com\\\/es\\\/#organization\"},\"image\":{\"@id\":\"https:\\\/\\\/cracpatrimoni.com\\\/es\\\/crac-se-adhiere-al-manifiesto-de-los-conservadores-restauradores-de-francia\\\/#primaryimage\"},\"thumbnailUrl\":\"https:\\\/\\\/cracpatrimoni.com\\\/wp-content\\\/uploads\\\/2016\\\/04\\\/miniatura-news-restauradors-franca.jpg\",\"articleSection\":[\"Reuni\u00f3n t\u00e9cnica\"],\"inLanguage\":\"es\"},{\"@type\":\"WebPage\",\"@id\":\"https:\\\/\\\/cracpatrimoni.com\\\/es\\\/crac-se-adhiere-al-manifiesto-de-los-conservadores-restauradores-de-francia\\\/\",\"url\":\"https:\\\/\\\/cracpatrimoni.com\\\/es\\\/crac-se-adhiere-al-manifiesto-de-los-conservadores-restauradores-de-francia\\\/\",\"name\":\"CRAC se adhiere al manifiesto de los conservadores-restauradores de Francia - CRAC\",\"isPartOf\":{\"@id\":\"https:\\\/\\\/cracpatrimoni.com\\\/es\\\/#website\"},\"primaryImageOfPage\":{\"@id\":\"https:\\\/\\\/cracpatrimoni.com\\\/es\\\/crac-se-adhiere-al-manifiesto-de-los-conservadores-restauradores-de-francia\\\/#primaryimage\"},\"image\":{\"@id\":\"https:\\\/\\\/cracpatrimoni.com\\\/es\\\/crac-se-adhiere-al-manifiesto-de-los-conservadores-restauradores-de-francia\\\/#primaryimage\"},\"thumbnailUrl\":\"https:\\\/\\\/cracpatrimoni.com\\\/wp-content\\\/uploads\\\/2016\\\/04\\\/miniatura-news-restauradors-franca.jpg\",\"datePublished\":\"2016-04-13T20:36:53+00:00\",\"dateModified\":\"2023-01-09T14:10:39+00:00\",\"breadcrumb\":{\"@id\":\"https:\\\/\\\/cracpatrimoni.com\\\/es\\\/crac-se-adhiere-al-manifiesto-de-los-conservadores-restauradores-de-francia\\\/#breadcrumb\"},\"inLanguage\":\"es\",\"potentialAction\":[{\"@type\":\"ReadAction\",\"target\":[\"https:\\\/\\\/cracpatrimoni.com\\\/es\\\/crac-se-adhiere-al-manifiesto-de-los-conservadores-restauradores-de-francia\\\/\"]}]},{\"@type\":\"ImageObject\",\"inLanguage\":\"es\",\"@id\":\"https:\\\/\\\/cracpatrimoni.com\\\/es\\\/crac-se-adhiere-al-manifiesto-de-los-conservadores-restauradores-de-francia\\\/#primaryimage\",\"url\":\"https:\\\/\\\/cracpatrimoni.com\\\/wp-content\\\/uploads\\\/2016\\\/04\\\/miniatura-news-restauradors-franca.jpg\",\"contentUrl\":\"https:\\\/\\\/cracpatrimoni.com\\\/wp-content\\\/uploads\\\/2016\\\/04\\\/miniatura-news-restauradors-franca.jpg\",\"width\":1000,\"height\":1000,\"caption\":\"CRAC s'adhereix al manifest dels conservadors-restauradors de Fran\u00e7a\"},{\"@type\":\"BreadcrumbList\",\"@id\":\"https:\\\/\\\/cracpatrimoni.com\\\/es\\\/crac-se-adhiere-al-manifiesto-de-los-conservadores-restauradores-de-francia\\\/#breadcrumb\",\"itemListElement\":[{\"@type\":\"ListItem\",\"position\":1,\"name\":\"Portada\",\"item\":\"https:\\\/\\\/cracpatrimoni.com\\\/es\\\/\"},{\"@type\":\"ListItem\",\"position\":2,\"name\":\"CRAC se adhiere al manifiesto de los conservadores-restauradores de Francia\"}]},{\"@type\":\"WebSite\",\"@id\":\"https:\\\/\\\/cracpatrimoni.com\\\/es\\\/#website\",\"url\":\"https:\\\/\\\/cracpatrimoni.com\\\/es\\\/\",\"name\":\"CRAC\",\"description\":\"Conservadors restauradors associats de Catalunya\",\"publisher\":{\"@id\":\"https:\\\/\\\/cracpatrimoni.com\\\/es\\\/#organization\"},\"potentialAction\":[{\"@type\":\"SearchAction\",\"target\":{\"@type\":\"EntryPoint\",\"urlTemplate\":\"https:\\\/\\\/cracpatrimoni.com\\\/es\\\/?s={search_term_string}\"},\"query-input\":{\"@type\":\"PropertyValueSpecification\",\"valueRequired\":true,\"valueName\":\"search_term_string\"}}],\"inLanguage\":\"es\"},{\"@type\":\"Organization\",\"@id\":\"https:\\\/\\\/cracpatrimoni.com\\\/es\\\/#organization\",\"name\":\"CRAC\",\"url\":\"https:\\\/\\\/cracpatrimoni.com\\\/es\\\/\",\"logo\":{\"@type\":\"ImageObject\",\"inLanguage\":\"es\",\"@id\":\"https:\\\/\\\/cracpatrimoni.com\\\/es\\\/#\\\/schema\\\/logo\\\/image\\\/\",\"url\":\"https:\\\/\\\/cracpatrimoni.com\\\/wp-content\\\/uploads\\\/2022\\\/11\\\/logocrac-1-1.png\",\"contentUrl\":\"https:\\\/\\\/cracpatrimoni.com\\\/wp-content\\\/uploads\\\/2022\\\/11\\\/logocrac-1-1.png\",\"width\":384,\"height\":152,\"caption\":\"CRAC\"},\"image\":{\"@id\":\"https:\\\/\\\/cracpatrimoni.com\\\/es\\\/#\\\/schema\\\/logo\\\/image\\\/\"}},{\"@type\":\"Person\",\"@id\":\"https:\\\/\\\/cracpatrimoni.com\\\/es\\\/#\\\/schema\\\/person\\\/be5a2af72e5ad4df9b5b33a09cc0ef9d\",\"name\":\"Ingrid Ferrer Homs\",\"image\":{\"@type\":\"ImageObject\",\"inLanguage\":\"es\",\"@id\":\"https:\\\/\\\/secure.gravatar.com\\\/avatar\\\/93e98562c9a14b3ca456ad9f1aad2bddb77211fafffaeca30b5f801ccbf2ea3d?s=96&d=mm&r=g\",\"url\":\"https:\\\/\\\/secure.gravatar.com\\\/avatar\\\/93e98562c9a14b3ca456ad9f1aad2bddb77211fafffaeca30b5f801ccbf2ea3d?s=96&d=mm&r=g\",\"contentUrl\":\"https:\\\/\\\/secure.gravatar.com\\\/avatar\\\/93e98562c9a14b3ca456ad9f1aad2bddb77211fafffaeca30b5f801ccbf2ea3d?s=96&d=mm&r=g\",\"caption\":\"Ingrid Ferrer Homs\"},\"url\":\"https:\\\/\\\/cracpatrimoni.com\\\/es\\\/author\\\/ingrid\\\/\"}]}<\/script>\n<!-- \/ Yoast SEO plugin. -->","yoast_head_json":{"title":"CRAC se adhiere al manifiesto de los conservadores-restauradores de Francia - CRAC","robots":{"index":"index","follow":"follow","max-snippet":"max-snippet:-1","max-image-preview":"max-image-preview:large","max-video-preview":"max-video-preview:-1"},"canonical":"https:\/\/cracpatrimoni.com\/es\/crac-se-adhiere-al-manifiesto-de-los-conservadores-restauradores-de-francia\/","og_locale":"es_ES","og_type":"article","og_title":"CRAC se adhiere al manifiesto de los conservadores-restauradores de Francia - CRAC","og_description":"Nuestra asociaci\u00f3n ha firmado en apoyo a la petici\u00f3n de los restauradores franceses que ven en peligro la profesi\u00f3n. Su situaci\u00f3n no es muy distinta a la de nuestro pa\u00eds: precariedad del sector, falta de reconocimiento legal e institucional del profesional de la conservaci\u00f3n-restauraci\u00f3n, desconocimiento de sus funciones espec\u00edficas, etc. Lee la carta que han [&hellip;]","og_url":"https:\/\/cracpatrimoni.com\/es\/crac-se-adhiere-al-manifiesto-de-los-conservadores-restauradores-de-francia\/","og_site_name":"CRAC","article_published_time":"2016-04-13T20:36:53+00:00","article_modified_time":"2023-01-09T14:10:39+00:00","og_image":[{"width":1000,"height":1000,"url":"https:\/\/cracpatrimoni.com\/wp-content\/uploads\/2016\/04\/miniatura-news-restauradors-franca.jpg","type":"image\/jpeg"}],"author":"Ingrid Ferrer Homs","twitter_card":"summary_large_image","twitter_misc":{"Escrito por":"Ingrid Ferrer Homs"},"schema":{"@context":"https:\/\/schema.org","@graph":[{"@type":"Article","@id":"https:\/\/cracpatrimoni.com\/es\/crac-se-adhiere-al-manifiesto-de-los-conservadores-restauradores-de-francia\/#article","isPartOf":{"@id":"https:\/\/cracpatrimoni.com\/es\/crac-se-adhiere-al-manifiesto-de-los-conservadores-restauradores-de-francia\/"},"author":{"name":"Ingrid Ferrer Homs","@id":"https:\/\/cracpatrimoni.com\/es\/#\/schema\/person\/be5a2af72e5ad4df9b5b33a09cc0ef9d"},"headline":"CRAC se adhiere al manifiesto de los conservadores-restauradores de Francia","datePublished":"2016-04-13T20:36:53+00:00","dateModified":"2023-01-09T14:10:39+00:00","mainEntityOfPage":{"@id":"https:\/\/cracpatrimoni.com\/es\/crac-se-adhiere-al-manifiesto-de-los-conservadores-restauradores-de-francia\/"},"wordCount":102,"publisher":{"@id":"https:\/\/cracpatrimoni.com\/es\/#organization"},"image":{"@id":"https:\/\/cracpatrimoni.com\/es\/crac-se-adhiere-al-manifiesto-de-los-conservadores-restauradores-de-francia\/#primaryimage"},"thumbnailUrl":"https:\/\/cracpatrimoni.com\/wp-content\/uploads\/2016\/04\/miniatura-news-restauradors-franca.jpg","articleSection":["Reuni\u00f3n t\u00e9cnica"],"inLanguage":"es"},{"@type":"WebPage","@id":"https:\/\/cracpatrimoni.com\/es\/crac-se-adhiere-al-manifiesto-de-los-conservadores-restauradores-de-francia\/","url":"https:\/\/cracpatrimoni.com\/es\/crac-se-adhiere-al-manifiesto-de-los-conservadores-restauradores-de-francia\/","name":"CRAC se adhiere al manifiesto de los conservadores-restauradores de Francia - CRAC","isPartOf":{"@id":"https:\/\/cracpatrimoni.com\/es\/#website"},"primaryImageOfPage":{"@id":"https:\/\/cracpatrimoni.com\/es\/crac-se-adhiere-al-manifiesto-de-los-conservadores-restauradores-de-francia\/#primaryimage"},"image":{"@id":"https:\/\/cracpatrimoni.com\/es\/crac-se-adhiere-al-manifiesto-de-los-conservadores-restauradores-de-francia\/#primaryimage"},"thumbnailUrl":"https:\/\/cracpatrimoni.com\/wp-content\/uploads\/2016\/04\/miniatura-news-restauradors-franca.jpg","datePublished":"2016-04-13T20:36:53+00:00","dateModified":"2023-01-09T14:10:39+00:00","breadcrumb":{"@id":"https:\/\/cracpatrimoni.com\/es\/crac-se-adhiere-al-manifiesto-de-los-conservadores-restauradores-de-francia\/#breadcrumb"},"inLanguage":"es","potentialAction":[{"@type":"ReadAction","target":["https:\/\/cracpatrimoni.com\/es\/crac-se-adhiere-al-manifiesto-de-los-conservadores-restauradores-de-francia\/"]}]},{"@type":"ImageObject","inLanguage":"es","@id":"https:\/\/cracpatrimoni.com\/es\/crac-se-adhiere-al-manifiesto-de-los-conservadores-restauradores-de-francia\/#primaryimage","url":"https:\/\/cracpatrimoni.com\/wp-content\/uploads\/2016\/04\/miniatura-news-restauradors-franca.jpg","contentUrl":"https:\/\/cracpatrimoni.com\/wp-content\/uploads\/2016\/04\/miniatura-news-restauradors-franca.jpg","width":1000,"height":1000,"caption":"CRAC s'adhereix al manifest dels conservadors-restauradors de Fran\u00e7a"},{"@type":"BreadcrumbList","@id":"https:\/\/cracpatrimoni.com\/es\/crac-se-adhiere-al-manifiesto-de-los-conservadores-restauradores-de-francia\/#breadcrumb","itemListElement":[{"@type":"ListItem","position":1,"name":"Portada","item":"https:\/\/cracpatrimoni.com\/es\/"},{"@type":"ListItem","position":2,"name":"CRAC se adhiere al manifiesto de los conservadores-restauradores de Francia"}]},{"@type":"WebSite","@id":"https:\/\/cracpatrimoni.com\/es\/#website","url":"https:\/\/cracpatrimoni.com\/es\/","name":"CRAC","description":"Conservadors restauradors associats de Catalunya","publisher":{"@id":"https:\/\/cracpatrimoni.com\/es\/#organization"},"potentialAction":[{"@type":"SearchAction","target":{"@type":"EntryPoint","urlTemplate":"https:\/\/cracpatrimoni.com\/es\/?s={search_term_string}"},"query-input":{"@type":"PropertyValueSpecification","valueRequired":true,"valueName":"search_term_string"}}],"inLanguage":"es"},{"@type":"Organization","@id":"https:\/\/cracpatrimoni.com\/es\/#organization","name":"CRAC","url":"https:\/\/cracpatrimoni.com\/es\/","logo":{"@type":"ImageObject","inLanguage":"es","@id":"https:\/\/cracpatrimoni.com\/es\/#\/schema\/logo\/image\/","url":"https:\/\/cracpatrimoni.com\/wp-content\/uploads\/2022\/11\/logocrac-1-1.png","contentUrl":"https:\/\/cracpatrimoni.com\/wp-content\/uploads\/2022\/11\/logocrac-1-1.png","width":384,"height":152,"caption":"CRAC"},"image":{"@id":"https:\/\/cracpatrimoni.com\/es\/#\/schema\/logo\/image\/"}},{"@type":"Person","@id":"https:\/\/cracpatrimoni.com\/es\/#\/schema\/person\/be5a2af72e5ad4df9b5b33a09cc0ef9d","name":"Ingrid Ferrer Homs","image":{"@type":"ImageObject","inLanguage":"es","@id":"https:\/\/secure.gravatar.com\/avatar\/93e98562c9a14b3ca456ad9f1aad2bddb77211fafffaeca30b5f801ccbf2ea3d?s=96&d=mm&r=g","url":"https:\/\/secure.gravatar.com\/avatar\/93e98562c9a14b3ca456ad9f1aad2bddb77211fafffaeca30b5f801ccbf2ea3d?s=96&d=mm&r=g","contentUrl":"https:\/\/secure.gravatar.com\/avatar\/93e98562c9a14b3ca456ad9f1aad2bddb77211fafffaeca30b5f801ccbf2ea3d?s=96&d=mm&r=g","caption":"Ingrid Ferrer Homs"},"url":"https:\/\/cracpatrimoni.com\/es\/author\/ingrid\/"}]}},"_links":{"self":[{"href":"https:\/\/cracpatrimoni.com\/es\/wp-json\/wp\/v2\/posts\/4602","targetHints":{"allow":["GET"]}}],"collection":[{"href":"https:\/\/cracpatrimoni.com\/es\/wp-json\/wp\/v2\/posts"}],"about":[{"href":"https:\/\/cracpatrimoni.com\/es\/wp-json\/wp\/v2\/types\/post"}],"author":[{"embeddable":true,"href":"https:\/\/cracpatrimoni.com\/es\/wp-json\/wp\/v2\/users\/2"}],"replies":[{"embeddable":true,"href":"https:\/\/cracpatrimoni.com\/es\/wp-json\/wp\/v2\/comments?post=4602"}],"version-history":[{"count":3,"href":"https:\/\/cracpatrimoni.com\/es\/wp-json\/wp\/v2\/posts\/4602\/revisions"}],"predecessor-version":[{"id":4822,"href":"https:\/\/cracpatrimoni.com\/es\/wp-json\/wp\/v2\/posts\/4602\/revisions\/4822"}],"wp:featuredmedia":[{"embeddable":true,"href":"https:\/\/cracpatrimoni.com\/es\/wp-json\/wp\/v2\/media\/4174"}],"wp:attachment":[{"href":"https:\/\/cracpatrimoni.com\/es\/wp-json\/wp\/v2\/media?parent=4602"}],"wp:term":[{"taxonomy":"category","embeddable":true,"href":"https:\/\/cracpatrimoni.com\/es\/wp-json\/wp\/v2\/categories?post=4602"},{"taxonomy":"post_tag","embeddable":true,"href":"https:\/\/cracpatrimoni.com\/es\/wp-json\/wp\/v2\/tags?post=4602"}],"curies":[{"name":"wp","href":"https:\/\/api.w.org\/{rel}","templated":true}]}}