{"id":4600,"date":"2015-10-29T00:26:49","date_gmt":"2015-10-29T00:26:49","guid":{"rendered":"http:\/\/cracpatrimoni.com\/especialistas-italianos-consideran-que-la-magdalena-penitente-del-museo-de-montserrat-es-obra-del-greco\/"},"modified":"2023-01-09T14:10:39","modified_gmt":"2023-01-09T14:10:39","slug":"especialistas-italianos-consideran-que-la-magdalena-penitente-del-museo-de-montserrat-es-obra-del-greco","status":"publish","type":"post","link":"https:\/\/cracpatrimoni.com\/es\/especialistas-italianos-consideran-que-la-magdalena-penitente-del-museo-de-montserrat-es-obra-del-greco\/","title":{"rendered":"Especialistas italianos consideran que la Magdalena penitente del Museo de Montserrat es obra del Greco"},"content":{"rendered":"\n<hr class=\"wp-block-separator has-text-color has-alpha-channel-opacity has-background is-style-dots\" style=\"background-color:#f4f5f0;color:#f4f5f0\"\/>\n\n<h1 class=\"has-text-color has-medium-font-size wp-block-heading\" style=\"color:#248e6d\"><strong>El Greco de Montserrat es aut\u00e9ntico<\/strong><\/h1>\n\n<p>A <em>Magdalena penitente<\/em> del <a href=\"http:\/\/www.museudemontserrat.com\/\" target=\"_blank\" rel=\"noreferrer noopener\">Museo de Montserrat<\/a>, el castigo por su dudosa autor\u00eda le ha perseguido hasta nuestros d\u00edas. Pero esa mortificaci\u00f3n en forma de pol\u00e9micas \u2013a menudo no del todo rigurosas\u2013 entre entendidos podr\u00eda haber llegado a su fin. \u00bfPint\u00f3 Dom\u00e9nikos Theotok\u00f3poulos El Greco (1541-1614) ese peque\u00f1o \u00f3leo que custodia la pinacoteca montserratina? Un grupo de expertos italianos liderados por Lionello Puppi, veterano y prestigioso historiador del arte y uno de los principales conocedores de la obra del pintor cretense, han concluido que s\u00ed.<\/p>\n\n<hr class=\"wp-block-separator has-text-color has-alpha-channel-opacity has-background is-style-dots\" style=\"background-color:#f4f5f0;color:#f4f5f0\"\/>\n\n<pre class=\"wp-block-verse has-text-align-center has-luminous-vivid-orange-color has-text-color\">\n<strong>'Magdalena penitente' lucir\u00e1 a partir de la pr\u00f3xima semana en una exposici\u00f3n en Treviso \n<\/strong><\/pre>\n\n<hr class=\"wp-block-separator has-text-color has-alpha-channel-opacity has-background is-style-dots\" style=\"background-color:#f4f5f0;color:#f4f5f0\"\/>\n\n<p>Puppi se interes\u00f3 por la obra cuando casi ya ten\u00eda cerrado el proyecto de la exposici\u00f3n El Greco in Italia. Metamorfosi di un genio, que se inaugurar\u00e1 el pr\u00f3ximo d\u00eda 23 en la Casa del Carraresi de Treviso \u2013estar\u00e1 abierta al p\u00fablico hasta el 10 de abril\u2013. \u00c9l es el comisario de esta muestra que seguir\u00e1 los pasos del Greco por Italia, exhibiendo sus pinturas maestras que cre\u00f3 a lo largo del decenio 1567-1576, confrontadas con iconos que le inspiraron, de Tiziano, Basano y Tintoretto .<\/p>\n\n<p>Hace un mes, Puppi y su equipo se pusieron en contacto con el director del Museo de Montserrat, Jos\u00e9 de C. Laplana, y le pidieron una fotograf\u00eda en alta resoluci\u00f3n del cuadro. Extasiados por el hallazgo, esta misma semana han enviado a Montserrat un restaurador que ha inspeccionado minuciosamente la obra y le ha realizado algunas pruebas, por ejemplo con rayos ultravioleta, que han precisado que tanto la tela como los pigmentos son antiguos, los propios del siglo XVII, y que los retoques posteriores son m\u00ednimos.<\/p>\n\n<p>El veredicto es rotundo, seg\u00fan las conclusiones a las que ha tenido acceso este diario. \u201cPuppi est\u00e1 convencido de que es el \u00faltimo cuadro que el Greco cre\u00f3 en Venecia, bajo el influjo de Tiziano. A su juicio, se trata de la primera Magdalena que pint\u00f3, una grisalla a partir de la cual hizo todas las dem\u00e1s en Espa\u00f1a, mucho m\u00e1s coloridas, siguiendo el gusto de aqu\u00ed. Los tonos m\u00e1s oscuros de la obra que sirvi\u00f3 de modelo de toda la serie es lo que siempre ha despistado a los especialistas. Lo ve\u00edan un Greco demasiado raro, pasando por alto que, al final de su vida, recuper\u00f3 las grisadas\u201d, subraya el padre Laplana, que a\u00fan as\u00ed mantiene un \u00faltimo punto de cautela. La obra ser\u00e1 sometida a Italia adem\u00e1s de an\u00e1lisis que acabar\u00e1n de certificar las hip\u00f3tesis de los investigadores. El examen definitivo, que incluir\u00e1 una radiograf\u00eda y una reflectograf\u00eda infrarroja, lo realizar\u00e1n unos laboratorios de referencia en el sector de la restauraci\u00f3n: la empresa Nicola Restauri, situada en Aramengo, cerca de Tur\u00edn.<\/p>\n\n<p>Laplana se muestra todav\u00eda prudente, pero el comit\u00e9 cient\u00edfico de la exposici\u00f3n considera que ya tiene elementos suficientes para defender a este Greco y ha decidido incorporar la pieza en el recorrido. De cara a los medios de comunicaci\u00f3n, la est\u00e1 promocionando como uno de los reclamos. Magdalena penitente se ir\u00e1 de Montserrat este mi\u00e9rcoles y, nada m\u00e1s aterrizar en la pen\u00ednsula it\u00e1lica, recibir\u00e1 un ba\u00f1o de masas medi\u00e1tico. La prensa ha sido convocada a un acto en el transcurso del cual se abrir\u00e1 de forma solemne la caja a la que llegar\u00e1.<\/p>\n\n<p>El director del Museo de Montserrat respira tranquilo. \u00c9l siempre ha tenido bastante claro qui\u00e9n era el autor de este cuadro que ingres\u00f3 en la abad\u00eda en 1980, procedente de la colecci\u00f3n de Josep Sala Ardiz, que dio todo su legado a Montserrat. No desconfiaba, pero segu\u00eda atentamente, y hasta cierto punto entend\u00eda, el debate de los expertos. Como se\u00f1al de respeto a estas discusiones, el museo, aunque luc\u00eda con orgullo su tesoro en las salas, denegaba todas las peticiones que recib\u00eda para exponer la tela fuera. \u201cUna cosa era descolgarla de la pared, que habr\u00eda sido como matarla, y otra pasearla para seguir alimentando unas posturas tan opuestas. Ahora es diferente porque hay una b\u00fasqueda seria y un informe firme detr\u00e1s\u201d, apunta el padre Laplana.<\/p>\n\n<p><\/p>\n\n<p><\/p>\n\n<figure class=\"wp-block-image aligncenter size-full\"><img fetchpriority=\"high\" decoding=\"async\" width=\"419\" height=\"540\" src=\"https:\/\/cracpatrimoni.com\/wp-content\/uploads\/2022\/12\/La_Magdalena_penitent-_Atributted_to_El_Greco_Museu_de_Montserrat.jpeg\" alt=\"\" class=\"wp-image-3003\" srcset=\"https:\/\/cracpatrimoni.com\/wp-content\/uploads\/2022\/12\/La_Magdalena_penitent-_Atributted_to_El_Greco_Museu_de_Montserrat.jpeg 419w, https:\/\/cracpatrimoni.com\/wp-content\/uploads\/2022\/12\/La_Magdalena_penitent-_Atributted_to_El_Greco_Museu_de_Montserrat-233x300.jpeg 233w\" sizes=\"(max-width: 419px) 100vw, 419px\" \/><figcaption class=\"wp-element-caption\">Magdalena Penitent &#8211; El Greco<\/figcaption><\/figure>\n\n<p><\/p>\n\n<p class=\"has-text-align-center\"><strong>Jos\u00e9 Milicua ten\u00eda raz\u00f3n<\/strong><\/p>\n\n<p>El cuestionado Greco no sal\u00eda de la monta\u00f1a desde mediados de los a\u00f1os noventa, despu\u00e9s de participar en una exposici\u00f3n en el Museo Nacional de Arte de Catalu\u00f1a (MNAC), El Greco. La revalorizaci\u00f3n por el modernismo catal\u00e1n, de la que fue comisario Jos\u00e9 Milicua. Aunque Milicua aval\u00f3 la autenticidad de la obra \u2013\u201cse la mir\u00f3 con lupa y la toc\u00f3, no como otros que hablan sin haberla visto nunca, y lleg\u00f3 a las mismas conclusiones a las que ha llegado Puppi\u201d\u2013, la controversia fue intensa, con opiniones tan radicales como la del eminente Fernando Mar\u00edas, quien no estuvo de pregonar que la obra es absolutamente falsa. Laplana qued\u00f3 tan escarmentado que decidi\u00f3 dejarla reposar fijando un reto para los siguientes a\u00f1os: un estudio a fondo, \u201csereno y profundo\u201d, para dilucidar el enigma de la autor\u00eda. Despu\u00e9s de tanto tiempo esper\u00e1ndole, ya es una realidad.<\/p>\n\n<p>\u00bfLa penitencia se acaba para la Magdalena del Museo de Montserrat? Parece que s\u00ed. Laplana habla de &#8220;rehabilitaci\u00f3n&#8221; de un cuadro con una historia bastante accidentada. Su primer propietario conocido fue Josep Gallart i Folch, el due\u00f1o de Hispano-Suiza, bibli\u00f3filo y aficionado al arte. Seg\u00fan el periodista Llu\u00eds Permanyer, que tuvo acceso a sus memorias, compr\u00f3 la obra en los a\u00f1os cuarenta en el Rastro madrile\u00f1o por 8.000 pesetas. Quienes siempre han sospechado que esta Magdalena no era aut\u00e9ntica han predicado este s\u00f3lido argumento: c\u00f3mo hab\u00eda podido ir a parar un Greco en un mercadillo en una \u00e9poca en la que el artista ya estaba encaramado en el trono de los grandes maestros de la pintura ? Un buen misterio que, en ausencia de documentaci\u00f3n, es muy mal resolver.<\/p>\n\n<p>En el Museo de Montserrat se encuentra la factura de la siguiente transacci\u00f3n: 412.500 pesetas que pag\u00f3 pocos a\u00f1os despu\u00e9s Josep Sala Ardiz en la Sala Par\u00e9s de Barcelona, fiado del experto que garantizaba la firma de la obra, Xavier de Salas Bosch, que fue director del Museo del Prado en los a\u00f1os setenta.<\/p>\n\n<p>Pero desde el principio este Greco estaba maldito por teor\u00edas para todos los gustos y disgustos. Siempre ha tenido partidarios de su autenticidad de mucho peso, como Harold Wethey. Ahora bien, \u00e9l y otros entendidos no disimulaban que es un trabajo menor del artista, de calidad baj\u00edsima en comparaci\u00f3n con la inmensa Magdalena penitente que tiene el Museo de Bellas Artes de Budapest. Wethey describi\u00f3 as\u00ed la pieza montserratina: \u201cVersi\u00f3n agradable y peque\u00f1a de la pintura de Budapest, pero que no tiene su fuerza ni su consistencia.\u201d<\/p>\n\n<p>En el bando de los expertos que han negado la presencia de la pincelada del Greco, est\u00e1n quienes aseguran que se trata de una copia hecha por el taller del maestro. Halldor Soehner, imprescindible en el universo de sabios del Greco, estaba convencido. Y quienes han ido m\u00e1s all\u00e1 han dicho que es una falsificaci\u00f3n descarada, es decir, una simple imitaci\u00f3n moderna, de finales del XIX o principios del XX, justo el momento en que el Greco, ignorado y menospreciado durante siglos, fue revalorizado.<\/p>\n\n<div class=\"wp-block-columns is-layout-flex wp-container-core-columns-is-layout-28f84493 wp-block-columns-is-layout-flex\">\n<div class=\"wp-block-column is-layout-flow wp-block-column-is-layout-flow\"><\/div>\n<\/div>\n","protected":false},"excerpt":{"rendered":"<p>El Greco de Montserrat es aut\u00e9ntico A Magdalena penitente del Museo de Montserrat, el castigo por su dudosa autor\u00eda le ha perseguido hasta nuestros d\u00edas. Pero esa mortificaci\u00f3n en forma de pol\u00e9micas \u2013a menudo no del todo rigurosas\u2013 entre entendidos podr\u00eda haber llegado a su fin. \u00bfPint\u00f3 Dom\u00e9nikos Theotok\u00f3poulos El Greco (1541-1614) ese peque\u00f1o \u00f3leo [&hellip;]<\/p>\n","protected":false},"author":2,"featured_media":3599,"comment_status":"closed","ping_status":"open","sticky":false,"template":"","format":"standard","meta":{"_acf_changed":false,"footnotes":""},"categories":[39],"tags":[],"class_list":["post-4600","post","type-post","status-publish","format-standard","has-post-thumbnail","hentry","category-reunion-tecnica"],"acf":[],"yoast_head":"<!-- This site is optimized with the Yoast SEO plugin v27.5 - https:\/\/yoast.com\/product\/yoast-seo-wordpress\/ -->\n<title>Especialistas italianos consideran que la Magdalena penitente del Museo de Montserrat es obra del Greco - CRAC<\/title>\n<meta name=\"robots\" content=\"index, follow, max-snippet:-1, max-image-preview:large, max-video-preview:-1\" \/>\n<link rel=\"canonical\" href=\"https:\/\/cracpatrimoni.com\/es\/especialistas-italianos-consideran-que-la-magdalena-penitente-del-museo-de-montserrat-es-obra-del-greco\/\" \/>\n<meta property=\"og:locale\" content=\"es_ES\" \/>\n<meta property=\"og:type\" content=\"article\" \/>\n<meta property=\"og:title\" content=\"Especialistas italianos consideran que la Magdalena penitente del Museo de Montserrat es obra del Greco - CRAC\" \/>\n<meta property=\"og:description\" content=\"El Greco de Montserrat es aut\u00e9ntico A Magdalena penitente del Museo de Montserrat, el castigo por su dudosa autor\u00eda le ha perseguido hasta nuestros d\u00edas. Pero esa mortificaci\u00f3n en forma de pol\u00e9micas \u2013a menudo no del todo rigurosas\u2013 entre entendidos podr\u00eda haber llegado a su fin. \u00bfPint\u00f3 Dom\u00e9nikos Theotok\u00f3poulos El Greco (1541-1614) ese peque\u00f1o \u00f3leo [&hellip;]\" \/>\n<meta property=\"og:url\" content=\"https:\/\/cracpatrimoni.com\/es\/especialistas-italianos-consideran-que-la-magdalena-penitente-del-museo-de-montserrat-es-obra-del-greco\/\" \/>\n<meta property=\"og:site_name\" content=\"CRAC\" \/>\n<meta property=\"article:published_time\" content=\"2015-10-29T00:26:49+00:00\" \/>\n<meta property=\"article:modified_time\" content=\"2023-01-09T14:10:39+00:00\" \/>\n<meta property=\"og:image\" content=\"https:\/\/cracpatrimoni.com\/wp-content\/uploads\/2015\/10\/miniatura-news-greco.png\" \/>\n\t<meta property=\"og:image:width\" content=\"1000\" \/>\n\t<meta property=\"og:image:height\" content=\"1000\" \/>\n\t<meta property=\"og:image:type\" content=\"image\/png\" \/>\n<meta name=\"author\" content=\"Ingrid Ferrer Homs\" \/>\n<meta name=\"twitter:card\" content=\"summary_large_image\" \/>\n<meta name=\"twitter:label1\" content=\"Escrito por\" \/>\n\t<meta name=\"twitter:data1\" content=\"Ingrid Ferrer Homs\" \/>\n\t<meta name=\"twitter:label2\" content=\"Tiempo de lectura\" \/>\n\t<meta name=\"twitter:data2\" content=\"6 minutos\" \/>\n<script type=\"application\/ld+json\" class=\"yoast-schema-graph\">{\"@context\":\"https:\\\/\\\/schema.org\",\"@graph\":[{\"@type\":\"Article\",\"@id\":\"https:\\\/\\\/cracpatrimoni.com\\\/es\\\/especialistas-italianos-consideran-que-la-magdalena-penitente-del-museo-de-montserrat-es-obra-del-greco\\\/#article\",\"isPartOf\":{\"@id\":\"https:\\\/\\\/cracpatrimoni.com\\\/es\\\/especialistas-italianos-consideran-que-la-magdalena-penitente-del-museo-de-montserrat-es-obra-del-greco\\\/\"},\"author\":{\"name\":\"Ingrid Ferrer Homs\",\"@id\":\"https:\\\/\\\/cracpatrimoni.com\\\/es\\\/#\\\/schema\\\/person\\\/be5a2af72e5ad4df9b5b33a09cc0ef9d\"},\"headline\":\"Especialistas italianos consideran que la Magdalena penitente del Museo de Montserrat es obra del Greco\",\"datePublished\":\"2015-10-29T00:26:49+00:00\",\"dateModified\":\"2023-01-09T14:10:39+00:00\",\"mainEntityOfPage\":{\"@id\":\"https:\\\/\\\/cracpatrimoni.com\\\/es\\\/especialistas-italianos-consideran-que-la-magdalena-penitente-del-museo-de-montserrat-es-obra-del-greco\\\/\"},\"wordCount\":1265,\"publisher\":{\"@id\":\"https:\\\/\\\/cracpatrimoni.com\\\/es\\\/#organization\"},\"image\":{\"@id\":\"https:\\\/\\\/cracpatrimoni.com\\\/es\\\/especialistas-italianos-consideran-que-la-magdalena-penitente-del-museo-de-montserrat-es-obra-del-greco\\\/#primaryimage\"},\"thumbnailUrl\":\"https:\\\/\\\/cracpatrimoni.com\\\/wp-content\\\/uploads\\\/2015\\\/10\\\/miniatura-news-greco.png\",\"articleSection\":[\"Reuni\u00f3n t\u00e9cnica\"],\"inLanguage\":\"es\"},{\"@type\":\"WebPage\",\"@id\":\"https:\\\/\\\/cracpatrimoni.com\\\/es\\\/especialistas-italianos-consideran-que-la-magdalena-penitente-del-museo-de-montserrat-es-obra-del-greco\\\/\",\"url\":\"https:\\\/\\\/cracpatrimoni.com\\\/es\\\/especialistas-italianos-consideran-que-la-magdalena-penitente-del-museo-de-montserrat-es-obra-del-greco\\\/\",\"name\":\"Especialistas italianos consideran que la Magdalena penitente del Museo de Montserrat es obra del Greco - CRAC\",\"isPartOf\":{\"@id\":\"https:\\\/\\\/cracpatrimoni.com\\\/es\\\/#website\"},\"primaryImageOfPage\":{\"@id\":\"https:\\\/\\\/cracpatrimoni.com\\\/es\\\/especialistas-italianos-consideran-que-la-magdalena-penitente-del-museo-de-montserrat-es-obra-del-greco\\\/#primaryimage\"},\"image\":{\"@id\":\"https:\\\/\\\/cracpatrimoni.com\\\/es\\\/especialistas-italianos-consideran-que-la-magdalena-penitente-del-museo-de-montserrat-es-obra-del-greco\\\/#primaryimage\"},\"thumbnailUrl\":\"https:\\\/\\\/cracpatrimoni.com\\\/wp-content\\\/uploads\\\/2015\\\/10\\\/miniatura-news-greco.png\",\"datePublished\":\"2015-10-29T00:26:49+00:00\",\"dateModified\":\"2023-01-09T14:10:39+00:00\",\"breadcrumb\":{\"@id\":\"https:\\\/\\\/cracpatrimoni.com\\\/es\\\/especialistas-italianos-consideran-que-la-magdalena-penitente-del-museo-de-montserrat-es-obra-del-greco\\\/#breadcrumb\"},\"inLanguage\":\"es\",\"potentialAction\":[{\"@type\":\"ReadAction\",\"target\":[\"https:\\\/\\\/cracpatrimoni.com\\\/es\\\/especialistas-italianos-consideran-que-la-magdalena-penitente-del-museo-de-montserrat-es-obra-del-greco\\\/\"]}]},{\"@type\":\"ImageObject\",\"inLanguage\":\"es\",\"@id\":\"https:\\\/\\\/cracpatrimoni.com\\\/es\\\/especialistas-italianos-consideran-que-la-magdalena-penitente-del-museo-de-montserrat-es-obra-del-greco\\\/#primaryimage\",\"url\":\"https:\\\/\\\/cracpatrimoni.com\\\/wp-content\\\/uploads\\\/2015\\\/10\\\/miniatura-news-greco.png\",\"contentUrl\":\"https:\\\/\\\/cracpatrimoni.com\\\/wp-content\\\/uploads\\\/2015\\\/10\\\/miniatura-news-greco.png\",\"width\":1000,\"height\":1000},{\"@type\":\"BreadcrumbList\",\"@id\":\"https:\\\/\\\/cracpatrimoni.com\\\/es\\\/especialistas-italianos-consideran-que-la-magdalena-penitente-del-museo-de-montserrat-es-obra-del-greco\\\/#breadcrumb\",\"itemListElement\":[{\"@type\":\"ListItem\",\"position\":1,\"name\":\"Portada\",\"item\":\"https:\\\/\\\/cracpatrimoni.com\\\/es\\\/\"},{\"@type\":\"ListItem\",\"position\":2,\"name\":\"Especialistas italianos consideran que la Magdalena penitente del Museo de Montserrat es obra del Greco\"}]},{\"@type\":\"WebSite\",\"@id\":\"https:\\\/\\\/cracpatrimoni.com\\\/es\\\/#website\",\"url\":\"https:\\\/\\\/cracpatrimoni.com\\\/es\\\/\",\"name\":\"CRAC\",\"description\":\"Conservadors restauradors associats de Catalunya\",\"publisher\":{\"@id\":\"https:\\\/\\\/cracpatrimoni.com\\\/es\\\/#organization\"},\"potentialAction\":[{\"@type\":\"SearchAction\",\"target\":{\"@type\":\"EntryPoint\",\"urlTemplate\":\"https:\\\/\\\/cracpatrimoni.com\\\/es\\\/?s={search_term_string}\"},\"query-input\":{\"@type\":\"PropertyValueSpecification\",\"valueRequired\":true,\"valueName\":\"search_term_string\"}}],\"inLanguage\":\"es\"},{\"@type\":\"Organization\",\"@id\":\"https:\\\/\\\/cracpatrimoni.com\\\/es\\\/#organization\",\"name\":\"CRAC\",\"url\":\"https:\\\/\\\/cracpatrimoni.com\\\/es\\\/\",\"logo\":{\"@type\":\"ImageObject\",\"inLanguage\":\"es\",\"@id\":\"https:\\\/\\\/cracpatrimoni.com\\\/es\\\/#\\\/schema\\\/logo\\\/image\\\/\",\"url\":\"https:\\\/\\\/cracpatrimoni.com\\\/wp-content\\\/uploads\\\/2022\\\/11\\\/logocrac-1-1.png\",\"contentUrl\":\"https:\\\/\\\/cracpatrimoni.com\\\/wp-content\\\/uploads\\\/2022\\\/11\\\/logocrac-1-1.png\",\"width\":384,\"height\":152,\"caption\":\"CRAC\"},\"image\":{\"@id\":\"https:\\\/\\\/cracpatrimoni.com\\\/es\\\/#\\\/schema\\\/logo\\\/image\\\/\"}},{\"@type\":\"Person\",\"@id\":\"https:\\\/\\\/cracpatrimoni.com\\\/es\\\/#\\\/schema\\\/person\\\/be5a2af72e5ad4df9b5b33a09cc0ef9d\",\"name\":\"Ingrid Ferrer Homs\",\"image\":{\"@type\":\"ImageObject\",\"inLanguage\":\"es\",\"@id\":\"https:\\\/\\\/secure.gravatar.com\\\/avatar\\\/93e98562c9a14b3ca456ad9f1aad2bddb77211fafffaeca30b5f801ccbf2ea3d?s=96&d=mm&r=g\",\"url\":\"https:\\\/\\\/secure.gravatar.com\\\/avatar\\\/93e98562c9a14b3ca456ad9f1aad2bddb77211fafffaeca30b5f801ccbf2ea3d?s=96&d=mm&r=g\",\"contentUrl\":\"https:\\\/\\\/secure.gravatar.com\\\/avatar\\\/93e98562c9a14b3ca456ad9f1aad2bddb77211fafffaeca30b5f801ccbf2ea3d?s=96&d=mm&r=g\",\"caption\":\"Ingrid Ferrer Homs\"},\"url\":\"https:\\\/\\\/cracpatrimoni.com\\\/es\\\/author\\\/ingrid\\\/\"}]}<\/script>\n<!-- \/ Yoast SEO plugin. -->","yoast_head_json":{"title":"Especialistas italianos consideran que la Magdalena penitente del Museo de Montserrat es obra del Greco - CRAC","robots":{"index":"index","follow":"follow","max-snippet":"max-snippet:-1","max-image-preview":"max-image-preview:large","max-video-preview":"max-video-preview:-1"},"canonical":"https:\/\/cracpatrimoni.com\/es\/especialistas-italianos-consideran-que-la-magdalena-penitente-del-museo-de-montserrat-es-obra-del-greco\/","og_locale":"es_ES","og_type":"article","og_title":"Especialistas italianos consideran que la Magdalena penitente del Museo de Montserrat es obra del Greco - CRAC","og_description":"El Greco de Montserrat es aut\u00e9ntico A Magdalena penitente del Museo de Montserrat, el castigo por su dudosa autor\u00eda le ha perseguido hasta nuestros d\u00edas. Pero esa mortificaci\u00f3n en forma de pol\u00e9micas \u2013a menudo no del todo rigurosas\u2013 entre entendidos podr\u00eda haber llegado a su fin. \u00bfPint\u00f3 Dom\u00e9nikos Theotok\u00f3poulos El Greco (1541-1614) ese peque\u00f1o \u00f3leo [&hellip;]","og_url":"https:\/\/cracpatrimoni.com\/es\/especialistas-italianos-consideran-que-la-magdalena-penitente-del-museo-de-montserrat-es-obra-del-greco\/","og_site_name":"CRAC","article_published_time":"2015-10-29T00:26:49+00:00","article_modified_time":"2023-01-09T14:10:39+00:00","og_image":[{"width":1000,"height":1000,"url":"https:\/\/cracpatrimoni.com\/wp-content\/uploads\/2015\/10\/miniatura-news-greco.png","type":"image\/png"}],"author":"Ingrid Ferrer Homs","twitter_card":"summary_large_image","twitter_misc":{"Escrito por":"Ingrid Ferrer Homs","Tiempo de lectura":"6 minutos"},"schema":{"@context":"https:\/\/schema.org","@graph":[{"@type":"Article","@id":"https:\/\/cracpatrimoni.com\/es\/especialistas-italianos-consideran-que-la-magdalena-penitente-del-museo-de-montserrat-es-obra-del-greco\/#article","isPartOf":{"@id":"https:\/\/cracpatrimoni.com\/es\/especialistas-italianos-consideran-que-la-magdalena-penitente-del-museo-de-montserrat-es-obra-del-greco\/"},"author":{"name":"Ingrid Ferrer Homs","@id":"https:\/\/cracpatrimoni.com\/es\/#\/schema\/person\/be5a2af72e5ad4df9b5b33a09cc0ef9d"},"headline":"Especialistas italianos consideran que la Magdalena penitente del Museo de Montserrat es obra del Greco","datePublished":"2015-10-29T00:26:49+00:00","dateModified":"2023-01-09T14:10:39+00:00","mainEntityOfPage":{"@id":"https:\/\/cracpatrimoni.com\/es\/especialistas-italianos-consideran-que-la-magdalena-penitente-del-museo-de-montserrat-es-obra-del-greco\/"},"wordCount":1265,"publisher":{"@id":"https:\/\/cracpatrimoni.com\/es\/#organization"},"image":{"@id":"https:\/\/cracpatrimoni.com\/es\/especialistas-italianos-consideran-que-la-magdalena-penitente-del-museo-de-montserrat-es-obra-del-greco\/#primaryimage"},"thumbnailUrl":"https:\/\/cracpatrimoni.com\/wp-content\/uploads\/2015\/10\/miniatura-news-greco.png","articleSection":["Reuni\u00f3n t\u00e9cnica"],"inLanguage":"es"},{"@type":"WebPage","@id":"https:\/\/cracpatrimoni.com\/es\/especialistas-italianos-consideran-que-la-magdalena-penitente-del-museo-de-montserrat-es-obra-del-greco\/","url":"https:\/\/cracpatrimoni.com\/es\/especialistas-italianos-consideran-que-la-magdalena-penitente-del-museo-de-montserrat-es-obra-del-greco\/","name":"Especialistas italianos consideran que la Magdalena penitente del Museo de Montserrat es obra del Greco - CRAC","isPartOf":{"@id":"https:\/\/cracpatrimoni.com\/es\/#website"},"primaryImageOfPage":{"@id":"https:\/\/cracpatrimoni.com\/es\/especialistas-italianos-consideran-que-la-magdalena-penitente-del-museo-de-montserrat-es-obra-del-greco\/#primaryimage"},"image":{"@id":"https:\/\/cracpatrimoni.com\/es\/especialistas-italianos-consideran-que-la-magdalena-penitente-del-museo-de-montserrat-es-obra-del-greco\/#primaryimage"},"thumbnailUrl":"https:\/\/cracpatrimoni.com\/wp-content\/uploads\/2015\/10\/miniatura-news-greco.png","datePublished":"2015-10-29T00:26:49+00:00","dateModified":"2023-01-09T14:10:39+00:00","breadcrumb":{"@id":"https:\/\/cracpatrimoni.com\/es\/especialistas-italianos-consideran-que-la-magdalena-penitente-del-museo-de-montserrat-es-obra-del-greco\/#breadcrumb"},"inLanguage":"es","potentialAction":[{"@type":"ReadAction","target":["https:\/\/cracpatrimoni.com\/es\/especialistas-italianos-consideran-que-la-magdalena-penitente-del-museo-de-montserrat-es-obra-del-greco\/"]}]},{"@type":"ImageObject","inLanguage":"es","@id":"https:\/\/cracpatrimoni.com\/es\/especialistas-italianos-consideran-que-la-magdalena-penitente-del-museo-de-montserrat-es-obra-del-greco\/#primaryimage","url":"https:\/\/cracpatrimoni.com\/wp-content\/uploads\/2015\/10\/miniatura-news-greco.png","contentUrl":"https:\/\/cracpatrimoni.com\/wp-content\/uploads\/2015\/10\/miniatura-news-greco.png","width":1000,"height":1000},{"@type":"BreadcrumbList","@id":"https:\/\/cracpatrimoni.com\/es\/especialistas-italianos-consideran-que-la-magdalena-penitente-del-museo-de-montserrat-es-obra-del-greco\/#breadcrumb","itemListElement":[{"@type":"ListItem","position":1,"name":"Portada","item":"https:\/\/cracpatrimoni.com\/es\/"},{"@type":"ListItem","position":2,"name":"Especialistas italianos consideran que la Magdalena penitente del Museo de Montserrat es obra del Greco"}]},{"@type":"WebSite","@id":"https:\/\/cracpatrimoni.com\/es\/#website","url":"https:\/\/cracpatrimoni.com\/es\/","name":"CRAC","description":"Conservadors restauradors associats de Catalunya","publisher":{"@id":"https:\/\/cracpatrimoni.com\/es\/#organization"},"potentialAction":[{"@type":"SearchAction","target":{"@type":"EntryPoint","urlTemplate":"https:\/\/cracpatrimoni.com\/es\/?s={search_term_string}"},"query-input":{"@type":"PropertyValueSpecification","valueRequired":true,"valueName":"search_term_string"}}],"inLanguage":"es"},{"@type":"Organization","@id":"https:\/\/cracpatrimoni.com\/es\/#organization","name":"CRAC","url":"https:\/\/cracpatrimoni.com\/es\/","logo":{"@type":"ImageObject","inLanguage":"es","@id":"https:\/\/cracpatrimoni.com\/es\/#\/schema\/logo\/image\/","url":"https:\/\/cracpatrimoni.com\/wp-content\/uploads\/2022\/11\/logocrac-1-1.png","contentUrl":"https:\/\/cracpatrimoni.com\/wp-content\/uploads\/2022\/11\/logocrac-1-1.png","width":384,"height":152,"caption":"CRAC"},"image":{"@id":"https:\/\/cracpatrimoni.com\/es\/#\/schema\/logo\/image\/"}},{"@type":"Person","@id":"https:\/\/cracpatrimoni.com\/es\/#\/schema\/person\/be5a2af72e5ad4df9b5b33a09cc0ef9d","name":"Ingrid Ferrer Homs","image":{"@type":"ImageObject","inLanguage":"es","@id":"https:\/\/secure.gravatar.com\/avatar\/93e98562c9a14b3ca456ad9f1aad2bddb77211fafffaeca30b5f801ccbf2ea3d?s=96&d=mm&r=g","url":"https:\/\/secure.gravatar.com\/avatar\/93e98562c9a14b3ca456ad9f1aad2bddb77211fafffaeca30b5f801ccbf2ea3d?s=96&d=mm&r=g","contentUrl":"https:\/\/secure.gravatar.com\/avatar\/93e98562c9a14b3ca456ad9f1aad2bddb77211fafffaeca30b5f801ccbf2ea3d?s=96&d=mm&r=g","caption":"Ingrid Ferrer Homs"},"url":"https:\/\/cracpatrimoni.com\/es\/author\/ingrid\/"}]}},"_links":{"self":[{"href":"https:\/\/cracpatrimoni.com\/es\/wp-json\/wp\/v2\/posts\/4600","targetHints":{"allow":["GET"]}}],"collection":[{"href":"https:\/\/cracpatrimoni.com\/es\/wp-json\/wp\/v2\/posts"}],"about":[{"href":"https:\/\/cracpatrimoni.com\/es\/wp-json\/wp\/v2\/types\/post"}],"author":[{"embeddable":true,"href":"https:\/\/cracpatrimoni.com\/es\/wp-json\/wp\/v2\/users\/2"}],"replies":[{"embeddable":true,"href":"https:\/\/cracpatrimoni.com\/es\/wp-json\/wp\/v2\/comments?post=4600"}],"version-history":[{"count":3,"href":"https:\/\/cracpatrimoni.com\/es\/wp-json\/wp\/v2\/posts\/4600\/revisions"}],"predecessor-version":[{"id":4820,"href":"https:\/\/cracpatrimoni.com\/es\/wp-json\/wp\/v2\/posts\/4600\/revisions\/4820"}],"wp:featuredmedia":[{"embeddable":true,"href":"https:\/\/cracpatrimoni.com\/es\/wp-json\/wp\/v2\/media\/3599"}],"wp:attachment":[{"href":"https:\/\/cracpatrimoni.com\/es\/wp-json\/wp\/v2\/media?parent=4600"}],"wp:term":[{"taxonomy":"category","embeddable":true,"href":"https:\/\/cracpatrimoni.com\/es\/wp-json\/wp\/v2\/categories?post=4600"},{"taxonomy":"post_tag","embeddable":true,"href":"https:\/\/cracpatrimoni.com\/es\/wp-json\/wp\/v2\/tags?post=4600"}],"curies":[{"name":"wp","href":"https:\/\/api.w.org\/{rel}","templated":true}]}}