{"id":4598,"date":"2015-10-04T20:28:00","date_gmt":"2015-10-04T20:28:00","guid":{"rendered":"http:\/\/cracpatrimoni.com\/nieves-valentin-premio-nacional-de-restauracion-y-conservacion-de-bienes-culturales-2015\/"},"modified":"2023-01-09T14:10:39","modified_gmt":"2023-01-09T14:10:39","slug":"nieves-valentin-premio-nacional-de-restauracion-y-conservacion-de-bienes-culturales-2015","status":"publish","type":"post","link":"https:\/\/cracpatrimoni.com\/es\/nieves-valentin-premio-nacional-de-restauracion-y-conservacion-de-bienes-culturales-2015\/","title":{"rendered":"Nieves Valent\u00edn &#8220;Premio Nacional de Restauraci\u00f3n y Conservaci\u00f3n de Bienes Culturales 2015&#8221;"},"content":{"rendered":"\n<p>El Ministerio de Educaci\u00f3n, Cultura y Deporte, ha concedido el premio dotado con 30.000 euros a la bi\u00f3loga <strong>Nieves Valent\u00edn<\/strong> por su trayectoria profesional que ha dedicado a la conservaci\u00f3n preventiva y, m\u00e1s espec\u00edficamente, al biodeterioro de los bienes culturales y a los sistemas no t\u00f3xicos de desinfecci\u00f3n y desinsectaci\u00f3n as\u00ed como a la importancia de mantener una buena calidad del aire en los entornos patrimoniales .<\/p>\n\n<p class=\"has-luminous-vivid-orange-color has-text-color\"><strong>Pod\u00e9is leer m\u00e1s informaci\u00f3n aqu\u00ed:<\/strong><\/p>\n\n<ul class=\"wp-block-list\">\n<li><a href=\"http:\/\/www.mecd.gob.es\/prensa-mecd\/eu\/actualidad\/2015\/09\/20150929-nieves.html\" target=\"_blank\" rel=\"noreferrer noopener\">Nota de prensa del Ministerio de Educaci\u00f3n, Cultura y Deporte<\/a><\/li>\n\n\n\n<li>Art\u00edculo de <a href=\"http:\/\/cultura.elpais.com\/cultura\/2015\/09\/29\/actualidad\/1443528964_054003.html\" target=\"_blank\" rel=\"noreferrer noopener\">El Pa\u00eds<\/a>, 29-09-2015<\/li>\n<\/ul>\n","protected":false},"excerpt":{"rendered":"<p>El Ministerio de Educaci\u00f3n, Cultura y Deporte, ha concedido el premio dotado con 30.000 euros a la bi\u00f3loga Nieves Valent\u00edn por su trayectoria profesional que ha dedicado a la conservaci\u00f3n preventiva y, m\u00e1s espec\u00edficamente, al biodeterioro de los bienes culturales y a los sistemas no t\u00f3xicos de desinfecci\u00f3n y desinsectaci\u00f3n as\u00ed como a la importancia [&hellip;]<\/p>\n","protected":false},"author":2,"featured_media":4159,"comment_status":"closed","ping_status":"open","sticky":false,"template":"","format":"standard","meta":{"_acf_changed":false,"footnotes":""},"categories":[39],"tags":[],"class_list":["post-4598","post","type-post","status-publish","format-standard","has-post-thumbnail","hentry","category-reunion-tecnica"],"acf":[],"yoast_head":"<!-- This site is optimized with the Yoast SEO plugin v27.5 - https:\/\/yoast.com\/product\/yoast-seo-wordpress\/ -->\n<title>Nieves Valent\u00edn &quot;Premio Nacional de Restauraci\u00f3n y Conservaci\u00f3n de Bienes Culturales 2015&quot; - CRAC<\/title>\n<meta name=\"robots\" content=\"index, follow, max-snippet:-1, max-image-preview:large, max-video-preview:-1\" \/>\n<link rel=\"canonical\" href=\"https:\/\/cracpatrimoni.com\/es\/nieves-valentin-premio-nacional-de-restauracion-y-conservacion-de-bienes-culturales-2015\/\" \/>\n<meta property=\"og:locale\" content=\"es_ES\" \/>\n<meta property=\"og:type\" content=\"article\" \/>\n<meta property=\"og:title\" content=\"Nieves Valent\u00edn &quot;Premio Nacional de Restauraci\u00f3n y Conservaci\u00f3n de Bienes Culturales 2015&quot; - CRAC\" \/>\n<meta property=\"og:description\" content=\"El Ministerio de Educaci\u00f3n, Cultura y Deporte, ha concedido el premio dotado con 30.000 euros a la bi\u00f3loga Nieves Valent\u00edn por su trayectoria profesional que ha dedicado a la conservaci\u00f3n preventiva y, m\u00e1s espec\u00edficamente, al biodeterioro de los bienes culturales y a los sistemas no t\u00f3xicos de desinfecci\u00f3n y desinsectaci\u00f3n as\u00ed como a la importancia [&hellip;]\" \/>\n<meta property=\"og:url\" content=\"https:\/\/cracpatrimoni.com\/es\/nieves-valentin-premio-nacional-de-restauracion-y-conservacion-de-bienes-culturales-2015\/\" \/>\n<meta property=\"og:site_name\" content=\"CRAC\" \/>\n<meta property=\"article:published_time\" content=\"2015-10-04T20:28:00+00:00\" \/>\n<meta property=\"article:modified_time\" content=\"2023-01-09T14:10:39+00:00\" \/>\n<meta property=\"og:image\" content=\"https:\/\/cracpatrimoni.com\/wp-content\/uploads\/2025\/10\/miniatura-news-nieves-valentin.jpg\" \/>\n\t<meta property=\"og:image:width\" content=\"1000\" \/>\n\t<meta property=\"og:image:height\" content=\"1000\" \/>\n\t<meta property=\"og:image:type\" content=\"image\/jpeg\" \/>\n<meta name=\"author\" content=\"Ingrid Ferrer Homs\" \/>\n<meta name=\"twitter:card\" content=\"summary_large_image\" \/>\n<meta name=\"twitter:label1\" content=\"Escrito por\" \/>\n\t<meta name=\"twitter:data1\" content=\"Ingrid Ferrer Homs\" \/>\n\t<meta name=\"twitter:label2\" content=\"Tiempo de lectura\" \/>\n\t<meta name=\"twitter:data2\" content=\"1 minuto\" \/>\n<script type=\"application\/ld+json\" class=\"yoast-schema-graph\">{\"@context\":\"https:\\\/\\\/schema.org\",\"@graph\":[{\"@type\":\"Article\",\"@id\":\"https:\\\/\\\/cracpatrimoni.com\\\/es\\\/nieves-valentin-premio-nacional-de-restauracion-y-conservacion-de-bienes-culturales-2015\\\/#article\",\"isPartOf\":{\"@id\":\"https:\\\/\\\/cracpatrimoni.com\\\/es\\\/nieves-valentin-premio-nacional-de-restauracion-y-conservacion-de-bienes-culturales-2015\\\/\"},\"author\":{\"name\":\"Ingrid Ferrer Homs\",\"@id\":\"https:\\\/\\\/cracpatrimoni.com\\\/es\\\/#\\\/schema\\\/person\\\/be5a2af72e5ad4df9b5b33a09cc0ef9d\"},\"headline\":\"Nieves Valent\u00edn &#8220;Premio Nacional de Restauraci\u00f3n y Conservaci\u00f3n de Bienes Culturales 2015&#8221;\",\"datePublished\":\"2015-10-04T20:28:00+00:00\",\"dateModified\":\"2023-01-09T14:10:39+00:00\",\"mainEntityOfPage\":{\"@id\":\"https:\\\/\\\/cracpatrimoni.com\\\/es\\\/nieves-valentin-premio-nacional-de-restauracion-y-conservacion-de-bienes-culturales-2015\\\/\"},\"wordCount\":115,\"publisher\":{\"@id\":\"https:\\\/\\\/cracpatrimoni.com\\\/es\\\/#organization\"},\"image\":{\"@id\":\"https:\\\/\\\/cracpatrimoni.com\\\/es\\\/nieves-valentin-premio-nacional-de-restauracion-y-conservacion-de-bienes-culturales-2015\\\/#primaryimage\"},\"thumbnailUrl\":\"https:\\\/\\\/cracpatrimoni.com\\\/wp-content\\\/uploads\\\/2025\\\/10\\\/miniatura-news-nieves-valentin.jpg\",\"articleSection\":[\"Reuni\u00f3n t\u00e9cnica\"],\"inLanguage\":\"es\"},{\"@type\":\"WebPage\",\"@id\":\"https:\\\/\\\/cracpatrimoni.com\\\/es\\\/nieves-valentin-premio-nacional-de-restauracion-y-conservacion-de-bienes-culturales-2015\\\/\",\"url\":\"https:\\\/\\\/cracpatrimoni.com\\\/es\\\/nieves-valentin-premio-nacional-de-restauracion-y-conservacion-de-bienes-culturales-2015\\\/\",\"name\":\"Nieves Valent\u00edn \\\"Premio Nacional de Restauraci\u00f3n y Conservaci\u00f3n de Bienes Culturales 2015\\\" - CRAC\",\"isPartOf\":{\"@id\":\"https:\\\/\\\/cracpatrimoni.com\\\/es\\\/#website\"},\"primaryImageOfPage\":{\"@id\":\"https:\\\/\\\/cracpatrimoni.com\\\/es\\\/nieves-valentin-premio-nacional-de-restauracion-y-conservacion-de-bienes-culturales-2015\\\/#primaryimage\"},\"image\":{\"@id\":\"https:\\\/\\\/cracpatrimoni.com\\\/es\\\/nieves-valentin-premio-nacional-de-restauracion-y-conservacion-de-bienes-culturales-2015\\\/#primaryimage\"},\"thumbnailUrl\":\"https:\\\/\\\/cracpatrimoni.com\\\/wp-content\\\/uploads\\\/2025\\\/10\\\/miniatura-news-nieves-valentin.jpg\",\"datePublished\":\"2015-10-04T20:28:00+00:00\",\"dateModified\":\"2023-01-09T14:10:39+00:00\",\"breadcrumb\":{\"@id\":\"https:\\\/\\\/cracpatrimoni.com\\\/es\\\/nieves-valentin-premio-nacional-de-restauracion-y-conservacion-de-bienes-culturales-2015\\\/#breadcrumb\"},\"inLanguage\":\"es\",\"potentialAction\":[{\"@type\":\"ReadAction\",\"target\":[\"https:\\\/\\\/cracpatrimoni.com\\\/es\\\/nieves-valentin-premio-nacional-de-restauracion-y-conservacion-de-bienes-culturales-2015\\\/\"]}]},{\"@type\":\"ImageObject\",\"inLanguage\":\"es\",\"@id\":\"https:\\\/\\\/cracpatrimoni.com\\\/es\\\/nieves-valentin-premio-nacional-de-restauracion-y-conservacion-de-bienes-culturales-2015\\\/#primaryimage\",\"url\":\"https:\\\/\\\/cracpatrimoni.com\\\/wp-content\\\/uploads\\\/2025\\\/10\\\/miniatura-news-nieves-valentin.jpg\",\"contentUrl\":\"https:\\\/\\\/cracpatrimoni.com\\\/wp-content\\\/uploads\\\/2025\\\/10\\\/miniatura-news-nieves-valentin.jpg\",\"width\":1000,\"height\":1000,\"caption\":\"Nieves Valent\u00edn \\\"Premio Nacional de Restauraci\u00f3n y Conservaci\u00f3n de Bienes Culturales 2015\\\"\"},{\"@type\":\"BreadcrumbList\",\"@id\":\"https:\\\/\\\/cracpatrimoni.com\\\/es\\\/nieves-valentin-premio-nacional-de-restauracion-y-conservacion-de-bienes-culturales-2015\\\/#breadcrumb\",\"itemListElement\":[{\"@type\":\"ListItem\",\"position\":1,\"name\":\"Portada\",\"item\":\"https:\\\/\\\/cracpatrimoni.com\\\/es\\\/\"},{\"@type\":\"ListItem\",\"position\":2,\"name\":\"Nieves Valent\u00edn &#8220;Premio Nacional de Restauraci\u00f3n y Conservaci\u00f3n de Bienes Culturales 2015&#8221;\"}]},{\"@type\":\"WebSite\",\"@id\":\"https:\\\/\\\/cracpatrimoni.com\\\/es\\\/#website\",\"url\":\"https:\\\/\\\/cracpatrimoni.com\\\/es\\\/\",\"name\":\"CRAC\",\"description\":\"Conservadors restauradors associats de Catalunya\",\"publisher\":{\"@id\":\"https:\\\/\\\/cracpatrimoni.com\\\/es\\\/#organization\"},\"potentialAction\":[{\"@type\":\"SearchAction\",\"target\":{\"@type\":\"EntryPoint\",\"urlTemplate\":\"https:\\\/\\\/cracpatrimoni.com\\\/es\\\/?s={search_term_string}\"},\"query-input\":{\"@type\":\"PropertyValueSpecification\",\"valueRequired\":true,\"valueName\":\"search_term_string\"}}],\"inLanguage\":\"es\"},{\"@type\":\"Organization\",\"@id\":\"https:\\\/\\\/cracpatrimoni.com\\\/es\\\/#organization\",\"name\":\"CRAC\",\"url\":\"https:\\\/\\\/cracpatrimoni.com\\\/es\\\/\",\"logo\":{\"@type\":\"ImageObject\",\"inLanguage\":\"es\",\"@id\":\"https:\\\/\\\/cracpatrimoni.com\\\/es\\\/#\\\/schema\\\/logo\\\/image\\\/\",\"url\":\"https:\\\/\\\/cracpatrimoni.com\\\/wp-content\\\/uploads\\\/2022\\\/11\\\/logocrac-1-1.png\",\"contentUrl\":\"https:\\\/\\\/cracpatrimoni.com\\\/wp-content\\\/uploads\\\/2022\\\/11\\\/logocrac-1-1.png\",\"width\":384,\"height\":152,\"caption\":\"CRAC\"},\"image\":{\"@id\":\"https:\\\/\\\/cracpatrimoni.com\\\/es\\\/#\\\/schema\\\/logo\\\/image\\\/\"}},{\"@type\":\"Person\",\"@id\":\"https:\\\/\\\/cracpatrimoni.com\\\/es\\\/#\\\/schema\\\/person\\\/be5a2af72e5ad4df9b5b33a09cc0ef9d\",\"name\":\"Ingrid Ferrer Homs\",\"image\":{\"@type\":\"ImageObject\",\"inLanguage\":\"es\",\"@id\":\"https:\\\/\\\/secure.gravatar.com\\\/avatar\\\/93e98562c9a14b3ca456ad9f1aad2bddb77211fafffaeca30b5f801ccbf2ea3d?s=96&d=mm&r=g\",\"url\":\"https:\\\/\\\/secure.gravatar.com\\\/avatar\\\/93e98562c9a14b3ca456ad9f1aad2bddb77211fafffaeca30b5f801ccbf2ea3d?s=96&d=mm&r=g\",\"contentUrl\":\"https:\\\/\\\/secure.gravatar.com\\\/avatar\\\/93e98562c9a14b3ca456ad9f1aad2bddb77211fafffaeca30b5f801ccbf2ea3d?s=96&d=mm&r=g\",\"caption\":\"Ingrid Ferrer Homs\"},\"url\":\"https:\\\/\\\/cracpatrimoni.com\\\/es\\\/author\\\/ingrid\\\/\"}]}<\/script>\n<!-- \/ Yoast SEO plugin. -->","yoast_head_json":{"title":"Nieves Valent\u00edn \"Premio Nacional de Restauraci\u00f3n y Conservaci\u00f3n de Bienes Culturales 2015\" - CRAC","robots":{"index":"index","follow":"follow","max-snippet":"max-snippet:-1","max-image-preview":"max-image-preview:large","max-video-preview":"max-video-preview:-1"},"canonical":"https:\/\/cracpatrimoni.com\/es\/nieves-valentin-premio-nacional-de-restauracion-y-conservacion-de-bienes-culturales-2015\/","og_locale":"es_ES","og_type":"article","og_title":"Nieves Valent\u00edn \"Premio Nacional de Restauraci\u00f3n y Conservaci\u00f3n de Bienes Culturales 2015\" - CRAC","og_description":"El Ministerio de Educaci\u00f3n, Cultura y Deporte, ha concedido el premio dotado con 30.000 euros a la bi\u00f3loga Nieves Valent\u00edn por su trayectoria profesional que ha dedicado a la conservaci\u00f3n preventiva y, m\u00e1s espec\u00edficamente, al biodeterioro de los bienes culturales y a los sistemas no t\u00f3xicos de desinfecci\u00f3n y desinsectaci\u00f3n as\u00ed como a la importancia [&hellip;]","og_url":"https:\/\/cracpatrimoni.com\/es\/nieves-valentin-premio-nacional-de-restauracion-y-conservacion-de-bienes-culturales-2015\/","og_site_name":"CRAC","article_published_time":"2015-10-04T20:28:00+00:00","article_modified_time":"2023-01-09T14:10:39+00:00","og_image":[{"width":1000,"height":1000,"url":"https:\/\/cracpatrimoni.com\/wp-content\/uploads\/2025\/10\/miniatura-news-nieves-valentin.jpg","type":"image\/jpeg"}],"author":"Ingrid Ferrer Homs","twitter_card":"summary_large_image","twitter_misc":{"Escrito por":"Ingrid Ferrer Homs","Tiempo de lectura":"1 minuto"},"schema":{"@context":"https:\/\/schema.org","@graph":[{"@type":"Article","@id":"https:\/\/cracpatrimoni.com\/es\/nieves-valentin-premio-nacional-de-restauracion-y-conservacion-de-bienes-culturales-2015\/#article","isPartOf":{"@id":"https:\/\/cracpatrimoni.com\/es\/nieves-valentin-premio-nacional-de-restauracion-y-conservacion-de-bienes-culturales-2015\/"},"author":{"name":"Ingrid Ferrer Homs","@id":"https:\/\/cracpatrimoni.com\/es\/#\/schema\/person\/be5a2af72e5ad4df9b5b33a09cc0ef9d"},"headline":"Nieves Valent\u00edn &#8220;Premio Nacional de Restauraci\u00f3n y Conservaci\u00f3n de Bienes Culturales 2015&#8221;","datePublished":"2015-10-04T20:28:00+00:00","dateModified":"2023-01-09T14:10:39+00:00","mainEntityOfPage":{"@id":"https:\/\/cracpatrimoni.com\/es\/nieves-valentin-premio-nacional-de-restauracion-y-conservacion-de-bienes-culturales-2015\/"},"wordCount":115,"publisher":{"@id":"https:\/\/cracpatrimoni.com\/es\/#organization"},"image":{"@id":"https:\/\/cracpatrimoni.com\/es\/nieves-valentin-premio-nacional-de-restauracion-y-conservacion-de-bienes-culturales-2015\/#primaryimage"},"thumbnailUrl":"https:\/\/cracpatrimoni.com\/wp-content\/uploads\/2025\/10\/miniatura-news-nieves-valentin.jpg","articleSection":["Reuni\u00f3n t\u00e9cnica"],"inLanguage":"es"},{"@type":"WebPage","@id":"https:\/\/cracpatrimoni.com\/es\/nieves-valentin-premio-nacional-de-restauracion-y-conservacion-de-bienes-culturales-2015\/","url":"https:\/\/cracpatrimoni.com\/es\/nieves-valentin-premio-nacional-de-restauracion-y-conservacion-de-bienes-culturales-2015\/","name":"Nieves Valent\u00edn \"Premio Nacional de Restauraci\u00f3n y Conservaci\u00f3n de Bienes Culturales 2015\" - CRAC","isPartOf":{"@id":"https:\/\/cracpatrimoni.com\/es\/#website"},"primaryImageOfPage":{"@id":"https:\/\/cracpatrimoni.com\/es\/nieves-valentin-premio-nacional-de-restauracion-y-conservacion-de-bienes-culturales-2015\/#primaryimage"},"image":{"@id":"https:\/\/cracpatrimoni.com\/es\/nieves-valentin-premio-nacional-de-restauracion-y-conservacion-de-bienes-culturales-2015\/#primaryimage"},"thumbnailUrl":"https:\/\/cracpatrimoni.com\/wp-content\/uploads\/2025\/10\/miniatura-news-nieves-valentin.jpg","datePublished":"2015-10-04T20:28:00+00:00","dateModified":"2023-01-09T14:10:39+00:00","breadcrumb":{"@id":"https:\/\/cracpatrimoni.com\/es\/nieves-valentin-premio-nacional-de-restauracion-y-conservacion-de-bienes-culturales-2015\/#breadcrumb"},"inLanguage":"es","potentialAction":[{"@type":"ReadAction","target":["https:\/\/cracpatrimoni.com\/es\/nieves-valentin-premio-nacional-de-restauracion-y-conservacion-de-bienes-culturales-2015\/"]}]},{"@type":"ImageObject","inLanguage":"es","@id":"https:\/\/cracpatrimoni.com\/es\/nieves-valentin-premio-nacional-de-restauracion-y-conservacion-de-bienes-culturales-2015\/#primaryimage","url":"https:\/\/cracpatrimoni.com\/wp-content\/uploads\/2025\/10\/miniatura-news-nieves-valentin.jpg","contentUrl":"https:\/\/cracpatrimoni.com\/wp-content\/uploads\/2025\/10\/miniatura-news-nieves-valentin.jpg","width":1000,"height":1000,"caption":"Nieves Valent\u00edn \"Premio Nacional de Restauraci\u00f3n y Conservaci\u00f3n de Bienes Culturales 2015\""},{"@type":"BreadcrumbList","@id":"https:\/\/cracpatrimoni.com\/es\/nieves-valentin-premio-nacional-de-restauracion-y-conservacion-de-bienes-culturales-2015\/#breadcrumb","itemListElement":[{"@type":"ListItem","position":1,"name":"Portada","item":"https:\/\/cracpatrimoni.com\/es\/"},{"@type":"ListItem","position":2,"name":"Nieves Valent\u00edn &#8220;Premio Nacional de Restauraci\u00f3n y Conservaci\u00f3n de Bienes Culturales 2015&#8221;"}]},{"@type":"WebSite","@id":"https:\/\/cracpatrimoni.com\/es\/#website","url":"https:\/\/cracpatrimoni.com\/es\/","name":"CRAC","description":"Conservadors restauradors associats de Catalunya","publisher":{"@id":"https:\/\/cracpatrimoni.com\/es\/#organization"},"potentialAction":[{"@type":"SearchAction","target":{"@type":"EntryPoint","urlTemplate":"https:\/\/cracpatrimoni.com\/es\/?s={search_term_string}"},"query-input":{"@type":"PropertyValueSpecification","valueRequired":true,"valueName":"search_term_string"}}],"inLanguage":"es"},{"@type":"Organization","@id":"https:\/\/cracpatrimoni.com\/es\/#organization","name":"CRAC","url":"https:\/\/cracpatrimoni.com\/es\/","logo":{"@type":"ImageObject","inLanguage":"es","@id":"https:\/\/cracpatrimoni.com\/es\/#\/schema\/logo\/image\/","url":"https:\/\/cracpatrimoni.com\/wp-content\/uploads\/2022\/11\/logocrac-1-1.png","contentUrl":"https:\/\/cracpatrimoni.com\/wp-content\/uploads\/2022\/11\/logocrac-1-1.png","width":384,"height":152,"caption":"CRAC"},"image":{"@id":"https:\/\/cracpatrimoni.com\/es\/#\/schema\/logo\/image\/"}},{"@type":"Person","@id":"https:\/\/cracpatrimoni.com\/es\/#\/schema\/person\/be5a2af72e5ad4df9b5b33a09cc0ef9d","name":"Ingrid Ferrer Homs","image":{"@type":"ImageObject","inLanguage":"es","@id":"https:\/\/secure.gravatar.com\/avatar\/93e98562c9a14b3ca456ad9f1aad2bddb77211fafffaeca30b5f801ccbf2ea3d?s=96&d=mm&r=g","url":"https:\/\/secure.gravatar.com\/avatar\/93e98562c9a14b3ca456ad9f1aad2bddb77211fafffaeca30b5f801ccbf2ea3d?s=96&d=mm&r=g","contentUrl":"https:\/\/secure.gravatar.com\/avatar\/93e98562c9a14b3ca456ad9f1aad2bddb77211fafffaeca30b5f801ccbf2ea3d?s=96&d=mm&r=g","caption":"Ingrid Ferrer Homs"},"url":"https:\/\/cracpatrimoni.com\/es\/author\/ingrid\/"}]}},"_links":{"self":[{"href":"https:\/\/cracpatrimoni.com\/es\/wp-json\/wp\/v2\/posts\/4598","targetHints":{"allow":["GET"]}}],"collection":[{"href":"https:\/\/cracpatrimoni.com\/es\/wp-json\/wp\/v2\/posts"}],"about":[{"href":"https:\/\/cracpatrimoni.com\/es\/wp-json\/wp\/v2\/types\/post"}],"author":[{"embeddable":true,"href":"https:\/\/cracpatrimoni.com\/es\/wp-json\/wp\/v2\/users\/2"}],"replies":[{"embeddable":true,"href":"https:\/\/cracpatrimoni.com\/es\/wp-json\/wp\/v2\/comments?post=4598"}],"version-history":[{"count":3,"href":"https:\/\/cracpatrimoni.com\/es\/wp-json\/wp\/v2\/posts\/4598\/revisions"}],"predecessor-version":[{"id":4816,"href":"https:\/\/cracpatrimoni.com\/es\/wp-json\/wp\/v2\/posts\/4598\/revisions\/4816"}],"wp:featuredmedia":[{"embeddable":true,"href":"https:\/\/cracpatrimoni.com\/es\/wp-json\/wp\/v2\/media\/4159"}],"wp:attachment":[{"href":"https:\/\/cracpatrimoni.com\/es\/wp-json\/wp\/v2\/media?parent=4598"}],"wp:term":[{"taxonomy":"category","embeddable":true,"href":"https:\/\/cracpatrimoni.com\/es\/wp-json\/wp\/v2\/categories?post=4598"},{"taxonomy":"post_tag","embeddable":true,"href":"https:\/\/cracpatrimoni.com\/es\/wp-json\/wp\/v2\/tags?post=4598"}],"curies":[{"name":"wp","href":"https:\/\/api.w.org\/{rel}","templated":true}]}}