{"id":4594,"date":"2015-07-19T21:12:47","date_gmt":"2015-07-19T21:12:47","guid":{"rendered":"http:\/\/cracpatrimoni.com\/el-conservador-restaurador-no-es-ni-un-artesano-ni-un-artista\/"},"modified":"2023-01-09T14:10:39","modified_gmt":"2023-01-09T14:10:39","slug":"el-conservador-restaurador-no-es-ni-un-artesano-ni-un-artista","status":"publish","type":"post","link":"https:\/\/cracpatrimoni.com\/es\/el-conservador-restaurador-no-es-ni-un-artesano-ni-un-artista\/","title":{"rendered":"El conservador-restaurador no es ni un artesano ni un artista"},"content":{"rendered":"\n<p>CRAC ha enviado una carta al Consejero de Empresa y Empleo, con copia al Consejero de Cultura, para transmitir la preocupaci\u00f3n de nuestro colectivo. Existe un desconocimiento por parte de la Administraci\u00f3n de lo que es un profesional de la conservaci\u00f3n-restauraci\u00f3n, al considerarlo un artesano. Prueba de ello, la creaci\u00f3n de un &#8220;Premio Restaura&#8221; dentro de los Premios Nacionales de Artesan\u00eda de la Generalitat. <\/p>\n\n<p>La conservaci\u00f3n-restauraci\u00f3n del patrimonio cultural es una disciplina espec\u00edfica, reconocida internacionalmente, que se ha convertido en compleja. Requiere una formaci\u00f3n t\u00e9cnica, cient\u00edfica e hist\u00f3rico-art\u00edstica de sus profesionales, bien diferenciada de la de un artesano o un artista. El conservador-restaurador es un profesional liberal que asume un c\u00f3digo deontol\u00f3gico propio para examinar y estudiar los bienes patrimoniales desde el punto de vista material, analizarlos y diagnosticarlos. Propone proyectos y actuaciones preventivas en su entorno, tratamientos curativos e intervenciones directas cuando es necesario, respetando su significado, su historia, el envejecimiento de los materiales y sus propiedades f\u00edsico-qu\u00edmicas.<\/p>\n\n<p>La semana del 7 de julio se entregaron por primera vez los Premios Nacionales de Artesan\u00eda de la Generalitat de Catalunya. Estos premios sirven para reconocer la excelencia de artesanos, entidades y empresas que han destacado en su trayectoria y han aportado elementos de innovaci\u00f3n y prestigio en el sector.<\/p>\n\n<p>La iniciativa del Consorcio de Comercio, Artesan\u00eda y Moda, adscrito al departamento de Empresa y Empleo de la Generalidad de Catalu\u00f1a, es sin duda loable. Supone la entrega de un diploma y un galard\u00f3n a los artesanos que m\u00e1s han destacado en su trabajo a lo largo del a\u00f1o. Entre los distintos galardones se encuentra, sorprendentemente, el \u201c<strong>Premio Restaura<\/strong>\u201d. En esta primera edici\u00f3n, ha reca\u00eddo en la &#8220;Fundaci\u00f3n Privada del Hospital de la Santa Creu y Sant Pau&#8221; por la restauraci\u00f3n y rehabilitaci\u00f3n del conjunto modernista; una ambiciosa actuaci\u00f3n que ha durado a\u00f1os, en la que han participado arquitectos, muchos conservadores-restauradores y muchos artesanos. Sin embargo, los conservadores-restauradores han quedado incluidos y diluidos dentro del colectivo de los artesanos.<\/p>\n\n<p>Desde la Asociaci\u00f3n profesional de conservadores-restauradores de Catalu\u00f1a hemos pedido a la Generalitat que, si existe un premio en el \u00e1mbito de la conservaci\u00f3n-restauraci\u00f3n del patrimonio, no se incluya en el sector de la artesan\u00eda. De esta forma, como en otros pa\u00edses de nuestro entorno, formar\u00eda parte del mundo de la cultura y, m\u00e1s concretamente, del patrimonio cultural.<\/p>\n","protected":false},"excerpt":{"rendered":"<p>CRAC ha enviado una carta al Consejero de Empresa y Empleo, con copia al Consejero de Cultura, para transmitir la preocupaci\u00f3n de nuestro colectivo. Existe un desconocimiento por parte de la Administraci\u00f3n de lo que es un profesional de la conservaci\u00f3n-restauraci\u00f3n, al considerarlo un artesano. Prueba de ello, la creaci\u00f3n de un &#8220;Premio Restaura&#8221; dentro [&hellip;]<\/p>\n","protected":false},"author":2,"featured_media":4205,"comment_status":"closed","ping_status":"open","sticky":false,"template":"","format":"standard","meta":{"_acf_changed":false,"footnotes":""},"categories":[39],"tags":[50,51,44,49,45],"class_list":["post-4594","post","type-post","status-publish","format-standard","has-post-thumbnail","hentry","category-reunion-tecnica","tag-artesano","tag-artista-es","tag-conservacion","tag-crac-es","tag-restauracion"],"acf":[],"yoast_head":"<!-- This site is optimized with the Yoast SEO plugin v27.5 - https:\/\/yoast.com\/product\/yoast-seo-wordpress\/ -->\n<title>El conservador-restaurador no es ni un artesano ni un artista - CRAC<\/title>\n<meta name=\"description\" content=\"El conservador-restaurador no es ni un artesano ni un artista. Es una disciplina espec\u00edfica que se ha convertido en compleja y que requiere una formaci\u00f3n t\u00e9cnica, cient\u00edfica e hist\u00f3rico-art\u00edstica de sus profesionales, bien diferenciada de la de un artesano o un artista - CRAC\" \/>\n<meta name=\"robots\" content=\"index, follow, max-snippet:-1, max-image-preview:large, max-video-preview:-1\" \/>\n<link rel=\"canonical\" href=\"https:\/\/cracpatrimoni.com\/es\/el-conservador-restaurador-no-es-ni-un-artesano-ni-un-artista\/\" \/>\n<meta property=\"og:locale\" content=\"es_ES\" \/>\n<meta property=\"og:type\" content=\"article\" \/>\n<meta property=\"og:title\" content=\"El conservador-restaurador no es ni un artesano ni un artista - CRAC\" \/>\n<meta property=\"og:description\" content=\"El conservador-restaurador no es ni un artesano ni un artista. Es una disciplina espec\u00edfica que se ha convertido en compleja y que requiere una formaci\u00f3n t\u00e9cnica, cient\u00edfica e hist\u00f3rico-art\u00edstica de sus profesionales, bien diferenciada de la de un artesano o un artista - CRAC\" \/>\n<meta property=\"og:url\" content=\"https:\/\/cracpatrimoni.com\/es\/el-conservador-restaurador-no-es-ni-un-artesano-ni-un-artista\/\" \/>\n<meta property=\"og:site_name\" content=\"CRAC\" \/>\n<meta property=\"article:published_time\" content=\"2015-07-19T21:12:47+00:00\" \/>\n<meta property=\"article:modified_time\" content=\"2023-01-09T14:10:39+00:00\" \/>\n<meta property=\"og:image\" content=\"https:\/\/cracpatrimoni.com\/wp-content\/uploads\/2015\/07\/miniatura-news-conservador-artesa-artista.jpg\" \/>\n\t<meta property=\"og:image:width\" content=\"1000\" \/>\n\t<meta property=\"og:image:height\" content=\"1000\" \/>\n\t<meta property=\"og:image:type\" content=\"image\/jpeg\" \/>\n<meta name=\"author\" content=\"Ingrid Ferrer Homs\" \/>\n<meta name=\"twitter:card\" content=\"summary_large_image\" \/>\n<meta name=\"twitter:label1\" content=\"Escrito por\" \/>\n\t<meta name=\"twitter:data1\" content=\"Ingrid Ferrer Homs\" \/>\n\t<meta name=\"twitter:label2\" content=\"Tiempo de lectura\" \/>\n\t<meta name=\"twitter:data2\" content=\"2 minutos\" \/>\n<script type=\"application\/ld+json\" class=\"yoast-schema-graph\">{\"@context\":\"https:\\\/\\\/schema.org\",\"@graph\":[{\"@type\":\"Article\",\"@id\":\"https:\\\/\\\/cracpatrimoni.com\\\/es\\\/el-conservador-restaurador-no-es-ni-un-artesano-ni-un-artista\\\/#article\",\"isPartOf\":{\"@id\":\"https:\\\/\\\/cracpatrimoni.com\\\/es\\\/el-conservador-restaurador-no-es-ni-un-artesano-ni-un-artista\\\/\"},\"author\":{\"name\":\"Ingrid Ferrer Homs\",\"@id\":\"https:\\\/\\\/cracpatrimoni.com\\\/es\\\/#\\\/schema\\\/person\\\/be5a2af72e5ad4df9b5b33a09cc0ef9d\"},\"headline\":\"El conservador-restaurador no es ni un artesano ni un artista\",\"datePublished\":\"2015-07-19T21:12:47+00:00\",\"dateModified\":\"2023-01-09T14:10:39+00:00\",\"mainEntityOfPage\":{\"@id\":\"https:\\\/\\\/cracpatrimoni.com\\\/es\\\/el-conservador-restaurador-no-es-ni-un-artesano-ni-un-artista\\\/\"},\"wordCount\":435,\"publisher\":{\"@id\":\"https:\\\/\\\/cracpatrimoni.com\\\/es\\\/#organization\"},\"image\":{\"@id\":\"https:\\\/\\\/cracpatrimoni.com\\\/es\\\/el-conservador-restaurador-no-es-ni-un-artesano-ni-un-artista\\\/#primaryimage\"},\"thumbnailUrl\":\"https:\\\/\\\/cracpatrimoni.com\\\/wp-content\\\/uploads\\\/2015\\\/07\\\/miniatura-news-conservador-artesa-artista.jpg\",\"keywords\":[\"artesano\",\"artista\",\"conservaci\u00f3n\",\"CRAC\",\"restauraci\u00f3n\"],\"articleSection\":[\"Reuni\u00f3n t\u00e9cnica\"],\"inLanguage\":\"es\"},{\"@type\":\"WebPage\",\"@id\":\"https:\\\/\\\/cracpatrimoni.com\\\/es\\\/el-conservador-restaurador-no-es-ni-un-artesano-ni-un-artista\\\/\",\"url\":\"https:\\\/\\\/cracpatrimoni.com\\\/es\\\/el-conservador-restaurador-no-es-ni-un-artesano-ni-un-artista\\\/\",\"name\":\"El conservador-restaurador no es ni un artesano ni un artista - CRAC\",\"isPartOf\":{\"@id\":\"https:\\\/\\\/cracpatrimoni.com\\\/es\\\/#website\"},\"primaryImageOfPage\":{\"@id\":\"https:\\\/\\\/cracpatrimoni.com\\\/es\\\/el-conservador-restaurador-no-es-ni-un-artesano-ni-un-artista\\\/#primaryimage\"},\"image\":{\"@id\":\"https:\\\/\\\/cracpatrimoni.com\\\/es\\\/el-conservador-restaurador-no-es-ni-un-artesano-ni-un-artista\\\/#primaryimage\"},\"thumbnailUrl\":\"https:\\\/\\\/cracpatrimoni.com\\\/wp-content\\\/uploads\\\/2015\\\/07\\\/miniatura-news-conservador-artesa-artista.jpg\",\"datePublished\":\"2015-07-19T21:12:47+00:00\",\"dateModified\":\"2023-01-09T14:10:39+00:00\",\"description\":\"El conservador-restaurador no es ni un artesano ni un artista. Es una disciplina espec\u00edfica que se ha convertido en compleja y que requiere una formaci\u00f3n t\u00e9cnica, cient\u00edfica e hist\u00f3rico-art\u00edstica de sus profesionales, bien diferenciada de la de un artesano o un artista - CRAC\",\"breadcrumb\":{\"@id\":\"https:\\\/\\\/cracpatrimoni.com\\\/es\\\/el-conservador-restaurador-no-es-ni-un-artesano-ni-un-artista\\\/#breadcrumb\"},\"inLanguage\":\"es\",\"potentialAction\":[{\"@type\":\"ReadAction\",\"target\":[\"https:\\\/\\\/cracpatrimoni.com\\\/es\\\/el-conservador-restaurador-no-es-ni-un-artesano-ni-un-artista\\\/\"]}]},{\"@type\":\"ImageObject\",\"inLanguage\":\"es\",\"@id\":\"https:\\\/\\\/cracpatrimoni.com\\\/es\\\/el-conservador-restaurador-no-es-ni-un-artesano-ni-un-artista\\\/#primaryimage\",\"url\":\"https:\\\/\\\/cracpatrimoni.com\\\/wp-content\\\/uploads\\\/2015\\\/07\\\/miniatura-news-conservador-artesa-artista.jpg\",\"contentUrl\":\"https:\\\/\\\/cracpatrimoni.com\\\/wp-content\\\/uploads\\\/2015\\\/07\\\/miniatura-news-conservador-artesa-artista.jpg\",\"width\":1000,\"height\":1000,\"caption\":\"El conservador-restaurador no \u00e9s ni un artes\u00e0 ni un artista\"},{\"@type\":\"BreadcrumbList\",\"@id\":\"https:\\\/\\\/cracpatrimoni.com\\\/es\\\/el-conservador-restaurador-no-es-ni-un-artesano-ni-un-artista\\\/#breadcrumb\",\"itemListElement\":[{\"@type\":\"ListItem\",\"position\":1,\"name\":\"Portada\",\"item\":\"https:\\\/\\\/cracpatrimoni.com\\\/es\\\/\"},{\"@type\":\"ListItem\",\"position\":2,\"name\":\"El conservador-restaurador no es ni un artesano ni un artista\"}]},{\"@type\":\"WebSite\",\"@id\":\"https:\\\/\\\/cracpatrimoni.com\\\/es\\\/#website\",\"url\":\"https:\\\/\\\/cracpatrimoni.com\\\/es\\\/\",\"name\":\"CRAC\",\"description\":\"Conservadors restauradors associats de Catalunya\",\"publisher\":{\"@id\":\"https:\\\/\\\/cracpatrimoni.com\\\/es\\\/#organization\"},\"potentialAction\":[{\"@type\":\"SearchAction\",\"target\":{\"@type\":\"EntryPoint\",\"urlTemplate\":\"https:\\\/\\\/cracpatrimoni.com\\\/es\\\/?s={search_term_string}\"},\"query-input\":{\"@type\":\"PropertyValueSpecification\",\"valueRequired\":true,\"valueName\":\"search_term_string\"}}],\"inLanguage\":\"es\"},{\"@type\":\"Organization\",\"@id\":\"https:\\\/\\\/cracpatrimoni.com\\\/es\\\/#organization\",\"name\":\"CRAC\",\"url\":\"https:\\\/\\\/cracpatrimoni.com\\\/es\\\/\",\"logo\":{\"@type\":\"ImageObject\",\"inLanguage\":\"es\",\"@id\":\"https:\\\/\\\/cracpatrimoni.com\\\/es\\\/#\\\/schema\\\/logo\\\/image\\\/\",\"url\":\"https:\\\/\\\/cracpatrimoni.com\\\/wp-content\\\/uploads\\\/2022\\\/11\\\/logocrac-1-1.png\",\"contentUrl\":\"https:\\\/\\\/cracpatrimoni.com\\\/wp-content\\\/uploads\\\/2022\\\/11\\\/logocrac-1-1.png\",\"width\":384,\"height\":152,\"caption\":\"CRAC\"},\"image\":{\"@id\":\"https:\\\/\\\/cracpatrimoni.com\\\/es\\\/#\\\/schema\\\/logo\\\/image\\\/\"}},{\"@type\":\"Person\",\"@id\":\"https:\\\/\\\/cracpatrimoni.com\\\/es\\\/#\\\/schema\\\/person\\\/be5a2af72e5ad4df9b5b33a09cc0ef9d\",\"name\":\"Ingrid Ferrer Homs\",\"image\":{\"@type\":\"ImageObject\",\"inLanguage\":\"es\",\"@id\":\"https:\\\/\\\/secure.gravatar.com\\\/avatar\\\/93e98562c9a14b3ca456ad9f1aad2bddb77211fafffaeca30b5f801ccbf2ea3d?s=96&d=mm&r=g\",\"url\":\"https:\\\/\\\/secure.gravatar.com\\\/avatar\\\/93e98562c9a14b3ca456ad9f1aad2bddb77211fafffaeca30b5f801ccbf2ea3d?s=96&d=mm&r=g\",\"contentUrl\":\"https:\\\/\\\/secure.gravatar.com\\\/avatar\\\/93e98562c9a14b3ca456ad9f1aad2bddb77211fafffaeca30b5f801ccbf2ea3d?s=96&d=mm&r=g\",\"caption\":\"Ingrid Ferrer Homs\"},\"url\":\"https:\\\/\\\/cracpatrimoni.com\\\/es\\\/author\\\/ingrid\\\/\"}]}<\/script>\n<!-- \/ Yoast SEO plugin. -->","yoast_head_json":{"title":"El conservador-restaurador no es ni un artesano ni un artista - CRAC","description":"El conservador-restaurador no es ni un artesano ni un artista. Es una disciplina espec\u00edfica que se ha convertido en compleja y que requiere una formaci\u00f3n t\u00e9cnica, cient\u00edfica e hist\u00f3rico-art\u00edstica de sus profesionales, bien diferenciada de la de un artesano o un artista - CRAC","robots":{"index":"index","follow":"follow","max-snippet":"max-snippet:-1","max-image-preview":"max-image-preview:large","max-video-preview":"max-video-preview:-1"},"canonical":"https:\/\/cracpatrimoni.com\/es\/el-conservador-restaurador-no-es-ni-un-artesano-ni-un-artista\/","og_locale":"es_ES","og_type":"article","og_title":"El conservador-restaurador no es ni un artesano ni un artista - CRAC","og_description":"El conservador-restaurador no es ni un artesano ni un artista. Es una disciplina espec\u00edfica que se ha convertido en compleja y que requiere una formaci\u00f3n t\u00e9cnica, cient\u00edfica e hist\u00f3rico-art\u00edstica de sus profesionales, bien diferenciada de la de un artesano o un artista - CRAC","og_url":"https:\/\/cracpatrimoni.com\/es\/el-conservador-restaurador-no-es-ni-un-artesano-ni-un-artista\/","og_site_name":"CRAC","article_published_time":"2015-07-19T21:12:47+00:00","article_modified_time":"2023-01-09T14:10:39+00:00","og_image":[{"width":1000,"height":1000,"url":"https:\/\/cracpatrimoni.com\/wp-content\/uploads\/2015\/07\/miniatura-news-conservador-artesa-artista.jpg","type":"image\/jpeg"}],"author":"Ingrid Ferrer Homs","twitter_card":"summary_large_image","twitter_misc":{"Escrito por":"Ingrid Ferrer Homs","Tiempo de lectura":"2 minutos"},"schema":{"@context":"https:\/\/schema.org","@graph":[{"@type":"Article","@id":"https:\/\/cracpatrimoni.com\/es\/el-conservador-restaurador-no-es-ni-un-artesano-ni-un-artista\/#article","isPartOf":{"@id":"https:\/\/cracpatrimoni.com\/es\/el-conservador-restaurador-no-es-ni-un-artesano-ni-un-artista\/"},"author":{"name":"Ingrid Ferrer Homs","@id":"https:\/\/cracpatrimoni.com\/es\/#\/schema\/person\/be5a2af72e5ad4df9b5b33a09cc0ef9d"},"headline":"El conservador-restaurador no es ni un artesano ni un artista","datePublished":"2015-07-19T21:12:47+00:00","dateModified":"2023-01-09T14:10:39+00:00","mainEntityOfPage":{"@id":"https:\/\/cracpatrimoni.com\/es\/el-conservador-restaurador-no-es-ni-un-artesano-ni-un-artista\/"},"wordCount":435,"publisher":{"@id":"https:\/\/cracpatrimoni.com\/es\/#organization"},"image":{"@id":"https:\/\/cracpatrimoni.com\/es\/el-conservador-restaurador-no-es-ni-un-artesano-ni-un-artista\/#primaryimage"},"thumbnailUrl":"https:\/\/cracpatrimoni.com\/wp-content\/uploads\/2015\/07\/miniatura-news-conservador-artesa-artista.jpg","keywords":["artesano","artista","conservaci\u00f3n","CRAC","restauraci\u00f3n"],"articleSection":["Reuni\u00f3n t\u00e9cnica"],"inLanguage":"es"},{"@type":"WebPage","@id":"https:\/\/cracpatrimoni.com\/es\/el-conservador-restaurador-no-es-ni-un-artesano-ni-un-artista\/","url":"https:\/\/cracpatrimoni.com\/es\/el-conservador-restaurador-no-es-ni-un-artesano-ni-un-artista\/","name":"El conservador-restaurador no es ni un artesano ni un artista - CRAC","isPartOf":{"@id":"https:\/\/cracpatrimoni.com\/es\/#website"},"primaryImageOfPage":{"@id":"https:\/\/cracpatrimoni.com\/es\/el-conservador-restaurador-no-es-ni-un-artesano-ni-un-artista\/#primaryimage"},"image":{"@id":"https:\/\/cracpatrimoni.com\/es\/el-conservador-restaurador-no-es-ni-un-artesano-ni-un-artista\/#primaryimage"},"thumbnailUrl":"https:\/\/cracpatrimoni.com\/wp-content\/uploads\/2015\/07\/miniatura-news-conservador-artesa-artista.jpg","datePublished":"2015-07-19T21:12:47+00:00","dateModified":"2023-01-09T14:10:39+00:00","description":"El conservador-restaurador no es ni un artesano ni un artista. Es una disciplina espec\u00edfica que se ha convertido en compleja y que requiere una formaci\u00f3n t\u00e9cnica, cient\u00edfica e hist\u00f3rico-art\u00edstica de sus profesionales, bien diferenciada de la de un artesano o un artista - CRAC","breadcrumb":{"@id":"https:\/\/cracpatrimoni.com\/es\/el-conservador-restaurador-no-es-ni-un-artesano-ni-un-artista\/#breadcrumb"},"inLanguage":"es","potentialAction":[{"@type":"ReadAction","target":["https:\/\/cracpatrimoni.com\/es\/el-conservador-restaurador-no-es-ni-un-artesano-ni-un-artista\/"]}]},{"@type":"ImageObject","inLanguage":"es","@id":"https:\/\/cracpatrimoni.com\/es\/el-conservador-restaurador-no-es-ni-un-artesano-ni-un-artista\/#primaryimage","url":"https:\/\/cracpatrimoni.com\/wp-content\/uploads\/2015\/07\/miniatura-news-conservador-artesa-artista.jpg","contentUrl":"https:\/\/cracpatrimoni.com\/wp-content\/uploads\/2015\/07\/miniatura-news-conservador-artesa-artista.jpg","width":1000,"height":1000,"caption":"El conservador-restaurador no \u00e9s ni un artes\u00e0 ni un artista"},{"@type":"BreadcrumbList","@id":"https:\/\/cracpatrimoni.com\/es\/el-conservador-restaurador-no-es-ni-un-artesano-ni-un-artista\/#breadcrumb","itemListElement":[{"@type":"ListItem","position":1,"name":"Portada","item":"https:\/\/cracpatrimoni.com\/es\/"},{"@type":"ListItem","position":2,"name":"El conservador-restaurador no es ni un artesano ni un artista"}]},{"@type":"WebSite","@id":"https:\/\/cracpatrimoni.com\/es\/#website","url":"https:\/\/cracpatrimoni.com\/es\/","name":"CRAC","description":"Conservadors restauradors associats de Catalunya","publisher":{"@id":"https:\/\/cracpatrimoni.com\/es\/#organization"},"potentialAction":[{"@type":"SearchAction","target":{"@type":"EntryPoint","urlTemplate":"https:\/\/cracpatrimoni.com\/es\/?s={search_term_string}"},"query-input":{"@type":"PropertyValueSpecification","valueRequired":true,"valueName":"search_term_string"}}],"inLanguage":"es"},{"@type":"Organization","@id":"https:\/\/cracpatrimoni.com\/es\/#organization","name":"CRAC","url":"https:\/\/cracpatrimoni.com\/es\/","logo":{"@type":"ImageObject","inLanguage":"es","@id":"https:\/\/cracpatrimoni.com\/es\/#\/schema\/logo\/image\/","url":"https:\/\/cracpatrimoni.com\/wp-content\/uploads\/2022\/11\/logocrac-1-1.png","contentUrl":"https:\/\/cracpatrimoni.com\/wp-content\/uploads\/2022\/11\/logocrac-1-1.png","width":384,"height":152,"caption":"CRAC"},"image":{"@id":"https:\/\/cracpatrimoni.com\/es\/#\/schema\/logo\/image\/"}},{"@type":"Person","@id":"https:\/\/cracpatrimoni.com\/es\/#\/schema\/person\/be5a2af72e5ad4df9b5b33a09cc0ef9d","name":"Ingrid Ferrer Homs","image":{"@type":"ImageObject","inLanguage":"es","@id":"https:\/\/secure.gravatar.com\/avatar\/93e98562c9a14b3ca456ad9f1aad2bddb77211fafffaeca30b5f801ccbf2ea3d?s=96&d=mm&r=g","url":"https:\/\/secure.gravatar.com\/avatar\/93e98562c9a14b3ca456ad9f1aad2bddb77211fafffaeca30b5f801ccbf2ea3d?s=96&d=mm&r=g","contentUrl":"https:\/\/secure.gravatar.com\/avatar\/93e98562c9a14b3ca456ad9f1aad2bddb77211fafffaeca30b5f801ccbf2ea3d?s=96&d=mm&r=g","caption":"Ingrid Ferrer Homs"},"url":"https:\/\/cracpatrimoni.com\/es\/author\/ingrid\/"}]}},"_links":{"self":[{"href":"https:\/\/cracpatrimoni.com\/es\/wp-json\/wp\/v2\/posts\/4594","targetHints":{"allow":["GET"]}}],"collection":[{"href":"https:\/\/cracpatrimoni.com\/es\/wp-json\/wp\/v2\/posts"}],"about":[{"href":"https:\/\/cracpatrimoni.com\/es\/wp-json\/wp\/v2\/types\/post"}],"author":[{"embeddable":true,"href":"https:\/\/cracpatrimoni.com\/es\/wp-json\/wp\/v2\/users\/2"}],"replies":[{"embeddable":true,"href":"https:\/\/cracpatrimoni.com\/es\/wp-json\/wp\/v2\/comments?post=4594"}],"version-history":[{"count":3,"href":"https:\/\/cracpatrimoni.com\/es\/wp-json\/wp\/v2\/posts\/4594\/revisions"}],"predecessor-version":[{"id":4808,"href":"https:\/\/cracpatrimoni.com\/es\/wp-json\/wp\/v2\/posts\/4594\/revisions\/4808"}],"wp:featuredmedia":[{"embeddable":true,"href":"https:\/\/cracpatrimoni.com\/es\/wp-json\/wp\/v2\/media\/4205"}],"wp:attachment":[{"href":"https:\/\/cracpatrimoni.com\/es\/wp-json\/wp\/v2\/media?parent=4594"}],"wp:term":[{"taxonomy":"category","embeddable":true,"href":"https:\/\/cracpatrimoni.com\/es\/wp-json\/wp\/v2\/categories?post=4594"},{"taxonomy":"post_tag","embeddable":true,"href":"https:\/\/cracpatrimoni.com\/es\/wp-json\/wp\/v2\/tags?post=4594"}],"curies":[{"name":"wp","href":"https:\/\/api.w.org\/{rel}","templated":true}]}}