{"id":4592,"date":"2015-06-06T22:36:46","date_gmt":"2015-06-06T22:36:46","guid":{"rendered":"http:\/\/cracpatrimoni.com\/inauguracion-de-la-nueva-sede-de-crac\/"},"modified":"2023-01-09T14:11:26","modified_gmt":"2023-01-09T14:11:26","slug":"inauguracion-de-la-nueva-sede-de-crac","status":"publish","type":"post","link":"https:\/\/cracpatrimoni.com\/es\/inauguracion-de-la-nueva-sede-de-crac\/","title":{"rendered":"Inauguraci\u00f3n de la nueva sede de CRAC"},"content":{"rendered":"\n<hr class=\"wp-block-separator has-text-color has-alpha-channel-opacity has-background is-style-dots\" style=\"background-color:#f4f5f0;color:#f4f5f0\"\/>\n\n<div class=\"wp-block-columns is-layout-flex wp-container-core-columns-is-layout-28f84493 wp-block-columns-is-layout-flex\">\n<div class=\"wp-block-column is-layout-flow wp-block-column-is-layout-flow\">\n<p>Despu\u00e9s de escuchar la interesante y aplaudida conferencia de \u00c0lex Masalles sobre el pol\u00e9mico y medi\u00e1tico claustro de Palam\u00f3s, brindamos, con los socios y socias que asistieron, por la nueva etapa de la asociaci\u00f3n.<\/p>\n\n\n\n<p><\/p>\n\n\n\n<p><strong>Visita virtual de la nueva sede: <a href=\"http:\/\/www.robertramos.cat\/Visitavirtual\/VV_CRAC.html\">http:\/\/www.robertramos.cat\/Visitavirtual\/VV_CRAC.html<\/a><\/strong><\/p>\n\n\n\n<div class=\"wp-block-buttons is-content-justification-center is-layout-flex wp-container-core-buttons-is-layout-a89b3969 wp-block-buttons-is-layout-flex\"><\/div>\n<\/div>\n<\/div>\n\n<div class=\"wp-block-columns is-layout-flex wp-container-core-columns-is-layout-28f84493 wp-block-columns-is-layout-flex\">\n<div class=\"wp-block-column is-layout-flow wp-block-column-is-layout-flow\">\n<figure class=\"wp-block-image size-large\"><img fetchpriority=\"high\" decoding=\"async\" width=\"1024\" height=\"682\" src=\"https:\/\/cracpatrimoni.com\/wp-content\/uploads\/2022\/11\/150605_seuCRAC_6600-1024x682.jpg\" alt=\"\" class=\"wp-image-926\" srcset=\"https:\/\/cracpatrimoni.com\/wp-content\/uploads\/2022\/11\/150605_seuCRAC_6600-1024x682.jpg 1024w, https:\/\/cracpatrimoni.com\/wp-content\/uploads\/2022\/11\/150605_seuCRAC_6600-600x399.jpg 600w, https:\/\/cracpatrimoni.com\/wp-content\/uploads\/2022\/11\/150605_seuCRAC_6600-300x200.jpg 300w, https:\/\/cracpatrimoni.com\/wp-content\/uploads\/2022\/11\/150605_seuCRAC_6600-768x511.jpg 768w, https:\/\/cracpatrimoni.com\/wp-content\/uploads\/2022\/11\/150605_seuCRAC_6600.jpg 1146w\" sizes=\"(max-width: 1024px) 100vw, 1024px\" \/><\/figure>\n<\/div>\n\n\n\n<div class=\"wp-block-column is-layout-flow wp-block-column-is-layout-flow\">\n<figure class=\"wp-block-image size-large\"><img decoding=\"async\" width=\"1024\" height=\"682\" src=\"https:\/\/cracpatrimoni.com\/wp-content\/uploads\/2022\/11\/150605_seuCRAC_6592-1024x682.jpg\" alt=\"\" class=\"wp-image-927\" srcset=\"https:\/\/cracpatrimoni.com\/wp-content\/uploads\/2022\/11\/150605_seuCRAC_6592-1024x682.jpg 1024w, https:\/\/cracpatrimoni.com\/wp-content\/uploads\/2022\/11\/150605_seuCRAC_6592-600x399.jpg 600w, https:\/\/cracpatrimoni.com\/wp-content\/uploads\/2022\/11\/150605_seuCRAC_6592-300x200.jpg 300w, https:\/\/cracpatrimoni.com\/wp-content\/uploads\/2022\/11\/150605_seuCRAC_6592-768x511.jpg 768w, https:\/\/cracpatrimoni.com\/wp-content\/uploads\/2022\/11\/150605_seuCRAC_6592.jpg 1146w\" sizes=\"(max-width: 1024px) 100vw, 1024px\" \/><\/figure>\n<\/div>\n<\/div>\n","protected":false},"excerpt":{"rendered":"<p>Despu\u00e9s de escuchar la interesante y aplaudida conferencia de \u00c0lex Masalles sobre el pol\u00e9mico y medi\u00e1tico claustro de Palam\u00f3s, brindamos, con los socios y socias que asistieron, por la nueva etapa de la asociaci\u00f3n. Visita virtual de la nueva sede: http:\/\/www.robertramos.cat\/Visitavirtual\/VV_CRAC.html<\/p>\n","protected":false},"author":2,"featured_media":4281,"comment_status":"closed","ping_status":"open","sticky":false,"template":"","format":"standard","meta":{"_acf_changed":false,"footnotes":""},"categories":[39],"tags":[48,46,44,47,45],"class_list":["post-4592","post","type-post","status-publish","format-standard","has-post-thumbnail","hentry","category-reunion-tecnica","tag-barcelona-es","tag-catalunya-es","tag-conservacion","tag-inauguracion","tag-restauracion"],"acf":[],"yoast_head":"<!-- This site is optimized with the Yoast SEO plugin v27.5 - https:\/\/yoast.com\/product\/yoast-seo-wordpress\/ -->\n<title>Inauguraci\u00f3n de la nueva sede de CRAC - CRAC<\/title>\n<meta name=\"robots\" content=\"index, follow, max-snippet:-1, max-image-preview:large, max-video-preview:-1\" \/>\n<link rel=\"canonical\" href=\"https:\/\/cracpatrimoni.com\/es\/inauguracion-de-la-nueva-sede-de-crac\/\" \/>\n<meta property=\"og:locale\" content=\"es_ES\" \/>\n<meta property=\"og:type\" content=\"article\" \/>\n<meta property=\"og:title\" content=\"Inauguraci\u00f3n de la nueva sede de CRAC - CRAC\" \/>\n<meta property=\"og:description\" content=\"Despu\u00e9s de escuchar la interesante y aplaudida conferencia de \u00c0lex Masalles sobre el pol\u00e9mico y medi\u00e1tico claustro de Palam\u00f3s, brindamos, con los socios y socias que asistieron, por la nueva etapa de la asociaci\u00f3n. Visita virtual de la nueva sede: http:\/\/www.robertramos.cat\/Visitavirtual\/VV_CRAC.html\" \/>\n<meta property=\"og:url\" content=\"https:\/\/cracpatrimoni.com\/es\/inauguracion-de-la-nueva-sede-de-crac\/\" \/>\n<meta property=\"og:site_name\" content=\"CRAC\" \/>\n<meta property=\"article:published_time\" content=\"2015-06-06T22:36:46+00:00\" \/>\n<meta property=\"article:modified_time\" content=\"2023-01-09T14:11:26+00:00\" \/>\n<meta property=\"og:image\" content=\"https:\/\/cracpatrimoni.com\/wp-content\/uploads\/2015\/06\/miniatura-news-inauguracio.jpg\" \/>\n\t<meta property=\"og:image:width\" content=\"1000\" \/>\n\t<meta property=\"og:image:height\" content=\"1000\" \/>\n\t<meta property=\"og:image:type\" content=\"image\/jpeg\" \/>\n<meta name=\"author\" content=\"Ingrid Ferrer Homs\" \/>\n<meta name=\"twitter:card\" content=\"summary_large_image\" \/>\n<meta name=\"twitter:label1\" content=\"Escrito por\" \/>\n\t<meta name=\"twitter:data1\" content=\"Ingrid Ferrer Homs\" \/>\n<script type=\"application\/ld+json\" class=\"yoast-schema-graph\">{\"@context\":\"https:\\\/\\\/schema.org\",\"@graph\":[{\"@type\":\"Article\",\"@id\":\"https:\\\/\\\/cracpatrimoni.com\\\/es\\\/inauguracion-de-la-nueva-sede-de-crac\\\/#article\",\"isPartOf\":{\"@id\":\"https:\\\/\\\/cracpatrimoni.com\\\/es\\\/inauguracion-de-la-nueva-sede-de-crac\\\/\"},\"author\":{\"name\":\"Ingrid Ferrer Homs\",\"@id\":\"https:\\\/\\\/cracpatrimoni.com\\\/es\\\/#\\\/schema\\\/person\\\/be5a2af72e5ad4df9b5b33a09cc0ef9d\"},\"headline\":\"Inauguraci\u00f3n de la nueva sede de CRAC\",\"datePublished\":\"2015-06-06T22:36:46+00:00\",\"dateModified\":\"2023-01-09T14:11:26+00:00\",\"mainEntityOfPage\":{\"@id\":\"https:\\\/\\\/cracpatrimoni.com\\\/es\\\/inauguracion-de-la-nueva-sede-de-crac\\\/\"},\"wordCount\":61,\"publisher\":{\"@id\":\"https:\\\/\\\/cracpatrimoni.com\\\/es\\\/#organization\"},\"image\":{\"@id\":\"https:\\\/\\\/cracpatrimoni.com\\\/es\\\/inauguracion-de-la-nueva-sede-de-crac\\\/#primaryimage\"},\"thumbnailUrl\":\"https:\\\/\\\/cracpatrimoni.com\\\/wp-content\\\/uploads\\\/2015\\\/06\\\/miniatura-news-inauguracio.jpg\",\"keywords\":[\"Barcelona\",\"catalunya\",\"conservaci\u00f3n\",\"inauguraci\u00f3n\",\"restauraci\u00f3n\"],\"articleSection\":[\"Reuni\u00f3n t\u00e9cnica\"],\"inLanguage\":\"es\"},{\"@type\":\"WebPage\",\"@id\":\"https:\\\/\\\/cracpatrimoni.com\\\/es\\\/inauguracion-de-la-nueva-sede-de-crac\\\/\",\"url\":\"https:\\\/\\\/cracpatrimoni.com\\\/es\\\/inauguracion-de-la-nueva-sede-de-crac\\\/\",\"name\":\"Inauguraci\u00f3n de la nueva sede de CRAC - CRAC\",\"isPartOf\":{\"@id\":\"https:\\\/\\\/cracpatrimoni.com\\\/es\\\/#website\"},\"primaryImageOfPage\":{\"@id\":\"https:\\\/\\\/cracpatrimoni.com\\\/es\\\/inauguracion-de-la-nueva-sede-de-crac\\\/#primaryimage\"},\"image\":{\"@id\":\"https:\\\/\\\/cracpatrimoni.com\\\/es\\\/inauguracion-de-la-nueva-sede-de-crac\\\/#primaryimage\"},\"thumbnailUrl\":\"https:\\\/\\\/cracpatrimoni.com\\\/wp-content\\\/uploads\\\/2015\\\/06\\\/miniatura-news-inauguracio.jpg\",\"datePublished\":\"2015-06-06T22:36:46+00:00\",\"dateModified\":\"2023-01-09T14:11:26+00:00\",\"breadcrumb\":{\"@id\":\"https:\\\/\\\/cracpatrimoni.com\\\/es\\\/inauguracion-de-la-nueva-sede-de-crac\\\/#breadcrumb\"},\"inLanguage\":\"es\",\"potentialAction\":[{\"@type\":\"ReadAction\",\"target\":[\"https:\\\/\\\/cracpatrimoni.com\\\/es\\\/inauguracion-de-la-nueva-sede-de-crac\\\/\"]}]},{\"@type\":\"ImageObject\",\"inLanguage\":\"es\",\"@id\":\"https:\\\/\\\/cracpatrimoni.com\\\/es\\\/inauguracion-de-la-nueva-sede-de-crac\\\/#primaryimage\",\"url\":\"https:\\\/\\\/cracpatrimoni.com\\\/wp-content\\\/uploads\\\/2015\\\/06\\\/miniatura-news-inauguracio.jpg\",\"contentUrl\":\"https:\\\/\\\/cracpatrimoni.com\\\/wp-content\\\/uploads\\\/2015\\\/06\\\/miniatura-news-inauguracio.jpg\",\"width\":1000,\"height\":1000,\"caption\":\"Inauguraci\u00f3 de la nova seu de CRAC\"},{\"@type\":\"BreadcrumbList\",\"@id\":\"https:\\\/\\\/cracpatrimoni.com\\\/es\\\/inauguracion-de-la-nueva-sede-de-crac\\\/#breadcrumb\",\"itemListElement\":[{\"@type\":\"ListItem\",\"position\":1,\"name\":\"Portada\",\"item\":\"https:\\\/\\\/cracpatrimoni.com\\\/es\\\/\"},{\"@type\":\"ListItem\",\"position\":2,\"name\":\"Inauguraci\u00f3n de la nueva sede de CRAC\"}]},{\"@type\":\"WebSite\",\"@id\":\"https:\\\/\\\/cracpatrimoni.com\\\/es\\\/#website\",\"url\":\"https:\\\/\\\/cracpatrimoni.com\\\/es\\\/\",\"name\":\"CRAC\",\"description\":\"Conservadors restauradors associats de Catalunya\",\"publisher\":{\"@id\":\"https:\\\/\\\/cracpatrimoni.com\\\/es\\\/#organization\"},\"potentialAction\":[{\"@type\":\"SearchAction\",\"target\":{\"@type\":\"EntryPoint\",\"urlTemplate\":\"https:\\\/\\\/cracpatrimoni.com\\\/es\\\/?s={search_term_string}\"},\"query-input\":{\"@type\":\"PropertyValueSpecification\",\"valueRequired\":true,\"valueName\":\"search_term_string\"}}],\"inLanguage\":\"es\"},{\"@type\":\"Organization\",\"@id\":\"https:\\\/\\\/cracpatrimoni.com\\\/es\\\/#organization\",\"name\":\"CRAC\",\"url\":\"https:\\\/\\\/cracpatrimoni.com\\\/es\\\/\",\"logo\":{\"@type\":\"ImageObject\",\"inLanguage\":\"es\",\"@id\":\"https:\\\/\\\/cracpatrimoni.com\\\/es\\\/#\\\/schema\\\/logo\\\/image\\\/\",\"url\":\"https:\\\/\\\/cracpatrimoni.com\\\/wp-content\\\/uploads\\\/2022\\\/11\\\/logocrac-1-1.png\",\"contentUrl\":\"https:\\\/\\\/cracpatrimoni.com\\\/wp-content\\\/uploads\\\/2022\\\/11\\\/logocrac-1-1.png\",\"width\":384,\"height\":152,\"caption\":\"CRAC\"},\"image\":{\"@id\":\"https:\\\/\\\/cracpatrimoni.com\\\/es\\\/#\\\/schema\\\/logo\\\/image\\\/\"}},{\"@type\":\"Person\",\"@id\":\"https:\\\/\\\/cracpatrimoni.com\\\/es\\\/#\\\/schema\\\/person\\\/be5a2af72e5ad4df9b5b33a09cc0ef9d\",\"name\":\"Ingrid Ferrer Homs\",\"image\":{\"@type\":\"ImageObject\",\"inLanguage\":\"es\",\"@id\":\"https:\\\/\\\/secure.gravatar.com\\\/avatar\\\/93e98562c9a14b3ca456ad9f1aad2bddb77211fafffaeca30b5f801ccbf2ea3d?s=96&d=mm&r=g\",\"url\":\"https:\\\/\\\/secure.gravatar.com\\\/avatar\\\/93e98562c9a14b3ca456ad9f1aad2bddb77211fafffaeca30b5f801ccbf2ea3d?s=96&d=mm&r=g\",\"contentUrl\":\"https:\\\/\\\/secure.gravatar.com\\\/avatar\\\/93e98562c9a14b3ca456ad9f1aad2bddb77211fafffaeca30b5f801ccbf2ea3d?s=96&d=mm&r=g\",\"caption\":\"Ingrid Ferrer Homs\"},\"url\":\"https:\\\/\\\/cracpatrimoni.com\\\/es\\\/author\\\/ingrid\\\/\"}]}<\/script>\n<!-- \/ Yoast SEO plugin. -->","yoast_head_json":{"title":"Inauguraci\u00f3n de la nueva sede de CRAC - CRAC","robots":{"index":"index","follow":"follow","max-snippet":"max-snippet:-1","max-image-preview":"max-image-preview:large","max-video-preview":"max-video-preview:-1"},"canonical":"https:\/\/cracpatrimoni.com\/es\/inauguracion-de-la-nueva-sede-de-crac\/","og_locale":"es_ES","og_type":"article","og_title":"Inauguraci\u00f3n de la nueva sede de CRAC - CRAC","og_description":"Despu\u00e9s de escuchar la interesante y aplaudida conferencia de \u00c0lex Masalles sobre el pol\u00e9mico y medi\u00e1tico claustro de Palam\u00f3s, brindamos, con los socios y socias que asistieron, por la nueva etapa de la asociaci\u00f3n. Visita virtual de la nueva sede: http:\/\/www.robertramos.cat\/Visitavirtual\/VV_CRAC.html","og_url":"https:\/\/cracpatrimoni.com\/es\/inauguracion-de-la-nueva-sede-de-crac\/","og_site_name":"CRAC","article_published_time":"2015-06-06T22:36:46+00:00","article_modified_time":"2023-01-09T14:11:26+00:00","og_image":[{"width":1000,"height":1000,"url":"https:\/\/cracpatrimoni.com\/wp-content\/uploads\/2015\/06\/miniatura-news-inauguracio.jpg","type":"image\/jpeg"}],"author":"Ingrid Ferrer Homs","twitter_card":"summary_large_image","twitter_misc":{"Escrito por":"Ingrid Ferrer Homs"},"schema":{"@context":"https:\/\/schema.org","@graph":[{"@type":"Article","@id":"https:\/\/cracpatrimoni.com\/es\/inauguracion-de-la-nueva-sede-de-crac\/#article","isPartOf":{"@id":"https:\/\/cracpatrimoni.com\/es\/inauguracion-de-la-nueva-sede-de-crac\/"},"author":{"name":"Ingrid Ferrer Homs","@id":"https:\/\/cracpatrimoni.com\/es\/#\/schema\/person\/be5a2af72e5ad4df9b5b33a09cc0ef9d"},"headline":"Inauguraci\u00f3n de la nueva sede de CRAC","datePublished":"2015-06-06T22:36:46+00:00","dateModified":"2023-01-09T14:11:26+00:00","mainEntityOfPage":{"@id":"https:\/\/cracpatrimoni.com\/es\/inauguracion-de-la-nueva-sede-de-crac\/"},"wordCount":61,"publisher":{"@id":"https:\/\/cracpatrimoni.com\/es\/#organization"},"image":{"@id":"https:\/\/cracpatrimoni.com\/es\/inauguracion-de-la-nueva-sede-de-crac\/#primaryimage"},"thumbnailUrl":"https:\/\/cracpatrimoni.com\/wp-content\/uploads\/2015\/06\/miniatura-news-inauguracio.jpg","keywords":["Barcelona","catalunya","conservaci\u00f3n","inauguraci\u00f3n","restauraci\u00f3n"],"articleSection":["Reuni\u00f3n t\u00e9cnica"],"inLanguage":"es"},{"@type":"WebPage","@id":"https:\/\/cracpatrimoni.com\/es\/inauguracion-de-la-nueva-sede-de-crac\/","url":"https:\/\/cracpatrimoni.com\/es\/inauguracion-de-la-nueva-sede-de-crac\/","name":"Inauguraci\u00f3n de la nueva sede de CRAC - CRAC","isPartOf":{"@id":"https:\/\/cracpatrimoni.com\/es\/#website"},"primaryImageOfPage":{"@id":"https:\/\/cracpatrimoni.com\/es\/inauguracion-de-la-nueva-sede-de-crac\/#primaryimage"},"image":{"@id":"https:\/\/cracpatrimoni.com\/es\/inauguracion-de-la-nueva-sede-de-crac\/#primaryimage"},"thumbnailUrl":"https:\/\/cracpatrimoni.com\/wp-content\/uploads\/2015\/06\/miniatura-news-inauguracio.jpg","datePublished":"2015-06-06T22:36:46+00:00","dateModified":"2023-01-09T14:11:26+00:00","breadcrumb":{"@id":"https:\/\/cracpatrimoni.com\/es\/inauguracion-de-la-nueva-sede-de-crac\/#breadcrumb"},"inLanguage":"es","potentialAction":[{"@type":"ReadAction","target":["https:\/\/cracpatrimoni.com\/es\/inauguracion-de-la-nueva-sede-de-crac\/"]}]},{"@type":"ImageObject","inLanguage":"es","@id":"https:\/\/cracpatrimoni.com\/es\/inauguracion-de-la-nueva-sede-de-crac\/#primaryimage","url":"https:\/\/cracpatrimoni.com\/wp-content\/uploads\/2015\/06\/miniatura-news-inauguracio.jpg","contentUrl":"https:\/\/cracpatrimoni.com\/wp-content\/uploads\/2015\/06\/miniatura-news-inauguracio.jpg","width":1000,"height":1000,"caption":"Inauguraci\u00f3 de la nova seu de CRAC"},{"@type":"BreadcrumbList","@id":"https:\/\/cracpatrimoni.com\/es\/inauguracion-de-la-nueva-sede-de-crac\/#breadcrumb","itemListElement":[{"@type":"ListItem","position":1,"name":"Portada","item":"https:\/\/cracpatrimoni.com\/es\/"},{"@type":"ListItem","position":2,"name":"Inauguraci\u00f3n de la nueva sede de CRAC"}]},{"@type":"WebSite","@id":"https:\/\/cracpatrimoni.com\/es\/#website","url":"https:\/\/cracpatrimoni.com\/es\/","name":"CRAC","description":"Conservadors restauradors associats de Catalunya","publisher":{"@id":"https:\/\/cracpatrimoni.com\/es\/#organization"},"potentialAction":[{"@type":"SearchAction","target":{"@type":"EntryPoint","urlTemplate":"https:\/\/cracpatrimoni.com\/es\/?s={search_term_string}"},"query-input":{"@type":"PropertyValueSpecification","valueRequired":true,"valueName":"search_term_string"}}],"inLanguage":"es"},{"@type":"Organization","@id":"https:\/\/cracpatrimoni.com\/es\/#organization","name":"CRAC","url":"https:\/\/cracpatrimoni.com\/es\/","logo":{"@type":"ImageObject","inLanguage":"es","@id":"https:\/\/cracpatrimoni.com\/es\/#\/schema\/logo\/image\/","url":"https:\/\/cracpatrimoni.com\/wp-content\/uploads\/2022\/11\/logocrac-1-1.png","contentUrl":"https:\/\/cracpatrimoni.com\/wp-content\/uploads\/2022\/11\/logocrac-1-1.png","width":384,"height":152,"caption":"CRAC"},"image":{"@id":"https:\/\/cracpatrimoni.com\/es\/#\/schema\/logo\/image\/"}},{"@type":"Person","@id":"https:\/\/cracpatrimoni.com\/es\/#\/schema\/person\/be5a2af72e5ad4df9b5b33a09cc0ef9d","name":"Ingrid Ferrer Homs","image":{"@type":"ImageObject","inLanguage":"es","@id":"https:\/\/secure.gravatar.com\/avatar\/93e98562c9a14b3ca456ad9f1aad2bddb77211fafffaeca30b5f801ccbf2ea3d?s=96&d=mm&r=g","url":"https:\/\/secure.gravatar.com\/avatar\/93e98562c9a14b3ca456ad9f1aad2bddb77211fafffaeca30b5f801ccbf2ea3d?s=96&d=mm&r=g","contentUrl":"https:\/\/secure.gravatar.com\/avatar\/93e98562c9a14b3ca456ad9f1aad2bddb77211fafffaeca30b5f801ccbf2ea3d?s=96&d=mm&r=g","caption":"Ingrid Ferrer Homs"},"url":"https:\/\/cracpatrimoni.com\/es\/author\/ingrid\/"}]}},"_links":{"self":[{"href":"https:\/\/cracpatrimoni.com\/es\/wp-json\/wp\/v2\/posts\/4592","targetHints":{"allow":["GET"]}}],"collection":[{"href":"https:\/\/cracpatrimoni.com\/es\/wp-json\/wp\/v2\/posts"}],"about":[{"href":"https:\/\/cracpatrimoni.com\/es\/wp-json\/wp\/v2\/types\/post"}],"author":[{"embeddable":true,"href":"https:\/\/cracpatrimoni.com\/es\/wp-json\/wp\/v2\/users\/2"}],"replies":[{"embeddable":true,"href":"https:\/\/cracpatrimoni.com\/es\/wp-json\/wp\/v2\/comments?post=4592"}],"version-history":[{"count":3,"href":"https:\/\/cracpatrimoni.com\/es\/wp-json\/wp\/v2\/posts\/4592\/revisions"}],"predecessor-version":[{"id":4828,"href":"https:\/\/cracpatrimoni.com\/es\/wp-json\/wp\/v2\/posts\/4592\/revisions\/4828"}],"wp:featuredmedia":[{"embeddable":true,"href":"https:\/\/cracpatrimoni.com\/es\/wp-json\/wp\/v2\/media\/4281"}],"wp:attachment":[{"href":"https:\/\/cracpatrimoni.com\/es\/wp-json\/wp\/v2\/media?parent=4592"}],"wp:term":[{"taxonomy":"category","embeddable":true,"href":"https:\/\/cracpatrimoni.com\/es\/wp-json\/wp\/v2\/categories?post=4592"},{"taxonomy":"post_tag","embeddable":true,"href":"https:\/\/cracpatrimoni.com\/es\/wp-json\/wp\/v2\/tags?post=4592"}],"curies":[{"name":"wp","href":"https:\/\/api.w.org\/{rel}","templated":true}]}}