{"id":4586,"date":"2018-05-24T19:13:42","date_gmt":"2018-05-24T19:13:42","guid":{"rendered":"http:\/\/cracpatrimoni.com\/crac-se-adhiere-al-manifiesto-por-el-patrimonio-por-una-profesion-necesaria\/"},"modified":"2023-01-09T14:09:38","modified_gmt":"2023-01-09T14:09:38","slug":"crac-se-adhiere-al-manifiesto-por-el-patrimonio-por-una-profesion-necesaria","status":"publish","type":"post","link":"https:\/\/cracpatrimoni.com\/es\/crac-se-adhiere-al-manifiesto-por-el-patrimonio-por-una-profesion-necesaria\/","title":{"rendered":"CRAC se adhiere al manifiesto &#8220;Por el Patrimonio, por una profesi\u00f3n necesaria&#8221;"},"content":{"rendered":"\n<p>ACRE y GEIIC han impulsado el escrito del manifiesto &#8220;<strong>Por el patrimonio, por una profesi\u00f3n necesaria<\/strong>&#8220;, en el que CRAC ha participado, junto con otras entidades.<\/p>\n\n<p>Este viernes <strong>25 de mayo<\/strong>, tendr\u00e1 lugar la lectura del manifiesto en varios sitios de Espa\u00f1a. Desde CRAC se ha impulsado la lectura en diferentes instituciones de Catalu\u00f1a:<\/p>\n\n<ul class=\"wp-block-list\">\n<li>Escuela Superior de Conservaci\u00f3n y Restauraci\u00f3n de Bienes Culturales de Catalunya (ESCRBC), 10:30h.<\/li>\n\n\n\n<li>Facultad de Bellas Artes (Universidad de Barcelona) &#8211; horario de tarde &#8211; TBC.<\/li>\n\n\n\n<li>Centro de Restauraci\u00f3n de Bienes Muebles de Catalu\u00f1a (CRBMC) 12h.<\/li>\n\n\n\n<li>Museo Nacional de Arte de Catalu\u00f1a &#8211; horario de ma\u00f1ana &#8211; TBC.<\/li>\n<\/ul>\n\n<hr class=\"wp-block-separator has-text-color has-alpha-channel-opacity has-background is-style-dots\" style=\"background-color:#f4f5f0;color:#f4f5f0\"\/>\n\n<p>Pod\u00e9is leer el <strong>manifiesto<\/strong> en catal\u00e1n y la <strong>nota de prensa<\/strong> general a continuaci\u00f3n:<\/p>\n\n<hr class=\"wp-block-separator has-text-color has-alpha-channel-opacity has-background is-style-dots\" style=\"background-color:#f4f5f0;color:#f4f5f0\"\/>\n\n<div data-wp-interactive=\"core\/file\" class=\"wp-block-file\"><object data-wp-bind--hidden=\"!state.hasPdfPreview\" hidden class=\"wp-block-file__embed\" data=\"https:\/\/cracpatrimoni.com\/wp-content\/uploads\/2022\/12\/Manifest_catala-amb-signants.pdf\" type=\"application\/pdf\" style=\"width:100%;height:600px\" aria-label=\"Incrustado de Manifest &quot;Pel Patrimoni, per una professi\u00f3 necess\u00e0ria&quot; - CAT.\"><\/object><a id=\"wp-block-file--media-1ac7c3bc-4ee4-4fab-b6dc-312ddaf97417\" href=\"https:\/\/cracpatrimoni.com\/wp-content\/uploads\/2022\/12\/Manifest_catala-amb-signants.pdf\">Manifiesto &#8220;Por el Patrimonio, por una profesi\u00f3n necesaria&#8221; &#8211; CAT<\/a><a href=\"https:\/\/cracpatrimoni.com\/wp-content\/uploads\/2022\/12\/Manifest_catala-amb-signants.pdf\" class=\"wp-block-file__button wp-element-button\" download=\"\" aria-describedby=\"wp-block-file--media-1ac7c3bc-4ee4-4fab-b6dc-312ddaf97417\">Descarga<\/a><\/div>\n\n<div data-wp-interactive=\"core\/file\" class=\"wp-block-file\"><object data-wp-bind--hidden=\"!state.hasPdfPreview\" hidden class=\"wp-block-file__embed\" data=\"https:\/\/cracpatrimoni.com\/wp-content\/uploads\/2022\/12\/NP-manifiesto-por-el-patrimonio-3.pdf\" type=\"application\/pdf\" style=\"width:100%;height:600px\" aria-label=\"Incrustado de Nota de Premsa &quot;Por el Patrimonio, por una profesi\u00f3n necesaria&quot; - ESP.\"><\/object><a id=\"wp-block-file--media-2014f4bf-67fc-470b-8b3c-675afcead3f4\" href=\"https:\/\/cracpatrimoni.com\/wp-content\/uploads\/2022\/12\/NP-manifiesto-por-el-patrimonio-3.pdf\">Nota de Prensa &#8220;Por el Patrimonio, por una profesi\u00f3n necesaria&#8221; &#8211; ESP<\/a><a href=\"https:\/\/cracpatrimoni.com\/wp-content\/uploads\/2022\/12\/NP-manifiesto-por-el-patrimonio-3.pdf\" class=\"wp-block-file__button wp-element-button\" download=\"\" aria-describedby=\"wp-block-file--media-2014f4bf-67fc-470b-8b3c-675afcead3f4\">Descarga<\/a><\/div>\n\n<hr class=\"wp-block-separator has-text-color has-alpha-channel-opacity has-background is-style-dots\" style=\"background-color:#f4f5f0;color:#f4f5f0\"\/>\n\n<p class=\"has-text-align-center has-luminous-vivid-orange-color has-text-color\"><strong>Para firmarlo, aqu\u00ed ten\u00e9is el link al formulario<\/strong><\/p>\n\n<div class=\"wp-block-buttons is-content-justification-center is-layout-flex wp-container-core-buttons-is-layout-a89b3969 wp-block-buttons-is-layout-flex\">\n<div class=\"wp-block-button is-style-fill\"><a class=\"wp-block-button__link has-white-color has-luminous-vivid-orange-background-color has-text-color has-background wp-element-button\" href=\"tinyurl.com\/ya9soba7\" target=\"_blank\" rel=\"noreferrer noopener\">FIRMA el MANIFIESTO<\/a><\/div>\n<\/div>\n\n<hr class=\"wp-block-separator has-text-color has-alpha-channel-opacity has-background is-style-dots\" style=\"background-color:#f4f5f0;color:#f4f5f0\"\/>\n\n<p>Os animamos a participar y hacer difusi\u00f3n.<\/p>\n","protected":false},"excerpt":{"rendered":"<p>ACRE y GEIIC han impulsado el escrito del manifiesto &#8220;Por el patrimonio, por una profesi\u00f3n necesaria&#8220;, en el que CRAC ha participado, junto con otras entidades. Este viernes 25 de mayo, tendr\u00e1 lugar la lectura del manifiesto en varios sitios de Espa\u00f1a. Desde CRAC se ha impulsado la lectura en diferentes instituciones de Catalu\u00f1a: Pod\u00e9is [&hellip;]<\/p>\n","protected":false},"author":2,"featured_media":4105,"comment_status":"closed","ping_status":"open","sticky":false,"template":"","format":"standard","meta":{"_acf_changed":false,"footnotes":""},"categories":[39],"tags":[],"class_list":["post-4586","post","type-post","status-publish","format-standard","has-post-thumbnail","hentry","category-reunion-tecnica"],"acf":[],"yoast_head":"<!-- This site is optimized with the Yoast SEO plugin v27.5 - https:\/\/yoast.com\/product\/yoast-seo-wordpress\/ -->\n<title>CRAC se adhiere al manifiesto &quot;Por el Patrimonio, por una profesi\u00f3n necesaria&quot; - CRAC<\/title>\n<meta name=\"robots\" content=\"index, follow, max-snippet:-1, max-image-preview:large, max-video-preview:-1\" \/>\n<link rel=\"canonical\" href=\"https:\/\/cracpatrimoni.com\/es\/crac-se-adhiere-al-manifiesto-por-el-patrimonio-por-una-profesion-necesaria\/\" \/>\n<meta property=\"og:locale\" content=\"es_ES\" \/>\n<meta property=\"og:type\" content=\"article\" \/>\n<meta property=\"og:title\" content=\"CRAC se adhiere al manifiesto &quot;Por el Patrimonio, por una profesi\u00f3n necesaria&quot; - CRAC\" \/>\n<meta property=\"og:description\" content=\"ACRE y GEIIC han impulsado el escrito del manifiesto &#8220;Por el patrimonio, por una profesi\u00f3n necesaria&#8220;, en el que CRAC ha participado, junto con otras entidades. Este viernes 25 de mayo, tendr\u00e1 lugar la lectura del manifiesto en varios sitios de Espa\u00f1a. Desde CRAC se ha impulsado la lectura en diferentes instituciones de Catalu\u00f1a: Pod\u00e9is [&hellip;]\" \/>\n<meta property=\"og:url\" content=\"https:\/\/cracpatrimoni.com\/es\/crac-se-adhiere-al-manifiesto-por-el-patrimonio-por-una-profesion-necesaria\/\" \/>\n<meta property=\"og:site_name\" content=\"CRAC\" \/>\n<meta property=\"article:published_time\" content=\"2018-05-24T19:13:42+00:00\" \/>\n<meta property=\"article:modified_time\" content=\"2023-01-09T14:09:38+00:00\" \/>\n<meta property=\"og:image\" content=\"https:\/\/cracpatrimoni.com\/wp-content\/uploads\/2018\/05\/miniatura-news-manifest.jpg\" \/>\n\t<meta property=\"og:image:width\" content=\"1000\" \/>\n\t<meta property=\"og:image:height\" content=\"1000\" \/>\n\t<meta property=\"og:image:type\" content=\"image\/jpeg\" \/>\n<meta name=\"author\" content=\"Ingrid Ferrer Homs\" \/>\n<meta name=\"twitter:card\" content=\"summary_large_image\" \/>\n<meta name=\"twitter:label1\" content=\"Escrito por\" \/>\n\t<meta name=\"twitter:data1\" content=\"Ingrid Ferrer Homs\" \/>\n\t<meta name=\"twitter:label2\" content=\"Tiempo de lectura\" \/>\n\t<meta name=\"twitter:data2\" content=\"1 minuto\" \/>\n<script type=\"application\/ld+json\" class=\"yoast-schema-graph\">{\"@context\":\"https:\\\/\\\/schema.org\",\"@graph\":[{\"@type\":\"Article\",\"@id\":\"https:\\\/\\\/cracpatrimoni.com\\\/es\\\/crac-se-adhiere-al-manifiesto-por-el-patrimonio-por-una-profesion-necesaria\\\/#article\",\"isPartOf\":{\"@id\":\"https:\\\/\\\/cracpatrimoni.com\\\/es\\\/crac-se-adhiere-al-manifiesto-por-el-patrimonio-por-una-profesion-necesaria\\\/\"},\"author\":{\"name\":\"Ingrid Ferrer Homs\",\"@id\":\"https:\\\/\\\/cracpatrimoni.com\\\/es\\\/#\\\/schema\\\/person\\\/be5a2af72e5ad4df9b5b33a09cc0ef9d\"},\"headline\":\"CRAC se adhiere al manifiesto &#8220;Por el Patrimonio, por una profesi\u00f3n necesaria&#8221;\",\"datePublished\":\"2018-05-24T19:13:42+00:00\",\"dateModified\":\"2023-01-09T14:09:38+00:00\",\"mainEntityOfPage\":{\"@id\":\"https:\\\/\\\/cracpatrimoni.com\\\/es\\\/crac-se-adhiere-al-manifiesto-por-el-patrimonio-por-una-profesion-necesaria\\\/\"},\"wordCount\":186,\"publisher\":{\"@id\":\"https:\\\/\\\/cracpatrimoni.com\\\/es\\\/#organization\"},\"image\":{\"@id\":\"https:\\\/\\\/cracpatrimoni.com\\\/es\\\/crac-se-adhiere-al-manifiesto-por-el-patrimonio-por-una-profesion-necesaria\\\/#primaryimage\"},\"thumbnailUrl\":\"https:\\\/\\\/cracpatrimoni.com\\\/wp-content\\\/uploads\\\/2018\\\/05\\\/miniatura-news-manifest.jpg\",\"articleSection\":[\"Reuni\u00f3n t\u00e9cnica\"],\"inLanguage\":\"es\"},{\"@type\":\"WebPage\",\"@id\":\"https:\\\/\\\/cracpatrimoni.com\\\/es\\\/crac-se-adhiere-al-manifiesto-por-el-patrimonio-por-una-profesion-necesaria\\\/\",\"url\":\"https:\\\/\\\/cracpatrimoni.com\\\/es\\\/crac-se-adhiere-al-manifiesto-por-el-patrimonio-por-una-profesion-necesaria\\\/\",\"name\":\"CRAC se adhiere al manifiesto \\\"Por el Patrimonio, por una profesi\u00f3n necesaria\\\" - CRAC\",\"isPartOf\":{\"@id\":\"https:\\\/\\\/cracpatrimoni.com\\\/es\\\/#website\"},\"primaryImageOfPage\":{\"@id\":\"https:\\\/\\\/cracpatrimoni.com\\\/es\\\/crac-se-adhiere-al-manifiesto-por-el-patrimonio-por-una-profesion-necesaria\\\/#primaryimage\"},\"image\":{\"@id\":\"https:\\\/\\\/cracpatrimoni.com\\\/es\\\/crac-se-adhiere-al-manifiesto-por-el-patrimonio-por-una-profesion-necesaria\\\/#primaryimage\"},\"thumbnailUrl\":\"https:\\\/\\\/cracpatrimoni.com\\\/wp-content\\\/uploads\\\/2018\\\/05\\\/miniatura-news-manifest.jpg\",\"datePublished\":\"2018-05-24T19:13:42+00:00\",\"dateModified\":\"2023-01-09T14:09:38+00:00\",\"breadcrumb\":{\"@id\":\"https:\\\/\\\/cracpatrimoni.com\\\/es\\\/crac-se-adhiere-al-manifiesto-por-el-patrimonio-por-una-profesion-necesaria\\\/#breadcrumb\"},\"inLanguage\":\"es\",\"potentialAction\":[{\"@type\":\"ReadAction\",\"target\":[\"https:\\\/\\\/cracpatrimoni.com\\\/es\\\/crac-se-adhiere-al-manifiesto-por-el-patrimonio-por-una-profesion-necesaria\\\/\"]}]},{\"@type\":\"ImageObject\",\"inLanguage\":\"es\",\"@id\":\"https:\\\/\\\/cracpatrimoni.com\\\/es\\\/crac-se-adhiere-al-manifiesto-por-el-patrimonio-por-una-profesion-necesaria\\\/#primaryimage\",\"url\":\"https:\\\/\\\/cracpatrimoni.com\\\/wp-content\\\/uploads\\\/2018\\\/05\\\/miniatura-news-manifest.jpg\",\"contentUrl\":\"https:\\\/\\\/cracpatrimoni.com\\\/wp-content\\\/uploads\\\/2018\\\/05\\\/miniatura-news-manifest.jpg\",\"width\":1000,\"height\":1000,\"caption\":\"CRAC s'adhereix al manifest \\\"Pel Patrimoni, per una professi\u00f3 necess\u00e0ria\\\"\"},{\"@type\":\"BreadcrumbList\",\"@id\":\"https:\\\/\\\/cracpatrimoni.com\\\/es\\\/crac-se-adhiere-al-manifiesto-por-el-patrimonio-por-una-profesion-necesaria\\\/#breadcrumb\",\"itemListElement\":[{\"@type\":\"ListItem\",\"position\":1,\"name\":\"Portada\",\"item\":\"https:\\\/\\\/cracpatrimoni.com\\\/es\\\/\"},{\"@type\":\"ListItem\",\"position\":2,\"name\":\"CRAC se adhiere al manifiesto &#8220;Por el Patrimonio, por una profesi\u00f3n necesaria&#8221;\"}]},{\"@type\":\"WebSite\",\"@id\":\"https:\\\/\\\/cracpatrimoni.com\\\/es\\\/#website\",\"url\":\"https:\\\/\\\/cracpatrimoni.com\\\/es\\\/\",\"name\":\"CRAC\",\"description\":\"Conservadors restauradors associats de Catalunya\",\"publisher\":{\"@id\":\"https:\\\/\\\/cracpatrimoni.com\\\/es\\\/#organization\"},\"potentialAction\":[{\"@type\":\"SearchAction\",\"target\":{\"@type\":\"EntryPoint\",\"urlTemplate\":\"https:\\\/\\\/cracpatrimoni.com\\\/es\\\/?s={search_term_string}\"},\"query-input\":{\"@type\":\"PropertyValueSpecification\",\"valueRequired\":true,\"valueName\":\"search_term_string\"}}],\"inLanguage\":\"es\"},{\"@type\":\"Organization\",\"@id\":\"https:\\\/\\\/cracpatrimoni.com\\\/es\\\/#organization\",\"name\":\"CRAC\",\"url\":\"https:\\\/\\\/cracpatrimoni.com\\\/es\\\/\",\"logo\":{\"@type\":\"ImageObject\",\"inLanguage\":\"es\",\"@id\":\"https:\\\/\\\/cracpatrimoni.com\\\/es\\\/#\\\/schema\\\/logo\\\/image\\\/\",\"url\":\"https:\\\/\\\/cracpatrimoni.com\\\/wp-content\\\/uploads\\\/2022\\\/11\\\/logocrac-1-1.png\",\"contentUrl\":\"https:\\\/\\\/cracpatrimoni.com\\\/wp-content\\\/uploads\\\/2022\\\/11\\\/logocrac-1-1.png\",\"width\":384,\"height\":152,\"caption\":\"CRAC\"},\"image\":{\"@id\":\"https:\\\/\\\/cracpatrimoni.com\\\/es\\\/#\\\/schema\\\/logo\\\/image\\\/\"}},{\"@type\":\"Person\",\"@id\":\"https:\\\/\\\/cracpatrimoni.com\\\/es\\\/#\\\/schema\\\/person\\\/be5a2af72e5ad4df9b5b33a09cc0ef9d\",\"name\":\"Ingrid Ferrer Homs\",\"image\":{\"@type\":\"ImageObject\",\"inLanguage\":\"es\",\"@id\":\"https:\\\/\\\/secure.gravatar.com\\\/avatar\\\/93e98562c9a14b3ca456ad9f1aad2bddb77211fafffaeca30b5f801ccbf2ea3d?s=96&d=mm&r=g\",\"url\":\"https:\\\/\\\/secure.gravatar.com\\\/avatar\\\/93e98562c9a14b3ca456ad9f1aad2bddb77211fafffaeca30b5f801ccbf2ea3d?s=96&d=mm&r=g\",\"contentUrl\":\"https:\\\/\\\/secure.gravatar.com\\\/avatar\\\/93e98562c9a14b3ca456ad9f1aad2bddb77211fafffaeca30b5f801ccbf2ea3d?s=96&d=mm&r=g\",\"caption\":\"Ingrid Ferrer Homs\"},\"url\":\"https:\\\/\\\/cracpatrimoni.com\\\/es\\\/author\\\/ingrid\\\/\"}]}<\/script>\n<!-- \/ Yoast SEO plugin. -->","yoast_head_json":{"title":"CRAC se adhiere al manifiesto \"Por el Patrimonio, por una profesi\u00f3n necesaria\" - CRAC","robots":{"index":"index","follow":"follow","max-snippet":"max-snippet:-1","max-image-preview":"max-image-preview:large","max-video-preview":"max-video-preview:-1"},"canonical":"https:\/\/cracpatrimoni.com\/es\/crac-se-adhiere-al-manifiesto-por-el-patrimonio-por-una-profesion-necesaria\/","og_locale":"es_ES","og_type":"article","og_title":"CRAC se adhiere al manifiesto \"Por el Patrimonio, por una profesi\u00f3n necesaria\" - CRAC","og_description":"ACRE y GEIIC han impulsado el escrito del manifiesto &#8220;Por el patrimonio, por una profesi\u00f3n necesaria&#8220;, en el que CRAC ha participado, junto con otras entidades. Este viernes 25 de mayo, tendr\u00e1 lugar la lectura del manifiesto en varios sitios de Espa\u00f1a. Desde CRAC se ha impulsado la lectura en diferentes instituciones de Catalu\u00f1a: Pod\u00e9is [&hellip;]","og_url":"https:\/\/cracpatrimoni.com\/es\/crac-se-adhiere-al-manifiesto-por-el-patrimonio-por-una-profesion-necesaria\/","og_site_name":"CRAC","article_published_time":"2018-05-24T19:13:42+00:00","article_modified_time":"2023-01-09T14:09:38+00:00","og_image":[{"width":1000,"height":1000,"url":"https:\/\/cracpatrimoni.com\/wp-content\/uploads\/2018\/05\/miniatura-news-manifest.jpg","type":"image\/jpeg"}],"author":"Ingrid Ferrer Homs","twitter_card":"summary_large_image","twitter_misc":{"Escrito por":"Ingrid Ferrer Homs","Tiempo de lectura":"1 minuto"},"schema":{"@context":"https:\/\/schema.org","@graph":[{"@type":"Article","@id":"https:\/\/cracpatrimoni.com\/es\/crac-se-adhiere-al-manifiesto-por-el-patrimonio-por-una-profesion-necesaria\/#article","isPartOf":{"@id":"https:\/\/cracpatrimoni.com\/es\/crac-se-adhiere-al-manifiesto-por-el-patrimonio-por-una-profesion-necesaria\/"},"author":{"name":"Ingrid Ferrer Homs","@id":"https:\/\/cracpatrimoni.com\/es\/#\/schema\/person\/be5a2af72e5ad4df9b5b33a09cc0ef9d"},"headline":"CRAC se adhiere al manifiesto &#8220;Por el Patrimonio, por una profesi\u00f3n necesaria&#8221;","datePublished":"2018-05-24T19:13:42+00:00","dateModified":"2023-01-09T14:09:38+00:00","mainEntityOfPage":{"@id":"https:\/\/cracpatrimoni.com\/es\/crac-se-adhiere-al-manifiesto-por-el-patrimonio-por-una-profesion-necesaria\/"},"wordCount":186,"publisher":{"@id":"https:\/\/cracpatrimoni.com\/es\/#organization"},"image":{"@id":"https:\/\/cracpatrimoni.com\/es\/crac-se-adhiere-al-manifiesto-por-el-patrimonio-por-una-profesion-necesaria\/#primaryimage"},"thumbnailUrl":"https:\/\/cracpatrimoni.com\/wp-content\/uploads\/2018\/05\/miniatura-news-manifest.jpg","articleSection":["Reuni\u00f3n t\u00e9cnica"],"inLanguage":"es"},{"@type":"WebPage","@id":"https:\/\/cracpatrimoni.com\/es\/crac-se-adhiere-al-manifiesto-por-el-patrimonio-por-una-profesion-necesaria\/","url":"https:\/\/cracpatrimoni.com\/es\/crac-se-adhiere-al-manifiesto-por-el-patrimonio-por-una-profesion-necesaria\/","name":"CRAC se adhiere al manifiesto \"Por el Patrimonio, por una profesi\u00f3n necesaria\" - CRAC","isPartOf":{"@id":"https:\/\/cracpatrimoni.com\/es\/#website"},"primaryImageOfPage":{"@id":"https:\/\/cracpatrimoni.com\/es\/crac-se-adhiere-al-manifiesto-por-el-patrimonio-por-una-profesion-necesaria\/#primaryimage"},"image":{"@id":"https:\/\/cracpatrimoni.com\/es\/crac-se-adhiere-al-manifiesto-por-el-patrimonio-por-una-profesion-necesaria\/#primaryimage"},"thumbnailUrl":"https:\/\/cracpatrimoni.com\/wp-content\/uploads\/2018\/05\/miniatura-news-manifest.jpg","datePublished":"2018-05-24T19:13:42+00:00","dateModified":"2023-01-09T14:09:38+00:00","breadcrumb":{"@id":"https:\/\/cracpatrimoni.com\/es\/crac-se-adhiere-al-manifiesto-por-el-patrimonio-por-una-profesion-necesaria\/#breadcrumb"},"inLanguage":"es","potentialAction":[{"@type":"ReadAction","target":["https:\/\/cracpatrimoni.com\/es\/crac-se-adhiere-al-manifiesto-por-el-patrimonio-por-una-profesion-necesaria\/"]}]},{"@type":"ImageObject","inLanguage":"es","@id":"https:\/\/cracpatrimoni.com\/es\/crac-se-adhiere-al-manifiesto-por-el-patrimonio-por-una-profesion-necesaria\/#primaryimage","url":"https:\/\/cracpatrimoni.com\/wp-content\/uploads\/2018\/05\/miniatura-news-manifest.jpg","contentUrl":"https:\/\/cracpatrimoni.com\/wp-content\/uploads\/2018\/05\/miniatura-news-manifest.jpg","width":1000,"height":1000,"caption":"CRAC s'adhereix al manifest \"Pel Patrimoni, per una professi\u00f3 necess\u00e0ria\""},{"@type":"BreadcrumbList","@id":"https:\/\/cracpatrimoni.com\/es\/crac-se-adhiere-al-manifiesto-por-el-patrimonio-por-una-profesion-necesaria\/#breadcrumb","itemListElement":[{"@type":"ListItem","position":1,"name":"Portada","item":"https:\/\/cracpatrimoni.com\/es\/"},{"@type":"ListItem","position":2,"name":"CRAC se adhiere al manifiesto &#8220;Por el Patrimonio, por una profesi\u00f3n necesaria&#8221;"}]},{"@type":"WebSite","@id":"https:\/\/cracpatrimoni.com\/es\/#website","url":"https:\/\/cracpatrimoni.com\/es\/","name":"CRAC","description":"Conservadors restauradors associats de Catalunya","publisher":{"@id":"https:\/\/cracpatrimoni.com\/es\/#organization"},"potentialAction":[{"@type":"SearchAction","target":{"@type":"EntryPoint","urlTemplate":"https:\/\/cracpatrimoni.com\/es\/?s={search_term_string}"},"query-input":{"@type":"PropertyValueSpecification","valueRequired":true,"valueName":"search_term_string"}}],"inLanguage":"es"},{"@type":"Organization","@id":"https:\/\/cracpatrimoni.com\/es\/#organization","name":"CRAC","url":"https:\/\/cracpatrimoni.com\/es\/","logo":{"@type":"ImageObject","inLanguage":"es","@id":"https:\/\/cracpatrimoni.com\/es\/#\/schema\/logo\/image\/","url":"https:\/\/cracpatrimoni.com\/wp-content\/uploads\/2022\/11\/logocrac-1-1.png","contentUrl":"https:\/\/cracpatrimoni.com\/wp-content\/uploads\/2022\/11\/logocrac-1-1.png","width":384,"height":152,"caption":"CRAC"},"image":{"@id":"https:\/\/cracpatrimoni.com\/es\/#\/schema\/logo\/image\/"}},{"@type":"Person","@id":"https:\/\/cracpatrimoni.com\/es\/#\/schema\/person\/be5a2af72e5ad4df9b5b33a09cc0ef9d","name":"Ingrid Ferrer Homs","image":{"@type":"ImageObject","inLanguage":"es","@id":"https:\/\/secure.gravatar.com\/avatar\/93e98562c9a14b3ca456ad9f1aad2bddb77211fafffaeca30b5f801ccbf2ea3d?s=96&d=mm&r=g","url":"https:\/\/secure.gravatar.com\/avatar\/93e98562c9a14b3ca456ad9f1aad2bddb77211fafffaeca30b5f801ccbf2ea3d?s=96&d=mm&r=g","contentUrl":"https:\/\/secure.gravatar.com\/avatar\/93e98562c9a14b3ca456ad9f1aad2bddb77211fafffaeca30b5f801ccbf2ea3d?s=96&d=mm&r=g","caption":"Ingrid Ferrer Homs"},"url":"https:\/\/cracpatrimoni.com\/es\/author\/ingrid\/"}]}},"_links":{"self":[{"href":"https:\/\/cracpatrimoni.com\/es\/wp-json\/wp\/v2\/posts\/4586","targetHints":{"allow":["GET"]}}],"collection":[{"href":"https:\/\/cracpatrimoni.com\/es\/wp-json\/wp\/v2\/posts"}],"about":[{"href":"https:\/\/cracpatrimoni.com\/es\/wp-json\/wp\/v2\/types\/post"}],"author":[{"embeddable":true,"href":"https:\/\/cracpatrimoni.com\/es\/wp-json\/wp\/v2\/users\/2"}],"replies":[{"embeddable":true,"href":"https:\/\/cracpatrimoni.com\/es\/wp-json\/wp\/v2\/comments?post=4586"}],"version-history":[{"count":3,"href":"https:\/\/cracpatrimoni.com\/es\/wp-json\/wp\/v2\/posts\/4586\/revisions"}],"predecessor-version":[{"id":4802,"href":"https:\/\/cracpatrimoni.com\/es\/wp-json\/wp\/v2\/posts\/4586\/revisions\/4802"}],"wp:featuredmedia":[{"embeddable":true,"href":"https:\/\/cracpatrimoni.com\/es\/wp-json\/wp\/v2\/media\/4105"}],"wp:attachment":[{"href":"https:\/\/cracpatrimoni.com\/es\/wp-json\/wp\/v2\/media?parent=4586"}],"wp:term":[{"taxonomy":"category","embeddable":true,"href":"https:\/\/cracpatrimoni.com\/es\/wp-json\/wp\/v2\/categories?post=4586"},{"taxonomy":"post_tag","embeddable":true,"href":"https:\/\/cracpatrimoni.com\/es\/wp-json\/wp\/v2\/tags?post=4586"}],"curies":[{"name":"wp","href":"https:\/\/api.w.org\/{rel}","templated":true}]}}