{"id":4584,"date":"2018-06-14T21:59:35","date_gmt":"2018-06-14T21:59:35","guid":{"rendered":"http:\/\/cracpatrimoni.com\/resumen-de-la-visita-tecnica-a-la-biblioteca-de-reserva-de-la-ub\/"},"modified":"2023-01-09T14:09:38","modified_gmt":"2023-01-09T14:09:38","slug":"resumen-de-la-visita-tecnica-a-la-biblioteca-de-reserva-de-la-ub","status":"publish","type":"post","link":"https:\/\/cracpatrimoni.com\/es\/resumen-de-la-visita-tecnica-a-la-biblioteca-de-reserva-de-la-ub\/","title":{"rendered":"Resumen de la visita t\u00e9cnica a la Biblioteca de Reserva de la UB"},"content":{"rendered":"\n<p>El jueves <strong>14 de junio<\/strong> de 2018 pudimos disfrutar de nuevo de una visita t\u00e9cnica organizada por la CRAC. Esta vez, en la <strong>Biblioteca de Reserva del Edificio Hist\u00f3rico de la Universidad de Barcelona.<\/strong><br\/><\/p>\n\n<p>La visita transcurri\u00f3 en la <strong>sala de Reserva<\/strong>: un espacio de dos plantas cargadas de historia, donde <strong>Neus Verger Arce<\/strong> nos obsequi\u00f3 con la exhibici\u00f3n de algunos de sus mejores ejemplares.<br\/>El fondo depositado en la Universidad de Barcelona es el resultado de la confluencia de varios factores hist\u00f3ricos del siglo XIX. Entre ellos, la desamortizaci\u00f3n de los conventos, la desaparici\u00f3n de las bibliotecas conventuales a favor de una biblioteca provincial, las aportaciones de varios coleccionistas bibli\u00f3filos privados y parte del fondo de la Universidad de Cervera, etc.<br\/>El origen diverso de este fondo ha hecho que la tem\u00e1tica sea muy variada y, por tanto, abarca todas las ramas del saber: teolog\u00eda, filosof\u00eda, espiritualidad y derecho, junto con una presencia importante de los cl\u00e1sico griegos y latinos. El fondo incluye libros cient\u00edficos, de medicina, zoolog\u00eda, bot\u00e1nica, f\u00edsica, qu\u00edmica, matem\u00e1ticas y astronom\u00eda.<br\/>De hecho, uno de los libros que m\u00e1s atrajo nuestra atenci\u00f3n fue el <strong>Astronomicum Caesarum<\/strong>. Se trata de un ejemplar lleno de ilustraciones coloreadas a mano. Un total de 35 esferas m\u00f3viles, realizadas por Pere Api\u00e1, matem\u00e1tico y astr\u00f3nomo de Carlos V.<\/p>\n\n<p><br\/>As\u00ed pues, esperamos repetir la experiencia y volver de nuevo para que nos sorprendan con otros ejemplares similares.<\/p>\n\n<hr class=\"wp-block-separator has-text-color has-alpha-channel-opacity has-background is-style-dots\" style=\"background-color:#f4f5f0;color:#f4f5f0\"\/>\n\n<div class=\"wp-block-columns is-layout-flex wp-container-core-columns-is-layout-28f84493 wp-block-columns-is-layout-flex\">\n<div class=\"wp-block-column is-layout-flow wp-block-column-is-layout-flow\">\n<figure class=\"wp-block-image size-large is-resized\"><img fetchpriority=\"high\" decoding=\"async\" src=\"https:\/\/cracpatrimoni.com\/wp-content\/uploads\/2022\/12\/Visita-tecnica-a-la-CRAI-Biblioteca-de-Reserva-de-la-Universitat-de-Barcelona-4-1024x768.jpeg\" alt=\"\" class=\"wp-image-3857\" width=\"279\" height=\"209\" srcset=\"https:\/\/cracpatrimoni.com\/wp-content\/uploads\/2022\/12\/Visita-tecnica-a-la-CRAI-Biblioteca-de-Reserva-de-la-Universitat-de-Barcelona-4-1024x768.jpeg 1024w, https:\/\/cracpatrimoni.com\/wp-content\/uploads\/2022\/12\/Visita-tecnica-a-la-CRAI-Biblioteca-de-Reserva-de-la-Universitat-de-Barcelona-4-600x450.jpeg 600w, https:\/\/cracpatrimoni.com\/wp-content\/uploads\/2022\/12\/Visita-tecnica-a-la-CRAI-Biblioteca-de-Reserva-de-la-Universitat-de-Barcelona-4-300x225.jpeg 300w, https:\/\/cracpatrimoni.com\/wp-content\/uploads\/2022\/12\/Visita-tecnica-a-la-CRAI-Biblioteca-de-Reserva-de-la-Universitat-de-Barcelona-4-768x576.jpeg 768w, https:\/\/cracpatrimoni.com\/wp-content\/uploads\/2022\/12\/Visita-tecnica-a-la-CRAI-Biblioteca-de-Reserva-de-la-Universitat-de-Barcelona-4-1536x1152.jpeg 1536w, https:\/\/cracpatrimoni.com\/wp-content\/uploads\/2022\/12\/Visita-tecnica-a-la-CRAI-Biblioteca-de-Reserva-de-la-Universitat-de-Barcelona-4-500x375.jpeg 500w, https:\/\/cracpatrimoni.com\/wp-content\/uploads\/2022\/12\/Visita-tecnica-a-la-CRAI-Biblioteca-de-Reserva-de-la-Universitat-de-Barcelona-4.jpeg 1600w\" sizes=\"(max-width: 279px) 100vw, 279px\" \/><\/figure>\n<\/div>\n\n\n\n<div class=\"wp-block-column is-layout-flow wp-block-column-is-layout-flow\">\n<figure class=\"wp-block-image size-large is-resized\"><img decoding=\"async\" src=\"https:\/\/cracpatrimoni.com\/wp-content\/uploads\/2022\/12\/Visita-tecnica-a-la-CRAI-Biblioteca-de-Reserva-de-la-Universitat-de-Barcelona-6-1024x768.jpeg\" alt=\"\" class=\"wp-image-3861\" width=\"279\" height=\"209\" srcset=\"https:\/\/cracpatrimoni.com\/wp-content\/uploads\/2022\/12\/Visita-tecnica-a-la-CRAI-Biblioteca-de-Reserva-de-la-Universitat-de-Barcelona-6-1024x768.jpeg 1024w, https:\/\/cracpatrimoni.com\/wp-content\/uploads\/2022\/12\/Visita-tecnica-a-la-CRAI-Biblioteca-de-Reserva-de-la-Universitat-de-Barcelona-6-600x450.jpeg 600w, https:\/\/cracpatrimoni.com\/wp-content\/uploads\/2022\/12\/Visita-tecnica-a-la-CRAI-Biblioteca-de-Reserva-de-la-Universitat-de-Barcelona-6-300x225.jpeg 300w, https:\/\/cracpatrimoni.com\/wp-content\/uploads\/2022\/12\/Visita-tecnica-a-la-CRAI-Biblioteca-de-Reserva-de-la-Universitat-de-Barcelona-6-768x576.jpeg 768w, https:\/\/cracpatrimoni.com\/wp-content\/uploads\/2022\/12\/Visita-tecnica-a-la-CRAI-Biblioteca-de-Reserva-de-la-Universitat-de-Barcelona-6-1536x1152.jpeg 1536w, https:\/\/cracpatrimoni.com\/wp-content\/uploads\/2022\/12\/Visita-tecnica-a-la-CRAI-Biblioteca-de-Reserva-de-la-Universitat-de-Barcelona-6-500x375.jpeg 500w, https:\/\/cracpatrimoni.com\/wp-content\/uploads\/2022\/12\/Visita-tecnica-a-la-CRAI-Biblioteca-de-Reserva-de-la-Universitat-de-Barcelona-6.jpeg 1600w\" sizes=\"(max-width: 279px) 100vw, 279px\" \/><\/figure>\n<\/div>\n\n\n\n<div class=\"wp-block-column is-layout-flow wp-block-column-is-layout-flow\">\n<figure class=\"wp-block-image size-large is-resized\"><img decoding=\"async\" src=\"https:\/\/cracpatrimoni.com\/wp-content\/uploads\/2022\/12\/Visita-tecnica-a-la-CRAI-Biblioteca-de-Reserva-de-la-Universitat-de-Barcelona-3-1024x768.jpeg\" alt=\"Visita t&#xE9;cnica al Museo de Matar&#xF3; y la Capilla de los Dolores de la Bas&#xED;lica de Santa Mar&#xED;a de Matar&#xF3; (2018)\" class=\"wp-image-3855\" width=\"277\" height=\"208\" srcset=\"https:\/\/cracpatrimoni.com\/wp-content\/uploads\/2022\/12\/Visita-tecnica-a-la-CRAI-Biblioteca-de-Reserva-de-la-Universitat-de-Barcelona-3-1024x768.jpeg 1024w, https:\/\/cracpatrimoni.com\/wp-content\/uploads\/2022\/12\/Visita-tecnica-a-la-CRAI-Biblioteca-de-Reserva-de-la-Universitat-de-Barcelona-3-600x450.jpeg 600w, https:\/\/cracpatrimoni.com\/wp-content\/uploads\/2022\/12\/Visita-tecnica-a-la-CRAI-Biblioteca-de-Reserva-de-la-Universitat-de-Barcelona-3-300x225.jpeg 300w, https:\/\/cracpatrimoni.com\/wp-content\/uploads\/2022\/12\/Visita-tecnica-a-la-CRAI-Biblioteca-de-Reserva-de-la-Universitat-de-Barcelona-3-768x576.jpeg 768w, https:\/\/cracpatrimoni.com\/wp-content\/uploads\/2022\/12\/Visita-tecnica-a-la-CRAI-Biblioteca-de-Reserva-de-la-Universitat-de-Barcelona-3-1536x1152.jpeg 1536w, https:\/\/cracpatrimoni.com\/wp-content\/uploads\/2022\/12\/Visita-tecnica-a-la-CRAI-Biblioteca-de-Reserva-de-la-Universitat-de-Barcelona-3-500x375.jpeg 500w, https:\/\/cracpatrimoni.com\/wp-content\/uploads\/2022\/12\/Visita-tecnica-a-la-CRAI-Biblioteca-de-Reserva-de-la-Universitat-de-Barcelona-3.jpeg 1600w\" sizes=\"(max-width: 277px) 100vw, 277px\" \/><\/figure>\n<\/div>\n<\/div>\n","protected":false},"excerpt":{"rendered":"<p>El jueves 14 de junio de 2018 pudimos disfrutar de nuevo de una visita t\u00e9cnica organizada por la CRAC. Esta vez, en la Biblioteca de Reserva del Edificio Hist\u00f3rico de la Universidad de Barcelona. La visita transcurri\u00f3 en la sala de Reserva: un espacio de dos plantas cargadas de historia, donde Neus Verger Arce nos [&hellip;]<\/p>\n","protected":false},"author":2,"featured_media":4245,"comment_status":"closed","ping_status":"open","sticky":false,"template":"","format":"standard","meta":{"_acf_changed":false,"footnotes":""},"categories":[39],"tags":[],"class_list":["post-4584","post","type-post","status-publish","format-standard","has-post-thumbnail","hentry","category-reunion-tecnica"],"acf":[],"yoast_head":"<!-- This site is optimized with the Yoast SEO plugin v27.5 - https:\/\/yoast.com\/product\/yoast-seo-wordpress\/ -->\n<title>Resumen de la visita t\u00e9cnica a la Biblioteca de Reserva de la UB - CRAC<\/title>\n<meta name=\"description\" content=\"Resumen de la visita t\u00e9cnica a la Biblioteca de Reserva de la UB el d\u00eda 14 de junio de 2017, en el marco de las actividades CRAC.\" \/>\n<meta name=\"robots\" content=\"index, follow, max-snippet:-1, max-image-preview:large, max-video-preview:-1\" \/>\n<link rel=\"canonical\" href=\"https:\/\/cracpatrimoni.com\/es\/resumen-de-la-visita-tecnica-a-la-biblioteca-de-reserva-de-la-ub\/\" \/>\n<meta property=\"og:locale\" content=\"es_ES\" \/>\n<meta property=\"og:type\" content=\"article\" \/>\n<meta property=\"og:title\" content=\"Resumen de la visita t\u00e9cnica a la Biblioteca de Reserva de la UB - CRAC\" \/>\n<meta property=\"og:description\" content=\"Resumen de la visita t\u00e9cnica a la Biblioteca de Reserva de la UB el d\u00eda 14 de junio de 2017, en el marco de las actividades CRAC.\" \/>\n<meta property=\"og:url\" content=\"https:\/\/cracpatrimoni.com\/es\/resumen-de-la-visita-tecnica-a-la-biblioteca-de-reserva-de-la-ub\/\" \/>\n<meta property=\"og:site_name\" content=\"CRAC\" \/>\n<meta property=\"article:published_time\" content=\"2018-06-14T21:59:35+00:00\" \/>\n<meta property=\"article:modified_time\" content=\"2023-01-09T14:09:38+00:00\" \/>\n<meta property=\"og:image\" content=\"https:\/\/cracpatrimoni.com\/wp-content\/uploads\/2018\/06\/miniatura-news-visita-ub.jpg\" \/>\n\t<meta property=\"og:image:width\" content=\"1000\" \/>\n\t<meta property=\"og:image:height\" content=\"1000\" \/>\n\t<meta property=\"og:image:type\" content=\"image\/jpeg\" \/>\n<meta name=\"author\" content=\"Ingrid Ferrer Homs\" \/>\n<meta name=\"twitter:card\" content=\"summary_large_image\" \/>\n<meta name=\"twitter:label1\" content=\"Escrito por\" \/>\n\t<meta name=\"twitter:data1\" content=\"Ingrid Ferrer Homs\" \/>\n\t<meta name=\"twitter:label2\" content=\"Tiempo de lectura\" \/>\n\t<meta name=\"twitter:data2\" content=\"1 minuto\" \/>\n<script type=\"application\/ld+json\" class=\"yoast-schema-graph\">{\"@context\":\"https:\\\/\\\/schema.org\",\"@graph\":[{\"@type\":\"Article\",\"@id\":\"https:\\\/\\\/cracpatrimoni.com\\\/es\\\/resumen-de-la-visita-tecnica-a-la-biblioteca-de-reserva-de-la-ub\\\/#article\",\"isPartOf\":{\"@id\":\"https:\\\/\\\/cracpatrimoni.com\\\/es\\\/resumen-de-la-visita-tecnica-a-la-biblioteca-de-reserva-de-la-ub\\\/\"},\"author\":{\"name\":\"Ingrid Ferrer Homs\",\"@id\":\"https:\\\/\\\/cracpatrimoni.com\\\/es\\\/#\\\/schema\\\/person\\\/be5a2af72e5ad4df9b5b33a09cc0ef9d\"},\"headline\":\"Resumen de la visita t\u00e9cnica a la Biblioteca de Reserva de la UB\",\"datePublished\":\"2018-06-14T21:59:35+00:00\",\"dateModified\":\"2023-01-09T14:09:38+00:00\",\"mainEntityOfPage\":{\"@id\":\"https:\\\/\\\/cracpatrimoni.com\\\/es\\\/resumen-de-la-visita-tecnica-a-la-biblioteca-de-reserva-de-la-ub\\\/\"},\"wordCount\":269,\"publisher\":{\"@id\":\"https:\\\/\\\/cracpatrimoni.com\\\/es\\\/#organization\"},\"image\":{\"@id\":\"https:\\\/\\\/cracpatrimoni.com\\\/es\\\/resumen-de-la-visita-tecnica-a-la-biblioteca-de-reserva-de-la-ub\\\/#primaryimage\"},\"thumbnailUrl\":\"https:\\\/\\\/cracpatrimoni.com\\\/wp-content\\\/uploads\\\/2018\\\/06\\\/miniatura-news-visita-ub.jpg\",\"articleSection\":[\"Reuni\u00f3n t\u00e9cnica\"],\"inLanguage\":\"es\"},{\"@type\":\"WebPage\",\"@id\":\"https:\\\/\\\/cracpatrimoni.com\\\/es\\\/resumen-de-la-visita-tecnica-a-la-biblioteca-de-reserva-de-la-ub\\\/\",\"url\":\"https:\\\/\\\/cracpatrimoni.com\\\/es\\\/resumen-de-la-visita-tecnica-a-la-biblioteca-de-reserva-de-la-ub\\\/\",\"name\":\"Resumen de la visita t\u00e9cnica a la Biblioteca de Reserva de la UB - CRAC\",\"isPartOf\":{\"@id\":\"https:\\\/\\\/cracpatrimoni.com\\\/es\\\/#website\"},\"primaryImageOfPage\":{\"@id\":\"https:\\\/\\\/cracpatrimoni.com\\\/es\\\/resumen-de-la-visita-tecnica-a-la-biblioteca-de-reserva-de-la-ub\\\/#primaryimage\"},\"image\":{\"@id\":\"https:\\\/\\\/cracpatrimoni.com\\\/es\\\/resumen-de-la-visita-tecnica-a-la-biblioteca-de-reserva-de-la-ub\\\/#primaryimage\"},\"thumbnailUrl\":\"https:\\\/\\\/cracpatrimoni.com\\\/wp-content\\\/uploads\\\/2018\\\/06\\\/miniatura-news-visita-ub.jpg\",\"datePublished\":\"2018-06-14T21:59:35+00:00\",\"dateModified\":\"2023-01-09T14:09:38+00:00\",\"description\":\"Resumen de la visita t\u00e9cnica a la Biblioteca de Reserva de la UB el d\u00eda 14 de junio de 2017, en el marco de las actividades CRAC.\",\"breadcrumb\":{\"@id\":\"https:\\\/\\\/cracpatrimoni.com\\\/es\\\/resumen-de-la-visita-tecnica-a-la-biblioteca-de-reserva-de-la-ub\\\/#breadcrumb\"},\"inLanguage\":\"es\",\"potentialAction\":[{\"@type\":\"ReadAction\",\"target\":[\"https:\\\/\\\/cracpatrimoni.com\\\/es\\\/resumen-de-la-visita-tecnica-a-la-biblioteca-de-reserva-de-la-ub\\\/\"]}]},{\"@type\":\"ImageObject\",\"inLanguage\":\"es\",\"@id\":\"https:\\\/\\\/cracpatrimoni.com\\\/es\\\/resumen-de-la-visita-tecnica-a-la-biblioteca-de-reserva-de-la-ub\\\/#primaryimage\",\"url\":\"https:\\\/\\\/cracpatrimoni.com\\\/wp-content\\\/uploads\\\/2018\\\/06\\\/miniatura-news-visita-ub.jpg\",\"contentUrl\":\"https:\\\/\\\/cracpatrimoni.com\\\/wp-content\\\/uploads\\\/2018\\\/06\\\/miniatura-news-visita-ub.jpg\",\"width\":1000,\"height\":1000,\"caption\":\"Resum de la visita t\u00e8cnica a la Biblioteca de Reserva de la UB\"},{\"@type\":\"BreadcrumbList\",\"@id\":\"https:\\\/\\\/cracpatrimoni.com\\\/es\\\/resumen-de-la-visita-tecnica-a-la-biblioteca-de-reserva-de-la-ub\\\/#breadcrumb\",\"itemListElement\":[{\"@type\":\"ListItem\",\"position\":1,\"name\":\"Portada\",\"item\":\"https:\\\/\\\/cracpatrimoni.com\\\/es\\\/\"},{\"@type\":\"ListItem\",\"position\":2,\"name\":\"Resumen de la visita t\u00e9cnica a la Biblioteca de Reserva de la UB\"}]},{\"@type\":\"WebSite\",\"@id\":\"https:\\\/\\\/cracpatrimoni.com\\\/es\\\/#website\",\"url\":\"https:\\\/\\\/cracpatrimoni.com\\\/es\\\/\",\"name\":\"CRAC\",\"description\":\"Conservadors restauradors associats de Catalunya\",\"publisher\":{\"@id\":\"https:\\\/\\\/cracpatrimoni.com\\\/es\\\/#organization\"},\"potentialAction\":[{\"@type\":\"SearchAction\",\"target\":{\"@type\":\"EntryPoint\",\"urlTemplate\":\"https:\\\/\\\/cracpatrimoni.com\\\/es\\\/?s={search_term_string}\"},\"query-input\":{\"@type\":\"PropertyValueSpecification\",\"valueRequired\":true,\"valueName\":\"search_term_string\"}}],\"inLanguage\":\"es\"},{\"@type\":\"Organization\",\"@id\":\"https:\\\/\\\/cracpatrimoni.com\\\/es\\\/#organization\",\"name\":\"CRAC\",\"url\":\"https:\\\/\\\/cracpatrimoni.com\\\/es\\\/\",\"logo\":{\"@type\":\"ImageObject\",\"inLanguage\":\"es\",\"@id\":\"https:\\\/\\\/cracpatrimoni.com\\\/es\\\/#\\\/schema\\\/logo\\\/image\\\/\",\"url\":\"https:\\\/\\\/cracpatrimoni.com\\\/wp-content\\\/uploads\\\/2022\\\/11\\\/logocrac-1-1.png\",\"contentUrl\":\"https:\\\/\\\/cracpatrimoni.com\\\/wp-content\\\/uploads\\\/2022\\\/11\\\/logocrac-1-1.png\",\"width\":384,\"height\":152,\"caption\":\"CRAC\"},\"image\":{\"@id\":\"https:\\\/\\\/cracpatrimoni.com\\\/es\\\/#\\\/schema\\\/logo\\\/image\\\/\"}},{\"@type\":\"Person\",\"@id\":\"https:\\\/\\\/cracpatrimoni.com\\\/es\\\/#\\\/schema\\\/person\\\/be5a2af72e5ad4df9b5b33a09cc0ef9d\",\"name\":\"Ingrid Ferrer Homs\",\"image\":{\"@type\":\"ImageObject\",\"inLanguage\":\"es\",\"@id\":\"https:\\\/\\\/secure.gravatar.com\\\/avatar\\\/93e98562c9a14b3ca456ad9f1aad2bddb77211fafffaeca30b5f801ccbf2ea3d?s=96&d=mm&r=g\",\"url\":\"https:\\\/\\\/secure.gravatar.com\\\/avatar\\\/93e98562c9a14b3ca456ad9f1aad2bddb77211fafffaeca30b5f801ccbf2ea3d?s=96&d=mm&r=g\",\"contentUrl\":\"https:\\\/\\\/secure.gravatar.com\\\/avatar\\\/93e98562c9a14b3ca456ad9f1aad2bddb77211fafffaeca30b5f801ccbf2ea3d?s=96&d=mm&r=g\",\"caption\":\"Ingrid Ferrer Homs\"},\"url\":\"https:\\\/\\\/cracpatrimoni.com\\\/es\\\/author\\\/ingrid\\\/\"}]}<\/script>\n<!-- \/ Yoast SEO plugin. -->","yoast_head_json":{"title":"Resumen de la visita t\u00e9cnica a la Biblioteca de Reserva de la UB - CRAC","description":"Resumen de la visita t\u00e9cnica a la Biblioteca de Reserva de la UB el d\u00eda 14 de junio de 2017, en el marco de las actividades CRAC.","robots":{"index":"index","follow":"follow","max-snippet":"max-snippet:-1","max-image-preview":"max-image-preview:large","max-video-preview":"max-video-preview:-1"},"canonical":"https:\/\/cracpatrimoni.com\/es\/resumen-de-la-visita-tecnica-a-la-biblioteca-de-reserva-de-la-ub\/","og_locale":"es_ES","og_type":"article","og_title":"Resumen de la visita t\u00e9cnica a la Biblioteca de Reserva de la UB - CRAC","og_description":"Resumen de la visita t\u00e9cnica a la Biblioteca de Reserva de la UB el d\u00eda 14 de junio de 2017, en el marco de las actividades CRAC.","og_url":"https:\/\/cracpatrimoni.com\/es\/resumen-de-la-visita-tecnica-a-la-biblioteca-de-reserva-de-la-ub\/","og_site_name":"CRAC","article_published_time":"2018-06-14T21:59:35+00:00","article_modified_time":"2023-01-09T14:09:38+00:00","og_image":[{"width":1000,"height":1000,"url":"https:\/\/cracpatrimoni.com\/wp-content\/uploads\/2018\/06\/miniatura-news-visita-ub.jpg","type":"image\/jpeg"}],"author":"Ingrid Ferrer Homs","twitter_card":"summary_large_image","twitter_misc":{"Escrito por":"Ingrid Ferrer Homs","Tiempo de lectura":"1 minuto"},"schema":{"@context":"https:\/\/schema.org","@graph":[{"@type":"Article","@id":"https:\/\/cracpatrimoni.com\/es\/resumen-de-la-visita-tecnica-a-la-biblioteca-de-reserva-de-la-ub\/#article","isPartOf":{"@id":"https:\/\/cracpatrimoni.com\/es\/resumen-de-la-visita-tecnica-a-la-biblioteca-de-reserva-de-la-ub\/"},"author":{"name":"Ingrid Ferrer Homs","@id":"https:\/\/cracpatrimoni.com\/es\/#\/schema\/person\/be5a2af72e5ad4df9b5b33a09cc0ef9d"},"headline":"Resumen de la visita t\u00e9cnica a la Biblioteca de Reserva de la UB","datePublished":"2018-06-14T21:59:35+00:00","dateModified":"2023-01-09T14:09:38+00:00","mainEntityOfPage":{"@id":"https:\/\/cracpatrimoni.com\/es\/resumen-de-la-visita-tecnica-a-la-biblioteca-de-reserva-de-la-ub\/"},"wordCount":269,"publisher":{"@id":"https:\/\/cracpatrimoni.com\/es\/#organization"},"image":{"@id":"https:\/\/cracpatrimoni.com\/es\/resumen-de-la-visita-tecnica-a-la-biblioteca-de-reserva-de-la-ub\/#primaryimage"},"thumbnailUrl":"https:\/\/cracpatrimoni.com\/wp-content\/uploads\/2018\/06\/miniatura-news-visita-ub.jpg","articleSection":["Reuni\u00f3n t\u00e9cnica"],"inLanguage":"es"},{"@type":"WebPage","@id":"https:\/\/cracpatrimoni.com\/es\/resumen-de-la-visita-tecnica-a-la-biblioteca-de-reserva-de-la-ub\/","url":"https:\/\/cracpatrimoni.com\/es\/resumen-de-la-visita-tecnica-a-la-biblioteca-de-reserva-de-la-ub\/","name":"Resumen de la visita t\u00e9cnica a la Biblioteca de Reserva de la UB - CRAC","isPartOf":{"@id":"https:\/\/cracpatrimoni.com\/es\/#website"},"primaryImageOfPage":{"@id":"https:\/\/cracpatrimoni.com\/es\/resumen-de-la-visita-tecnica-a-la-biblioteca-de-reserva-de-la-ub\/#primaryimage"},"image":{"@id":"https:\/\/cracpatrimoni.com\/es\/resumen-de-la-visita-tecnica-a-la-biblioteca-de-reserva-de-la-ub\/#primaryimage"},"thumbnailUrl":"https:\/\/cracpatrimoni.com\/wp-content\/uploads\/2018\/06\/miniatura-news-visita-ub.jpg","datePublished":"2018-06-14T21:59:35+00:00","dateModified":"2023-01-09T14:09:38+00:00","description":"Resumen de la visita t\u00e9cnica a la Biblioteca de Reserva de la UB el d\u00eda 14 de junio de 2017, en el marco de las actividades CRAC.","breadcrumb":{"@id":"https:\/\/cracpatrimoni.com\/es\/resumen-de-la-visita-tecnica-a-la-biblioteca-de-reserva-de-la-ub\/#breadcrumb"},"inLanguage":"es","potentialAction":[{"@type":"ReadAction","target":["https:\/\/cracpatrimoni.com\/es\/resumen-de-la-visita-tecnica-a-la-biblioteca-de-reserva-de-la-ub\/"]}]},{"@type":"ImageObject","inLanguage":"es","@id":"https:\/\/cracpatrimoni.com\/es\/resumen-de-la-visita-tecnica-a-la-biblioteca-de-reserva-de-la-ub\/#primaryimage","url":"https:\/\/cracpatrimoni.com\/wp-content\/uploads\/2018\/06\/miniatura-news-visita-ub.jpg","contentUrl":"https:\/\/cracpatrimoni.com\/wp-content\/uploads\/2018\/06\/miniatura-news-visita-ub.jpg","width":1000,"height":1000,"caption":"Resum de la visita t\u00e8cnica a la Biblioteca de Reserva de la UB"},{"@type":"BreadcrumbList","@id":"https:\/\/cracpatrimoni.com\/es\/resumen-de-la-visita-tecnica-a-la-biblioteca-de-reserva-de-la-ub\/#breadcrumb","itemListElement":[{"@type":"ListItem","position":1,"name":"Portada","item":"https:\/\/cracpatrimoni.com\/es\/"},{"@type":"ListItem","position":2,"name":"Resumen de la visita t\u00e9cnica a la Biblioteca de Reserva de la UB"}]},{"@type":"WebSite","@id":"https:\/\/cracpatrimoni.com\/es\/#website","url":"https:\/\/cracpatrimoni.com\/es\/","name":"CRAC","description":"Conservadors restauradors associats de Catalunya","publisher":{"@id":"https:\/\/cracpatrimoni.com\/es\/#organization"},"potentialAction":[{"@type":"SearchAction","target":{"@type":"EntryPoint","urlTemplate":"https:\/\/cracpatrimoni.com\/es\/?s={search_term_string}"},"query-input":{"@type":"PropertyValueSpecification","valueRequired":true,"valueName":"search_term_string"}}],"inLanguage":"es"},{"@type":"Organization","@id":"https:\/\/cracpatrimoni.com\/es\/#organization","name":"CRAC","url":"https:\/\/cracpatrimoni.com\/es\/","logo":{"@type":"ImageObject","inLanguage":"es","@id":"https:\/\/cracpatrimoni.com\/es\/#\/schema\/logo\/image\/","url":"https:\/\/cracpatrimoni.com\/wp-content\/uploads\/2022\/11\/logocrac-1-1.png","contentUrl":"https:\/\/cracpatrimoni.com\/wp-content\/uploads\/2022\/11\/logocrac-1-1.png","width":384,"height":152,"caption":"CRAC"},"image":{"@id":"https:\/\/cracpatrimoni.com\/es\/#\/schema\/logo\/image\/"}},{"@type":"Person","@id":"https:\/\/cracpatrimoni.com\/es\/#\/schema\/person\/be5a2af72e5ad4df9b5b33a09cc0ef9d","name":"Ingrid Ferrer Homs","image":{"@type":"ImageObject","inLanguage":"es","@id":"https:\/\/secure.gravatar.com\/avatar\/93e98562c9a14b3ca456ad9f1aad2bddb77211fafffaeca30b5f801ccbf2ea3d?s=96&d=mm&r=g","url":"https:\/\/secure.gravatar.com\/avatar\/93e98562c9a14b3ca456ad9f1aad2bddb77211fafffaeca30b5f801ccbf2ea3d?s=96&d=mm&r=g","contentUrl":"https:\/\/secure.gravatar.com\/avatar\/93e98562c9a14b3ca456ad9f1aad2bddb77211fafffaeca30b5f801ccbf2ea3d?s=96&d=mm&r=g","caption":"Ingrid Ferrer Homs"},"url":"https:\/\/cracpatrimoni.com\/es\/author\/ingrid\/"}]}},"_links":{"self":[{"href":"https:\/\/cracpatrimoni.com\/es\/wp-json\/wp\/v2\/posts\/4584","targetHints":{"allow":["GET"]}}],"collection":[{"href":"https:\/\/cracpatrimoni.com\/es\/wp-json\/wp\/v2\/posts"}],"about":[{"href":"https:\/\/cracpatrimoni.com\/es\/wp-json\/wp\/v2\/types\/post"}],"author":[{"embeddable":true,"href":"https:\/\/cracpatrimoni.com\/es\/wp-json\/wp\/v2\/users\/2"}],"replies":[{"embeddable":true,"href":"https:\/\/cracpatrimoni.com\/es\/wp-json\/wp\/v2\/comments?post=4584"}],"version-history":[{"count":3,"href":"https:\/\/cracpatrimoni.com\/es\/wp-json\/wp\/v2\/posts\/4584\/revisions"}],"predecessor-version":[{"id":4798,"href":"https:\/\/cracpatrimoni.com\/es\/wp-json\/wp\/v2\/posts\/4584\/revisions\/4798"}],"wp:featuredmedia":[{"embeddable":true,"href":"https:\/\/cracpatrimoni.com\/es\/wp-json\/wp\/v2\/media\/4245"}],"wp:attachment":[{"href":"https:\/\/cracpatrimoni.com\/es\/wp-json\/wp\/v2\/media?parent=4584"}],"wp:term":[{"taxonomy":"category","embeddable":true,"href":"https:\/\/cracpatrimoni.com\/es\/wp-json\/wp\/v2\/categories?post=4584"},{"taxonomy":"post_tag","embeddable":true,"href":"https:\/\/cracpatrimoni.com\/es\/wp-json\/wp\/v2\/tags?post=4584"}],"curies":[{"name":"wp","href":"https:\/\/api.w.org\/{rel}","templated":true}]}}