{"id":4578,"date":"2018-11-01T18:08:45","date_gmt":"2018-11-01T18:08:45","guid":{"rendered":"http:\/\/cracpatrimoni.com\/crac-se-reune-con-el-departamento-de-cultura-de-la-generalidad-de-cataluna\/"},"modified":"2023-01-09T14:09:38","modified_gmt":"2023-01-09T14:09:38","slug":"crac-se-reune-con-el-departamento-de-cultura-de-la-generalidad-de-cataluna","status":"publish","type":"post","link":"https:\/\/cracpatrimoni.com\/es\/crac-se-reune-con-el-departamento-de-cultura-de-la-generalidad-de-cataluna\/","title":{"rendered":"CRAC se re\u00fane con el Departamento de Cultura de la Generalidad de Catalu\u00f1a"},"content":{"rendered":"\n<hr class=\"wp-block-separator has-text-color has-alpha-channel-opacity has-background is-style-dots\" style=\"background-color:#f4f5f0;color:#f4f5f0\"\/>\n\n<div class=\"wp-block-columns is-layout-flex wp-container-core-columns-is-layout-28f84493 wp-block-columns-is-layout-flex\">\n<div class=\"wp-block-column is-layout-flow wp-block-column-is-layout-flow\">\n<hr class=\"wp-block-separator has-text-color has-alpha-channel-opacity has-background is-style-dots\" style=\"background-color:#f4f5f0;color:#f4f5f0\"\/>\n\n\n\n<p class=\"has-text-align-center has-text-color\" style=\"color:#248e6d\"><strong>Un paso importante para la Regulaci\u00f3n de la Conservaci\u00f3n-Restauraci\u00f3n del Patrimonio Cultural Tangible de Catalu\u00f1a y de los profesionales que pueden llevar a cabo las actuaciones de Conservaci\u00f3n-Restauraci\u00f3n en este tipo de Bienes.<\/strong><\/p>\n\n\n\n<hr class=\"wp-block-separator has-text-color has-alpha-channel-opacity has-background is-style-dots\" style=\"background-color:#f4f5f0;color:#f4f5f0\"\/>\n\n\n\n<div class=\"wp-block-columns is-layout-flex wp-container-core-columns-is-layout-28f84493 wp-block-columns-is-layout-flex\">\n<div class=\"wp-block-column is-layout-flow wp-block-column-is-layout-flow\">\n<p>El pasado <strong>3 de octubre<\/strong> la asociaci\u00f3n profesional CRAC realiz\u00f3 una reuni\u00f3n con la Sra. <strong>Elsa Ibar<\/strong>, directora general de Patrimonio Cultural de la Generalidad de Catalu\u00f1a, para iniciar la colaboraci\u00f3n formal en la regulaci\u00f3n de la profesi\u00f3n.<br\/>La presidenta, vicepresidente y secretaria de la asociaci\u00f3n, Marta Gabernet, \u00c0lex Castro y L\u00eddia Balust respectivamente, pusieron de manifiesto la total disponibilidad de la asociaci\u00f3n para colaborar con el departamento de Cultura en lo que sea necesario. Este encuentro, as\u00ed como el inicio del trabajo conjunto, representan la culminaci\u00f3n de a\u00f1os de trabajo de la asociaci\u00f3n. Nos encontramos en un momento importante, en el que es necesario culminar el camino hacia unos resultados tangibles.<br\/><br\/>El encuentro fue muy satisfactorio, puesto que el gobierno actual, que ha respondido a las reivindicaciones de los profesionales, coincide con la asociaci\u00f3n en la necesidad urgente de una regulaci\u00f3n a nivel legislativo.<\/p>\n<\/div>\n\n\n\n<div class=\"wp-block-column is-layout-flow wp-block-column-is-layout-flow\">\n<p>En este sentido, la principal reivindicaci\u00f3n de la asociaci\u00f3n profesional es conseguir que la figura del conservador-restaurador est\u00e9 contemplada en cualquier intervenci\u00f3n de Patrimonio desde el inicio del proyecto. La asociaci\u00f3n ya se ha puesto a trabajar intensamente en la elaboraci\u00f3n de un <strong>estudio sobre el estado actual del sector de la conservaci\u00f3n-restauraci\u00f3n en Catalu\u00f1a 2018.<\/strong><\/p>\n\n\n\n<p>Para este ambicioso y necesario proyecto, se ha creado un grupo de trabajo liderado por una consultora independiente y con la colaboraci\u00f3n del <strong>CRBMC<\/strong> (Centro de Restauraci\u00f3n de Bienes Muebles de Catalunya) y la <strong>Generalitat de Catalunya.<\/strong> En este momento se est\u00e1 dise\u00f1ando el estudio, del que se prev\u00e9 tener los resultados y el informe final el pr\u00f3ximo a\u00f1o 2019.<\/p>\n<\/div>\n<\/div>\n\n\n\n<p><\/p>\n\n\n\n<div class=\"wp-block-buttons is-content-justification-center is-layout-flex wp-container-core-buttons-is-layout-a89b3969 wp-block-buttons-is-layout-flex\"><\/div>\n<\/div>\n<\/div>\n","protected":false},"excerpt":{"rendered":"<p>Un paso importante para la Regulaci\u00f3n de la Conservaci\u00f3n-Restauraci\u00f3n del Patrimonio Cultural Tangible de Catalu\u00f1a y de los profesionales que pueden llevar a cabo las actuaciones de Conservaci\u00f3n-Restauraci\u00f3n en este tipo de Bienes. El pasado 3 de octubre la asociaci\u00f3n profesional CRAC realiz\u00f3 una reuni\u00f3n con la Sra. Elsa Ibar, directora general de Patrimonio Cultural [&hellip;]<\/p>\n","protected":false},"author":2,"featured_media":4064,"comment_status":"closed","ping_status":"open","sticky":false,"template":"","format":"standard","meta":{"_acf_changed":false,"footnotes":""},"categories":[39],"tags":[],"class_list":["post-4578","post","type-post","status-publish","format-standard","has-post-thumbnail","hentry","category-reunion-tecnica"],"acf":[],"yoast_head":"<!-- This site is optimized with the Yoast SEO plugin v27.5 - https:\/\/yoast.com\/product\/yoast-seo-wordpress\/ -->\n<title>CRAC se re\u00fane con el Departamento de Cultura de la Generalidad de Catalu\u00f1a - CRAC<\/title>\n<meta name=\"robots\" content=\"index, follow, max-snippet:-1, max-image-preview:large, max-video-preview:-1\" \/>\n<link rel=\"canonical\" href=\"https:\/\/cracpatrimoni.com\/es\/crac-se-reune-con-el-departamento-de-cultura-de-la-generalidad-de-cataluna\/\" \/>\n<meta property=\"og:locale\" content=\"es_ES\" \/>\n<meta property=\"og:type\" content=\"article\" \/>\n<meta property=\"og:title\" content=\"CRAC se re\u00fane con el Departamento de Cultura de la Generalidad de Catalu\u00f1a - CRAC\" \/>\n<meta property=\"og:description\" content=\"Un paso importante para la Regulaci\u00f3n de la Conservaci\u00f3n-Restauraci\u00f3n del Patrimonio Cultural Tangible de Catalu\u00f1a y de los profesionales que pueden llevar a cabo las actuaciones de Conservaci\u00f3n-Restauraci\u00f3n en este tipo de Bienes. El pasado 3 de octubre la asociaci\u00f3n profesional CRAC realiz\u00f3 una reuni\u00f3n con la Sra. Elsa Ibar, directora general de Patrimonio Cultural [&hellip;]\" \/>\n<meta property=\"og:url\" content=\"https:\/\/cracpatrimoni.com\/es\/crac-se-reune-con-el-departamento-de-cultura-de-la-generalidad-de-cataluna\/\" \/>\n<meta property=\"og:site_name\" content=\"CRAC\" \/>\n<meta property=\"article:published_time\" content=\"2018-11-01T18:08:45+00:00\" \/>\n<meta property=\"article:modified_time\" content=\"2023-01-09T14:09:38+00:00\" \/>\n<meta property=\"og:image\" content=\"https:\/\/cracpatrimoni.com\/wp-content\/uploads\/2018\/11\/miniatura-news-reunio-departament.jpg\" \/>\n\t<meta property=\"og:image:width\" content=\"1000\" \/>\n\t<meta property=\"og:image:height\" content=\"1000\" \/>\n\t<meta property=\"og:image:type\" content=\"image\/jpeg\" \/>\n<meta name=\"author\" content=\"Ingrid Ferrer Homs\" \/>\n<meta name=\"twitter:card\" content=\"summary_large_image\" \/>\n<meta name=\"twitter:label1\" content=\"Escrito por\" \/>\n\t<meta name=\"twitter:data1\" content=\"Ingrid Ferrer Homs\" \/>\n\t<meta name=\"twitter:label2\" content=\"Tiempo de lectura\" \/>\n\t<meta name=\"twitter:data2\" content=\"2 minutos\" \/>\n<script type=\"application\/ld+json\" class=\"yoast-schema-graph\">{\"@context\":\"https:\\\/\\\/schema.org\",\"@graph\":[{\"@type\":\"Article\",\"@id\":\"https:\\\/\\\/cracpatrimoni.com\\\/es\\\/crac-se-reune-con-el-departamento-de-cultura-de-la-generalidad-de-cataluna\\\/#article\",\"isPartOf\":{\"@id\":\"https:\\\/\\\/cracpatrimoni.com\\\/es\\\/crac-se-reune-con-el-departamento-de-cultura-de-la-generalidad-de-cataluna\\\/\"},\"author\":{\"name\":\"Ingrid Ferrer Homs\",\"@id\":\"https:\\\/\\\/cracpatrimoni.com\\\/es\\\/#\\\/schema\\\/person\\\/be5a2af72e5ad4df9b5b33a09cc0ef9d\"},\"headline\":\"CRAC se re\u00fane con el Departamento de Cultura de la Generalidad de Catalu\u00f1a\",\"datePublished\":\"2018-11-01T18:08:45+00:00\",\"dateModified\":\"2023-01-09T14:09:38+00:00\",\"mainEntityOfPage\":{\"@id\":\"https:\\\/\\\/cracpatrimoni.com\\\/es\\\/crac-se-reune-con-el-departamento-de-cultura-de-la-generalidad-de-cataluna\\\/\"},\"wordCount\":339,\"publisher\":{\"@id\":\"https:\\\/\\\/cracpatrimoni.com\\\/es\\\/#organization\"},\"image\":{\"@id\":\"https:\\\/\\\/cracpatrimoni.com\\\/es\\\/crac-se-reune-con-el-departamento-de-cultura-de-la-generalidad-de-cataluna\\\/#primaryimage\"},\"thumbnailUrl\":\"https:\\\/\\\/cracpatrimoni.com\\\/wp-content\\\/uploads\\\/2018\\\/11\\\/miniatura-news-reunio-departament.jpg\",\"articleSection\":[\"Reuni\u00f3n t\u00e9cnica\"],\"inLanguage\":\"es\"},{\"@type\":\"WebPage\",\"@id\":\"https:\\\/\\\/cracpatrimoni.com\\\/es\\\/crac-se-reune-con-el-departamento-de-cultura-de-la-generalidad-de-cataluna\\\/\",\"url\":\"https:\\\/\\\/cracpatrimoni.com\\\/es\\\/crac-se-reune-con-el-departamento-de-cultura-de-la-generalidad-de-cataluna\\\/\",\"name\":\"CRAC se re\u00fane con el Departamento de Cultura de la Generalidad de Catalu\u00f1a - CRAC\",\"isPartOf\":{\"@id\":\"https:\\\/\\\/cracpatrimoni.com\\\/es\\\/#website\"},\"primaryImageOfPage\":{\"@id\":\"https:\\\/\\\/cracpatrimoni.com\\\/es\\\/crac-se-reune-con-el-departamento-de-cultura-de-la-generalidad-de-cataluna\\\/#primaryimage\"},\"image\":{\"@id\":\"https:\\\/\\\/cracpatrimoni.com\\\/es\\\/crac-se-reune-con-el-departamento-de-cultura-de-la-generalidad-de-cataluna\\\/#primaryimage\"},\"thumbnailUrl\":\"https:\\\/\\\/cracpatrimoni.com\\\/wp-content\\\/uploads\\\/2018\\\/11\\\/miniatura-news-reunio-departament.jpg\",\"datePublished\":\"2018-11-01T18:08:45+00:00\",\"dateModified\":\"2023-01-09T14:09:38+00:00\",\"breadcrumb\":{\"@id\":\"https:\\\/\\\/cracpatrimoni.com\\\/es\\\/crac-se-reune-con-el-departamento-de-cultura-de-la-generalidad-de-cataluna\\\/#breadcrumb\"},\"inLanguage\":\"es\",\"potentialAction\":[{\"@type\":\"ReadAction\",\"target\":[\"https:\\\/\\\/cracpatrimoni.com\\\/es\\\/crac-se-reune-con-el-departamento-de-cultura-de-la-generalidad-de-cataluna\\\/\"]}]},{\"@type\":\"ImageObject\",\"inLanguage\":\"es\",\"@id\":\"https:\\\/\\\/cracpatrimoni.com\\\/es\\\/crac-se-reune-con-el-departamento-de-cultura-de-la-generalidad-de-cataluna\\\/#primaryimage\",\"url\":\"https:\\\/\\\/cracpatrimoni.com\\\/wp-content\\\/uploads\\\/2018\\\/11\\\/miniatura-news-reunio-departament.jpg\",\"contentUrl\":\"https:\\\/\\\/cracpatrimoni.com\\\/wp-content\\\/uploads\\\/2018\\\/11\\\/miniatura-news-reunio-departament.jpg\",\"width\":1000,\"height\":1000,\"caption\":\"CRAC es reuneix amb el Departament de Cultura de la Generalitat de Catalunya\"},{\"@type\":\"BreadcrumbList\",\"@id\":\"https:\\\/\\\/cracpatrimoni.com\\\/es\\\/crac-se-reune-con-el-departamento-de-cultura-de-la-generalidad-de-cataluna\\\/#breadcrumb\",\"itemListElement\":[{\"@type\":\"ListItem\",\"position\":1,\"name\":\"Portada\",\"item\":\"https:\\\/\\\/cracpatrimoni.com\\\/es\\\/\"},{\"@type\":\"ListItem\",\"position\":2,\"name\":\"CRAC se re\u00fane con el Departamento de Cultura de la Generalidad de Catalu\u00f1a\"}]},{\"@type\":\"WebSite\",\"@id\":\"https:\\\/\\\/cracpatrimoni.com\\\/es\\\/#website\",\"url\":\"https:\\\/\\\/cracpatrimoni.com\\\/es\\\/\",\"name\":\"CRAC\",\"description\":\"Conservadors restauradors associats de Catalunya\",\"publisher\":{\"@id\":\"https:\\\/\\\/cracpatrimoni.com\\\/es\\\/#organization\"},\"potentialAction\":[{\"@type\":\"SearchAction\",\"target\":{\"@type\":\"EntryPoint\",\"urlTemplate\":\"https:\\\/\\\/cracpatrimoni.com\\\/es\\\/?s={search_term_string}\"},\"query-input\":{\"@type\":\"PropertyValueSpecification\",\"valueRequired\":true,\"valueName\":\"search_term_string\"}}],\"inLanguage\":\"es\"},{\"@type\":\"Organization\",\"@id\":\"https:\\\/\\\/cracpatrimoni.com\\\/es\\\/#organization\",\"name\":\"CRAC\",\"url\":\"https:\\\/\\\/cracpatrimoni.com\\\/es\\\/\",\"logo\":{\"@type\":\"ImageObject\",\"inLanguage\":\"es\",\"@id\":\"https:\\\/\\\/cracpatrimoni.com\\\/es\\\/#\\\/schema\\\/logo\\\/image\\\/\",\"url\":\"https:\\\/\\\/cracpatrimoni.com\\\/wp-content\\\/uploads\\\/2022\\\/11\\\/logocrac-1-1.png\",\"contentUrl\":\"https:\\\/\\\/cracpatrimoni.com\\\/wp-content\\\/uploads\\\/2022\\\/11\\\/logocrac-1-1.png\",\"width\":384,\"height\":152,\"caption\":\"CRAC\"},\"image\":{\"@id\":\"https:\\\/\\\/cracpatrimoni.com\\\/es\\\/#\\\/schema\\\/logo\\\/image\\\/\"}},{\"@type\":\"Person\",\"@id\":\"https:\\\/\\\/cracpatrimoni.com\\\/es\\\/#\\\/schema\\\/person\\\/be5a2af72e5ad4df9b5b33a09cc0ef9d\",\"name\":\"Ingrid Ferrer Homs\",\"image\":{\"@type\":\"ImageObject\",\"inLanguage\":\"es\",\"@id\":\"https:\\\/\\\/secure.gravatar.com\\\/avatar\\\/93e98562c9a14b3ca456ad9f1aad2bddb77211fafffaeca30b5f801ccbf2ea3d?s=96&d=mm&r=g\",\"url\":\"https:\\\/\\\/secure.gravatar.com\\\/avatar\\\/93e98562c9a14b3ca456ad9f1aad2bddb77211fafffaeca30b5f801ccbf2ea3d?s=96&d=mm&r=g\",\"contentUrl\":\"https:\\\/\\\/secure.gravatar.com\\\/avatar\\\/93e98562c9a14b3ca456ad9f1aad2bddb77211fafffaeca30b5f801ccbf2ea3d?s=96&d=mm&r=g\",\"caption\":\"Ingrid Ferrer Homs\"},\"url\":\"https:\\\/\\\/cracpatrimoni.com\\\/es\\\/author\\\/ingrid\\\/\"}]}<\/script>\n<!-- \/ Yoast SEO plugin. -->","yoast_head_json":{"title":"CRAC se re\u00fane con el Departamento de Cultura de la Generalidad de Catalu\u00f1a - CRAC","robots":{"index":"index","follow":"follow","max-snippet":"max-snippet:-1","max-image-preview":"max-image-preview:large","max-video-preview":"max-video-preview:-1"},"canonical":"https:\/\/cracpatrimoni.com\/es\/crac-se-reune-con-el-departamento-de-cultura-de-la-generalidad-de-cataluna\/","og_locale":"es_ES","og_type":"article","og_title":"CRAC se re\u00fane con el Departamento de Cultura de la Generalidad de Catalu\u00f1a - CRAC","og_description":"Un paso importante para la Regulaci\u00f3n de la Conservaci\u00f3n-Restauraci\u00f3n del Patrimonio Cultural Tangible de Catalu\u00f1a y de los profesionales que pueden llevar a cabo las actuaciones de Conservaci\u00f3n-Restauraci\u00f3n en este tipo de Bienes. El pasado 3 de octubre la asociaci\u00f3n profesional CRAC realiz\u00f3 una reuni\u00f3n con la Sra. Elsa Ibar, directora general de Patrimonio Cultural [&hellip;]","og_url":"https:\/\/cracpatrimoni.com\/es\/crac-se-reune-con-el-departamento-de-cultura-de-la-generalidad-de-cataluna\/","og_site_name":"CRAC","article_published_time":"2018-11-01T18:08:45+00:00","article_modified_time":"2023-01-09T14:09:38+00:00","og_image":[{"width":1000,"height":1000,"url":"https:\/\/cracpatrimoni.com\/wp-content\/uploads\/2018\/11\/miniatura-news-reunio-departament.jpg","type":"image\/jpeg"}],"author":"Ingrid Ferrer Homs","twitter_card":"summary_large_image","twitter_misc":{"Escrito por":"Ingrid Ferrer Homs","Tiempo de lectura":"2 minutos"},"schema":{"@context":"https:\/\/schema.org","@graph":[{"@type":"Article","@id":"https:\/\/cracpatrimoni.com\/es\/crac-se-reune-con-el-departamento-de-cultura-de-la-generalidad-de-cataluna\/#article","isPartOf":{"@id":"https:\/\/cracpatrimoni.com\/es\/crac-se-reune-con-el-departamento-de-cultura-de-la-generalidad-de-cataluna\/"},"author":{"name":"Ingrid Ferrer Homs","@id":"https:\/\/cracpatrimoni.com\/es\/#\/schema\/person\/be5a2af72e5ad4df9b5b33a09cc0ef9d"},"headline":"CRAC se re\u00fane con el Departamento de Cultura de la Generalidad de Catalu\u00f1a","datePublished":"2018-11-01T18:08:45+00:00","dateModified":"2023-01-09T14:09:38+00:00","mainEntityOfPage":{"@id":"https:\/\/cracpatrimoni.com\/es\/crac-se-reune-con-el-departamento-de-cultura-de-la-generalidad-de-cataluna\/"},"wordCount":339,"publisher":{"@id":"https:\/\/cracpatrimoni.com\/es\/#organization"},"image":{"@id":"https:\/\/cracpatrimoni.com\/es\/crac-se-reune-con-el-departamento-de-cultura-de-la-generalidad-de-cataluna\/#primaryimage"},"thumbnailUrl":"https:\/\/cracpatrimoni.com\/wp-content\/uploads\/2018\/11\/miniatura-news-reunio-departament.jpg","articleSection":["Reuni\u00f3n t\u00e9cnica"],"inLanguage":"es"},{"@type":"WebPage","@id":"https:\/\/cracpatrimoni.com\/es\/crac-se-reune-con-el-departamento-de-cultura-de-la-generalidad-de-cataluna\/","url":"https:\/\/cracpatrimoni.com\/es\/crac-se-reune-con-el-departamento-de-cultura-de-la-generalidad-de-cataluna\/","name":"CRAC se re\u00fane con el Departamento de Cultura de la Generalidad de Catalu\u00f1a - CRAC","isPartOf":{"@id":"https:\/\/cracpatrimoni.com\/es\/#website"},"primaryImageOfPage":{"@id":"https:\/\/cracpatrimoni.com\/es\/crac-se-reune-con-el-departamento-de-cultura-de-la-generalidad-de-cataluna\/#primaryimage"},"image":{"@id":"https:\/\/cracpatrimoni.com\/es\/crac-se-reune-con-el-departamento-de-cultura-de-la-generalidad-de-cataluna\/#primaryimage"},"thumbnailUrl":"https:\/\/cracpatrimoni.com\/wp-content\/uploads\/2018\/11\/miniatura-news-reunio-departament.jpg","datePublished":"2018-11-01T18:08:45+00:00","dateModified":"2023-01-09T14:09:38+00:00","breadcrumb":{"@id":"https:\/\/cracpatrimoni.com\/es\/crac-se-reune-con-el-departamento-de-cultura-de-la-generalidad-de-cataluna\/#breadcrumb"},"inLanguage":"es","potentialAction":[{"@type":"ReadAction","target":["https:\/\/cracpatrimoni.com\/es\/crac-se-reune-con-el-departamento-de-cultura-de-la-generalidad-de-cataluna\/"]}]},{"@type":"ImageObject","inLanguage":"es","@id":"https:\/\/cracpatrimoni.com\/es\/crac-se-reune-con-el-departamento-de-cultura-de-la-generalidad-de-cataluna\/#primaryimage","url":"https:\/\/cracpatrimoni.com\/wp-content\/uploads\/2018\/11\/miniatura-news-reunio-departament.jpg","contentUrl":"https:\/\/cracpatrimoni.com\/wp-content\/uploads\/2018\/11\/miniatura-news-reunio-departament.jpg","width":1000,"height":1000,"caption":"CRAC es reuneix amb el Departament de Cultura de la Generalitat de Catalunya"},{"@type":"BreadcrumbList","@id":"https:\/\/cracpatrimoni.com\/es\/crac-se-reune-con-el-departamento-de-cultura-de-la-generalidad-de-cataluna\/#breadcrumb","itemListElement":[{"@type":"ListItem","position":1,"name":"Portada","item":"https:\/\/cracpatrimoni.com\/es\/"},{"@type":"ListItem","position":2,"name":"CRAC se re\u00fane con el Departamento de Cultura de la Generalidad de Catalu\u00f1a"}]},{"@type":"WebSite","@id":"https:\/\/cracpatrimoni.com\/es\/#website","url":"https:\/\/cracpatrimoni.com\/es\/","name":"CRAC","description":"Conservadors restauradors associats de Catalunya","publisher":{"@id":"https:\/\/cracpatrimoni.com\/es\/#organization"},"potentialAction":[{"@type":"SearchAction","target":{"@type":"EntryPoint","urlTemplate":"https:\/\/cracpatrimoni.com\/es\/?s={search_term_string}"},"query-input":{"@type":"PropertyValueSpecification","valueRequired":true,"valueName":"search_term_string"}}],"inLanguage":"es"},{"@type":"Organization","@id":"https:\/\/cracpatrimoni.com\/es\/#organization","name":"CRAC","url":"https:\/\/cracpatrimoni.com\/es\/","logo":{"@type":"ImageObject","inLanguage":"es","@id":"https:\/\/cracpatrimoni.com\/es\/#\/schema\/logo\/image\/","url":"https:\/\/cracpatrimoni.com\/wp-content\/uploads\/2022\/11\/logocrac-1-1.png","contentUrl":"https:\/\/cracpatrimoni.com\/wp-content\/uploads\/2022\/11\/logocrac-1-1.png","width":384,"height":152,"caption":"CRAC"},"image":{"@id":"https:\/\/cracpatrimoni.com\/es\/#\/schema\/logo\/image\/"}},{"@type":"Person","@id":"https:\/\/cracpatrimoni.com\/es\/#\/schema\/person\/be5a2af72e5ad4df9b5b33a09cc0ef9d","name":"Ingrid Ferrer Homs","image":{"@type":"ImageObject","inLanguage":"es","@id":"https:\/\/secure.gravatar.com\/avatar\/93e98562c9a14b3ca456ad9f1aad2bddb77211fafffaeca30b5f801ccbf2ea3d?s=96&d=mm&r=g","url":"https:\/\/secure.gravatar.com\/avatar\/93e98562c9a14b3ca456ad9f1aad2bddb77211fafffaeca30b5f801ccbf2ea3d?s=96&d=mm&r=g","contentUrl":"https:\/\/secure.gravatar.com\/avatar\/93e98562c9a14b3ca456ad9f1aad2bddb77211fafffaeca30b5f801ccbf2ea3d?s=96&d=mm&r=g","caption":"Ingrid Ferrer Homs"},"url":"https:\/\/cracpatrimoni.com\/es\/author\/ingrid\/"}]}},"_links":{"self":[{"href":"https:\/\/cracpatrimoni.com\/es\/wp-json\/wp\/v2\/posts\/4578","targetHints":{"allow":["GET"]}}],"collection":[{"href":"https:\/\/cracpatrimoni.com\/es\/wp-json\/wp\/v2\/posts"}],"about":[{"href":"https:\/\/cracpatrimoni.com\/es\/wp-json\/wp\/v2\/types\/post"}],"author":[{"embeddable":true,"href":"https:\/\/cracpatrimoni.com\/es\/wp-json\/wp\/v2\/users\/2"}],"replies":[{"embeddable":true,"href":"https:\/\/cracpatrimoni.com\/es\/wp-json\/wp\/v2\/comments?post=4578"}],"version-history":[{"count":3,"href":"https:\/\/cracpatrimoni.com\/es\/wp-json\/wp\/v2\/posts\/4578\/revisions"}],"predecessor-version":[{"id":4786,"href":"https:\/\/cracpatrimoni.com\/es\/wp-json\/wp\/v2\/posts\/4578\/revisions\/4786"}],"wp:featuredmedia":[{"embeddable":true,"href":"https:\/\/cracpatrimoni.com\/es\/wp-json\/wp\/v2\/media\/4064"}],"wp:attachment":[{"href":"https:\/\/cracpatrimoni.com\/es\/wp-json\/wp\/v2\/media?parent=4578"}],"wp:term":[{"taxonomy":"category","embeddable":true,"href":"https:\/\/cracpatrimoni.com\/es\/wp-json\/wp\/v2\/categories?post=4578"},{"taxonomy":"post_tag","embeddable":true,"href":"https:\/\/cracpatrimoni.com\/es\/wp-json\/wp\/v2\/tags?post=4578"}],"curies":[{"name":"wp","href":"https:\/\/api.w.org\/{rel}","templated":true}]}}