{"id":4574,"date":"2019-01-17T17:57:53","date_gmt":"2019-01-17T17:57:53","guid":{"rendered":"http:\/\/cracpatrimoni.com\/reunion-de-crac-en-el-ministerio-de-cultura-y-deporte\/"},"modified":"2023-01-09T14:08:36","modified_gmt":"2023-01-09T14:08:36","slug":"reunion-de-crac-en-el-ministerio-de-cultura-y-deporte","status":"publish","type":"post","link":"https:\/\/cracpatrimoni.com\/es\/reunion-de-crac-en-el-ministerio-de-cultura-y-deporte\/","title":{"rendered":"Reuni\u00f3n de CRAC en el Ministerio de Cultura y Deporte"},"content":{"rendered":"\n<p>El pasado d\u00eda <strong>8 de enero de 2019<\/strong>, representantes de CRAC se reunieron, junto con otros miembros de la Plataforma de asociaciones profesionales de Conservaci\u00f3n-Restauraci\u00f3n (<a href=\"https:\/\/www.ge-iic.com\/\" target=\"_blank\" rel=\"noreferrer noopener\">GE-ICC<\/a>, <a href=\"https:\/\/asociacion-acre.org\" target=\"_blank\" rel=\"noreferrer noopener\">ACRE<\/a> y <a href=\"https:\/\/acrcyl.com\" target=\"_blank\" rel=\"noreferrer noopener\">ACRCYL<\/a>), en la Sede del Ministerio de Cultura y Deporte con el Subsecretario, <strong>Javier Garc\u00eda Fern\u00e1ndez<\/strong>, y el Director General de Bellas Artes, <strong>Rom\u00e1n Fern\u00e1ndez-Baca Casares<\/strong>.<\/p>\n\n<p>Durante la reuni\u00f3n se present\u00f3 la Plataforma de asociaciones profesionales de C-R con el fin de hacer evidente la necesidad de la regulaci\u00f3n de la profesi\u00f3n y pedir el reconocimiento que merece el profesional de la conservaci\u00f3n-restauraci\u00f3n. <\/p>\n","protected":false},"excerpt":{"rendered":"<p>El pasado d\u00eda 8 de enero de 2019, representantes de CRAC se reunieron, junto con otros miembros de la Plataforma de asociaciones profesionales de Conservaci\u00f3n-Restauraci\u00f3n (GE-ICC, ACRE y ACRCYL), en la Sede del Ministerio de Cultura y Deporte con el Subsecretario, Javier Garc\u00eda Fern\u00e1ndez, y el Director General de Bellas Artes, Rom\u00e1n Fern\u00e1ndez-Baca Casares. Durante [&hellip;]<\/p>\n","protected":false},"author":2,"featured_media":4070,"comment_status":"closed","ping_status":"open","sticky":false,"template":"","format":"standard","meta":{"_acf_changed":false,"footnotes":""},"categories":[39],"tags":[],"class_list":["post-4574","post","type-post","status-publish","format-standard","has-post-thumbnail","hentry","category-reunion-tecnica"],"acf":[],"yoast_head":"<!-- This site is optimized with the Yoast SEO plugin v27.5 - https:\/\/yoast.com\/product\/yoast-seo-wordpress\/ -->\n<title>Reuni\u00f3n de CRAC en el Ministerio de Cultura y Deporte - CRAC<\/title>\n<meta name=\"robots\" content=\"index, follow, max-snippet:-1, max-image-preview:large, max-video-preview:-1\" \/>\n<link rel=\"canonical\" href=\"https:\/\/cracpatrimoni.com\/es\/reunion-de-crac-en-el-ministerio-de-cultura-y-deporte\/\" \/>\n<meta property=\"og:locale\" content=\"es_ES\" \/>\n<meta property=\"og:type\" content=\"article\" \/>\n<meta property=\"og:title\" content=\"Reuni\u00f3n de CRAC en el Ministerio de Cultura y Deporte - CRAC\" \/>\n<meta property=\"og:description\" content=\"El pasado d\u00eda 8 de enero de 2019, representantes de CRAC se reunieron, junto con otros miembros de la Plataforma de asociaciones profesionales de Conservaci\u00f3n-Restauraci\u00f3n (GE-ICC, ACRE y ACRCYL), en la Sede del Ministerio de Cultura y Deporte con el Subsecretario, Javier Garc\u00eda Fern\u00e1ndez, y el Director General de Bellas Artes, Rom\u00e1n Fern\u00e1ndez-Baca Casares. Durante [&hellip;]\" \/>\n<meta property=\"og:url\" content=\"https:\/\/cracpatrimoni.com\/es\/reunion-de-crac-en-el-ministerio-de-cultura-y-deporte\/\" \/>\n<meta property=\"og:site_name\" content=\"CRAC\" \/>\n<meta property=\"article:published_time\" content=\"2019-01-17T17:57:53+00:00\" \/>\n<meta property=\"article:modified_time\" content=\"2023-01-09T14:08:36+00:00\" \/>\n<meta property=\"og:image\" content=\"https:\/\/cracpatrimoni.com\/wp-content\/uploads\/2019\/01\/miniatura-news-reunio-ministerio.jpg\" \/>\n\t<meta property=\"og:image:width\" content=\"1000\" \/>\n\t<meta property=\"og:image:height\" content=\"1000\" \/>\n\t<meta property=\"og:image:type\" content=\"image\/jpeg\" \/>\n<meta name=\"author\" content=\"Ingrid Ferrer Homs\" \/>\n<meta name=\"twitter:card\" content=\"summary_large_image\" \/>\n<meta name=\"twitter:label1\" content=\"Escrito por\" \/>\n\t<meta name=\"twitter:data1\" content=\"Ingrid Ferrer Homs\" \/>\n\t<meta name=\"twitter:label2\" content=\"Tiempo de lectura\" \/>\n\t<meta name=\"twitter:data2\" content=\"1 minuto\" \/>\n<script type=\"application\/ld+json\" class=\"yoast-schema-graph\">{\"@context\":\"https:\\\/\\\/schema.org\",\"@graph\":[{\"@type\":\"Article\",\"@id\":\"https:\\\/\\\/cracpatrimoni.com\\\/es\\\/reunion-de-crac-en-el-ministerio-de-cultura-y-deporte\\\/#article\",\"isPartOf\":{\"@id\":\"https:\\\/\\\/cracpatrimoni.com\\\/es\\\/reunion-de-crac-en-el-ministerio-de-cultura-y-deporte\\\/\"},\"author\":{\"name\":\"Ingrid Ferrer Homs\",\"@id\":\"https:\\\/\\\/cracpatrimoni.com\\\/es\\\/#\\\/schema\\\/person\\\/be5a2af72e5ad4df9b5b33a09cc0ef9d\"},\"headline\":\"Reuni\u00f3n de CRAC en el Ministerio de Cultura y Deporte\",\"datePublished\":\"2019-01-17T17:57:53+00:00\",\"dateModified\":\"2023-01-09T14:08:36+00:00\",\"mainEntityOfPage\":{\"@id\":\"https:\\\/\\\/cracpatrimoni.com\\\/es\\\/reunion-de-crac-en-el-ministerio-de-cultura-y-deporte\\\/\"},\"wordCount\":112,\"publisher\":{\"@id\":\"https:\\\/\\\/cracpatrimoni.com\\\/es\\\/#organization\"},\"image\":{\"@id\":\"https:\\\/\\\/cracpatrimoni.com\\\/es\\\/reunion-de-crac-en-el-ministerio-de-cultura-y-deporte\\\/#primaryimage\"},\"thumbnailUrl\":\"https:\\\/\\\/cracpatrimoni.com\\\/wp-content\\\/uploads\\\/2019\\\/01\\\/miniatura-news-reunio-ministerio.jpg\",\"articleSection\":[\"Reuni\u00f3n t\u00e9cnica\"],\"inLanguage\":\"es\"},{\"@type\":\"WebPage\",\"@id\":\"https:\\\/\\\/cracpatrimoni.com\\\/es\\\/reunion-de-crac-en-el-ministerio-de-cultura-y-deporte\\\/\",\"url\":\"https:\\\/\\\/cracpatrimoni.com\\\/es\\\/reunion-de-crac-en-el-ministerio-de-cultura-y-deporte\\\/\",\"name\":\"Reuni\u00f3n de CRAC en el Ministerio de Cultura y Deporte - CRAC\",\"isPartOf\":{\"@id\":\"https:\\\/\\\/cracpatrimoni.com\\\/es\\\/#website\"},\"primaryImageOfPage\":{\"@id\":\"https:\\\/\\\/cracpatrimoni.com\\\/es\\\/reunion-de-crac-en-el-ministerio-de-cultura-y-deporte\\\/#primaryimage\"},\"image\":{\"@id\":\"https:\\\/\\\/cracpatrimoni.com\\\/es\\\/reunion-de-crac-en-el-ministerio-de-cultura-y-deporte\\\/#primaryimage\"},\"thumbnailUrl\":\"https:\\\/\\\/cracpatrimoni.com\\\/wp-content\\\/uploads\\\/2019\\\/01\\\/miniatura-news-reunio-ministerio.jpg\",\"datePublished\":\"2019-01-17T17:57:53+00:00\",\"dateModified\":\"2023-01-09T14:08:36+00:00\",\"breadcrumb\":{\"@id\":\"https:\\\/\\\/cracpatrimoni.com\\\/es\\\/reunion-de-crac-en-el-ministerio-de-cultura-y-deporte\\\/#breadcrumb\"},\"inLanguage\":\"es\",\"potentialAction\":[{\"@type\":\"ReadAction\",\"target\":[\"https:\\\/\\\/cracpatrimoni.com\\\/es\\\/reunion-de-crac-en-el-ministerio-de-cultura-y-deporte\\\/\"]}]},{\"@type\":\"ImageObject\",\"inLanguage\":\"es\",\"@id\":\"https:\\\/\\\/cracpatrimoni.com\\\/es\\\/reunion-de-crac-en-el-ministerio-de-cultura-y-deporte\\\/#primaryimage\",\"url\":\"https:\\\/\\\/cracpatrimoni.com\\\/wp-content\\\/uploads\\\/2019\\\/01\\\/miniatura-news-reunio-ministerio.jpg\",\"contentUrl\":\"https:\\\/\\\/cracpatrimoni.com\\\/wp-content\\\/uploads\\\/2019\\\/01\\\/miniatura-news-reunio-ministerio.jpg\",\"width\":1000,\"height\":1000,\"caption\":\"Reuni\u00f3 de CRAC al Ministerio de Cultura y Deporte\"},{\"@type\":\"BreadcrumbList\",\"@id\":\"https:\\\/\\\/cracpatrimoni.com\\\/es\\\/reunion-de-crac-en-el-ministerio-de-cultura-y-deporte\\\/#breadcrumb\",\"itemListElement\":[{\"@type\":\"ListItem\",\"position\":1,\"name\":\"Portada\",\"item\":\"https:\\\/\\\/cracpatrimoni.com\\\/es\\\/\"},{\"@type\":\"ListItem\",\"position\":2,\"name\":\"Reuni\u00f3n de CRAC en el Ministerio de Cultura y Deporte\"}]},{\"@type\":\"WebSite\",\"@id\":\"https:\\\/\\\/cracpatrimoni.com\\\/es\\\/#website\",\"url\":\"https:\\\/\\\/cracpatrimoni.com\\\/es\\\/\",\"name\":\"CRAC\",\"description\":\"Conservadors restauradors associats de Catalunya\",\"publisher\":{\"@id\":\"https:\\\/\\\/cracpatrimoni.com\\\/es\\\/#organization\"},\"potentialAction\":[{\"@type\":\"SearchAction\",\"target\":{\"@type\":\"EntryPoint\",\"urlTemplate\":\"https:\\\/\\\/cracpatrimoni.com\\\/es\\\/?s={search_term_string}\"},\"query-input\":{\"@type\":\"PropertyValueSpecification\",\"valueRequired\":true,\"valueName\":\"search_term_string\"}}],\"inLanguage\":\"es\"},{\"@type\":\"Organization\",\"@id\":\"https:\\\/\\\/cracpatrimoni.com\\\/es\\\/#organization\",\"name\":\"CRAC\",\"url\":\"https:\\\/\\\/cracpatrimoni.com\\\/es\\\/\",\"logo\":{\"@type\":\"ImageObject\",\"inLanguage\":\"es\",\"@id\":\"https:\\\/\\\/cracpatrimoni.com\\\/es\\\/#\\\/schema\\\/logo\\\/image\\\/\",\"url\":\"https:\\\/\\\/cracpatrimoni.com\\\/wp-content\\\/uploads\\\/2022\\\/11\\\/logocrac-1-1.png\",\"contentUrl\":\"https:\\\/\\\/cracpatrimoni.com\\\/wp-content\\\/uploads\\\/2022\\\/11\\\/logocrac-1-1.png\",\"width\":384,\"height\":152,\"caption\":\"CRAC\"},\"image\":{\"@id\":\"https:\\\/\\\/cracpatrimoni.com\\\/es\\\/#\\\/schema\\\/logo\\\/image\\\/\"}},{\"@type\":\"Person\",\"@id\":\"https:\\\/\\\/cracpatrimoni.com\\\/es\\\/#\\\/schema\\\/person\\\/be5a2af72e5ad4df9b5b33a09cc0ef9d\",\"name\":\"Ingrid Ferrer Homs\",\"image\":{\"@type\":\"ImageObject\",\"inLanguage\":\"es\",\"@id\":\"https:\\\/\\\/secure.gravatar.com\\\/avatar\\\/93e98562c9a14b3ca456ad9f1aad2bddb77211fafffaeca30b5f801ccbf2ea3d?s=96&d=mm&r=g\",\"url\":\"https:\\\/\\\/secure.gravatar.com\\\/avatar\\\/93e98562c9a14b3ca456ad9f1aad2bddb77211fafffaeca30b5f801ccbf2ea3d?s=96&d=mm&r=g\",\"contentUrl\":\"https:\\\/\\\/secure.gravatar.com\\\/avatar\\\/93e98562c9a14b3ca456ad9f1aad2bddb77211fafffaeca30b5f801ccbf2ea3d?s=96&d=mm&r=g\",\"caption\":\"Ingrid Ferrer Homs\"},\"url\":\"https:\\\/\\\/cracpatrimoni.com\\\/es\\\/author\\\/ingrid\\\/\"}]}<\/script>\n<!-- \/ Yoast SEO plugin. -->","yoast_head_json":{"title":"Reuni\u00f3n de CRAC en el Ministerio de Cultura y Deporte - CRAC","robots":{"index":"index","follow":"follow","max-snippet":"max-snippet:-1","max-image-preview":"max-image-preview:large","max-video-preview":"max-video-preview:-1"},"canonical":"https:\/\/cracpatrimoni.com\/es\/reunion-de-crac-en-el-ministerio-de-cultura-y-deporte\/","og_locale":"es_ES","og_type":"article","og_title":"Reuni\u00f3n de CRAC en el Ministerio de Cultura y Deporte - CRAC","og_description":"El pasado d\u00eda 8 de enero de 2019, representantes de CRAC se reunieron, junto con otros miembros de la Plataforma de asociaciones profesionales de Conservaci\u00f3n-Restauraci\u00f3n (GE-ICC, ACRE y ACRCYL), en la Sede del Ministerio de Cultura y Deporte con el Subsecretario, Javier Garc\u00eda Fern\u00e1ndez, y el Director General de Bellas Artes, Rom\u00e1n Fern\u00e1ndez-Baca Casares. Durante [&hellip;]","og_url":"https:\/\/cracpatrimoni.com\/es\/reunion-de-crac-en-el-ministerio-de-cultura-y-deporte\/","og_site_name":"CRAC","article_published_time":"2019-01-17T17:57:53+00:00","article_modified_time":"2023-01-09T14:08:36+00:00","og_image":[{"width":1000,"height":1000,"url":"https:\/\/cracpatrimoni.com\/wp-content\/uploads\/2019\/01\/miniatura-news-reunio-ministerio.jpg","type":"image\/jpeg"}],"author":"Ingrid Ferrer Homs","twitter_card":"summary_large_image","twitter_misc":{"Escrito por":"Ingrid Ferrer Homs","Tiempo de lectura":"1 minuto"},"schema":{"@context":"https:\/\/schema.org","@graph":[{"@type":"Article","@id":"https:\/\/cracpatrimoni.com\/es\/reunion-de-crac-en-el-ministerio-de-cultura-y-deporte\/#article","isPartOf":{"@id":"https:\/\/cracpatrimoni.com\/es\/reunion-de-crac-en-el-ministerio-de-cultura-y-deporte\/"},"author":{"name":"Ingrid Ferrer Homs","@id":"https:\/\/cracpatrimoni.com\/es\/#\/schema\/person\/be5a2af72e5ad4df9b5b33a09cc0ef9d"},"headline":"Reuni\u00f3n de CRAC en el Ministerio de Cultura y Deporte","datePublished":"2019-01-17T17:57:53+00:00","dateModified":"2023-01-09T14:08:36+00:00","mainEntityOfPage":{"@id":"https:\/\/cracpatrimoni.com\/es\/reunion-de-crac-en-el-ministerio-de-cultura-y-deporte\/"},"wordCount":112,"publisher":{"@id":"https:\/\/cracpatrimoni.com\/es\/#organization"},"image":{"@id":"https:\/\/cracpatrimoni.com\/es\/reunion-de-crac-en-el-ministerio-de-cultura-y-deporte\/#primaryimage"},"thumbnailUrl":"https:\/\/cracpatrimoni.com\/wp-content\/uploads\/2019\/01\/miniatura-news-reunio-ministerio.jpg","articleSection":["Reuni\u00f3n t\u00e9cnica"],"inLanguage":"es"},{"@type":"WebPage","@id":"https:\/\/cracpatrimoni.com\/es\/reunion-de-crac-en-el-ministerio-de-cultura-y-deporte\/","url":"https:\/\/cracpatrimoni.com\/es\/reunion-de-crac-en-el-ministerio-de-cultura-y-deporte\/","name":"Reuni\u00f3n de CRAC en el Ministerio de Cultura y Deporte - CRAC","isPartOf":{"@id":"https:\/\/cracpatrimoni.com\/es\/#website"},"primaryImageOfPage":{"@id":"https:\/\/cracpatrimoni.com\/es\/reunion-de-crac-en-el-ministerio-de-cultura-y-deporte\/#primaryimage"},"image":{"@id":"https:\/\/cracpatrimoni.com\/es\/reunion-de-crac-en-el-ministerio-de-cultura-y-deporte\/#primaryimage"},"thumbnailUrl":"https:\/\/cracpatrimoni.com\/wp-content\/uploads\/2019\/01\/miniatura-news-reunio-ministerio.jpg","datePublished":"2019-01-17T17:57:53+00:00","dateModified":"2023-01-09T14:08:36+00:00","breadcrumb":{"@id":"https:\/\/cracpatrimoni.com\/es\/reunion-de-crac-en-el-ministerio-de-cultura-y-deporte\/#breadcrumb"},"inLanguage":"es","potentialAction":[{"@type":"ReadAction","target":["https:\/\/cracpatrimoni.com\/es\/reunion-de-crac-en-el-ministerio-de-cultura-y-deporte\/"]}]},{"@type":"ImageObject","inLanguage":"es","@id":"https:\/\/cracpatrimoni.com\/es\/reunion-de-crac-en-el-ministerio-de-cultura-y-deporte\/#primaryimage","url":"https:\/\/cracpatrimoni.com\/wp-content\/uploads\/2019\/01\/miniatura-news-reunio-ministerio.jpg","contentUrl":"https:\/\/cracpatrimoni.com\/wp-content\/uploads\/2019\/01\/miniatura-news-reunio-ministerio.jpg","width":1000,"height":1000,"caption":"Reuni\u00f3 de CRAC al Ministerio de Cultura y Deporte"},{"@type":"BreadcrumbList","@id":"https:\/\/cracpatrimoni.com\/es\/reunion-de-crac-en-el-ministerio-de-cultura-y-deporte\/#breadcrumb","itemListElement":[{"@type":"ListItem","position":1,"name":"Portada","item":"https:\/\/cracpatrimoni.com\/es\/"},{"@type":"ListItem","position":2,"name":"Reuni\u00f3n de CRAC en el Ministerio de Cultura y Deporte"}]},{"@type":"WebSite","@id":"https:\/\/cracpatrimoni.com\/es\/#website","url":"https:\/\/cracpatrimoni.com\/es\/","name":"CRAC","description":"Conservadors restauradors associats de Catalunya","publisher":{"@id":"https:\/\/cracpatrimoni.com\/es\/#organization"},"potentialAction":[{"@type":"SearchAction","target":{"@type":"EntryPoint","urlTemplate":"https:\/\/cracpatrimoni.com\/es\/?s={search_term_string}"},"query-input":{"@type":"PropertyValueSpecification","valueRequired":true,"valueName":"search_term_string"}}],"inLanguage":"es"},{"@type":"Organization","@id":"https:\/\/cracpatrimoni.com\/es\/#organization","name":"CRAC","url":"https:\/\/cracpatrimoni.com\/es\/","logo":{"@type":"ImageObject","inLanguage":"es","@id":"https:\/\/cracpatrimoni.com\/es\/#\/schema\/logo\/image\/","url":"https:\/\/cracpatrimoni.com\/wp-content\/uploads\/2022\/11\/logocrac-1-1.png","contentUrl":"https:\/\/cracpatrimoni.com\/wp-content\/uploads\/2022\/11\/logocrac-1-1.png","width":384,"height":152,"caption":"CRAC"},"image":{"@id":"https:\/\/cracpatrimoni.com\/es\/#\/schema\/logo\/image\/"}},{"@type":"Person","@id":"https:\/\/cracpatrimoni.com\/es\/#\/schema\/person\/be5a2af72e5ad4df9b5b33a09cc0ef9d","name":"Ingrid Ferrer Homs","image":{"@type":"ImageObject","inLanguage":"es","@id":"https:\/\/secure.gravatar.com\/avatar\/93e98562c9a14b3ca456ad9f1aad2bddb77211fafffaeca30b5f801ccbf2ea3d?s=96&d=mm&r=g","url":"https:\/\/secure.gravatar.com\/avatar\/93e98562c9a14b3ca456ad9f1aad2bddb77211fafffaeca30b5f801ccbf2ea3d?s=96&d=mm&r=g","contentUrl":"https:\/\/secure.gravatar.com\/avatar\/93e98562c9a14b3ca456ad9f1aad2bddb77211fafffaeca30b5f801ccbf2ea3d?s=96&d=mm&r=g","caption":"Ingrid Ferrer Homs"},"url":"https:\/\/cracpatrimoni.com\/es\/author\/ingrid\/"}]}},"_links":{"self":[{"href":"https:\/\/cracpatrimoni.com\/es\/wp-json\/wp\/v2\/posts\/4574","targetHints":{"allow":["GET"]}}],"collection":[{"href":"https:\/\/cracpatrimoni.com\/es\/wp-json\/wp\/v2\/posts"}],"about":[{"href":"https:\/\/cracpatrimoni.com\/es\/wp-json\/wp\/v2\/types\/post"}],"author":[{"embeddable":true,"href":"https:\/\/cracpatrimoni.com\/es\/wp-json\/wp\/v2\/users\/2"}],"replies":[{"embeddable":true,"href":"https:\/\/cracpatrimoni.com\/es\/wp-json\/wp\/v2\/comments?post=4574"}],"version-history":[{"count":3,"href":"https:\/\/cracpatrimoni.com\/es\/wp-json\/wp\/v2\/posts\/4574\/revisions"}],"predecessor-version":[{"id":4780,"href":"https:\/\/cracpatrimoni.com\/es\/wp-json\/wp\/v2\/posts\/4574\/revisions\/4780"}],"wp:featuredmedia":[{"embeddable":true,"href":"https:\/\/cracpatrimoni.com\/es\/wp-json\/wp\/v2\/media\/4070"}],"wp:attachment":[{"href":"https:\/\/cracpatrimoni.com\/es\/wp-json\/wp\/v2\/media?parent=4574"}],"wp:term":[{"taxonomy":"category","embeddable":true,"href":"https:\/\/cracpatrimoni.com\/es\/wp-json\/wp\/v2\/categories?post=4574"},{"taxonomy":"post_tag","embeddable":true,"href":"https:\/\/cracpatrimoni.com\/es\/wp-json\/wp\/v2\/tags?post=4574"}],"curies":[{"name":"wp","href":"https:\/\/api.w.org\/{rel}","templated":true}]}}