{"id":4570,"date":"2019-05-08T23:59:50","date_gmt":"2019-05-08T23:59:50","guid":{"rendered":"http:\/\/cracpatrimoni.com\/crac-presenta-la-propuesta-de-decreto-del-reglamento-de-las-intervenciones-de-conservacion-restauracion-en-el-patrimonio-cultural-tangible\/"},"modified":"2023-01-09T14:08:36","modified_gmt":"2023-01-09T14:08:36","slug":"crac-presenta-la-propuesta-de-decreto-del-reglamento-de-las-intervenciones-de-conservacion-restauracion-en-el-patrimonio-cultural-tangible","status":"publish","type":"post","link":"https:\/\/cracpatrimoni.com\/es\/crac-presenta-la-propuesta-de-decreto-del-reglamento-de-las-intervenciones-de-conservacion-restauracion-en-el-patrimonio-cultural-tangible\/","title":{"rendered":"CRAC presenta la propuesta de Decreto del Reglamento de las intervenciones de conservaci\u00f3n-restauraci\u00f3n en el Patrimonio cultural tangible"},"content":{"rendered":"\n<hr class=\"wp-block-separator has-text-color has-alpha-channel-opacity has-background is-style-dots\" style=\"background-color:#f4f5f0;color:#f4f5f0\"\/>\n\n<div class=\"wp-block-columns is-layout-flex wp-container-core-columns-is-layout-28f84493 wp-block-columns-is-layout-flex\">\n<div class=\"wp-block-column is-layout-flow wp-block-column-is-layout-flow\">\n<p>El pasado martes 7 de mayo desde CRAC presentamos la propuesta de <strong>Decreto del Reglamento de las intervenciones de conservaci\u00f3n-restauraci\u00f3n en el Patrimonio Cultural Tangible<\/strong> en la Direcci\u00f3n General de Patrimonio Cultural de la Generalidad de Catalu\u00f1a.<\/p>\n\n\n\n<p><br\/>Nuestra voluntad como asociaci\u00f3n es que la Generalitat contemple regular, de forma legislativa, las intervenciones en nuestro Patrimonio para garantizar que sean de calidad y llevadas a cabo por nosotros, profesionales conservadores-restauradores. <\/p>\n\n\n\n<p><br\/>Tambi\u00e9n queremos agradecer al grupo de socias y profesionales que han dedicado su tiempo y esfuerzo por poder presentar esta propuesta. <\/p>\n\n\n\n<div class=\"wp-block-buttons is-content-justification-center is-layout-flex wp-container-core-buttons-is-layout-a89b3969 wp-block-buttons-is-layout-flex\"><\/div>\n<\/div>\n<\/div>\n","protected":false},"excerpt":{"rendered":"<p>El pasado martes 7 de mayo desde CRAC presentamos la propuesta de Decreto del Reglamento de las intervenciones de conservaci\u00f3n-restauraci\u00f3n en el Patrimonio Cultural Tangible en la Direcci\u00f3n General de Patrimonio Cultural de la Generalidad de Catalu\u00f1a. Nuestra voluntad como asociaci\u00f3n es que la Generalitat contemple regular, de forma legislativa, las intervenciones en nuestro Patrimonio [&hellip;]<\/p>\n","protected":false},"author":2,"featured_media":3594,"comment_status":"closed","ping_status":"open","sticky":false,"template":"","format":"standard","meta":{"_acf_changed":false,"footnotes":""},"categories":[39],"tags":[],"class_list":["post-4570","post","type-post","status-publish","format-standard","has-post-thumbnail","hentry","category-reunion-tecnica"],"acf":[],"yoast_head":"<!-- This site is optimized with the Yoast SEO plugin v27.5 - https:\/\/yoast.com\/product\/yoast-seo-wordpress\/ -->\n<title>CRAC presenta la propuesta de Decreto del Reglamento de las intervenciones de conservaci\u00f3n-restauraci\u00f3n en el Patrimonio cultural tangible - CRAC<\/title>\n<meta name=\"robots\" content=\"index, follow, max-snippet:-1, max-image-preview:large, max-video-preview:-1\" \/>\n<link rel=\"canonical\" href=\"https:\/\/cracpatrimoni.com\/es\/crac-presenta-la-propuesta-de-decreto-del-reglamento-de-las-intervenciones-de-conservacion-restauracion-en-el-patrimonio-cultural-tangible\/\" \/>\n<meta property=\"og:locale\" content=\"es_ES\" \/>\n<meta property=\"og:type\" content=\"article\" \/>\n<meta property=\"og:title\" content=\"CRAC presenta la propuesta de Decreto del Reglamento de las intervenciones de conservaci\u00f3n-restauraci\u00f3n en el Patrimonio cultural tangible - CRAC\" \/>\n<meta property=\"og:description\" content=\"El pasado martes 7 de mayo desde CRAC presentamos la propuesta de Decreto del Reglamento de las intervenciones de conservaci\u00f3n-restauraci\u00f3n en el Patrimonio Cultural Tangible en la Direcci\u00f3n General de Patrimonio Cultural de la Generalidad de Catalu\u00f1a. Nuestra voluntad como asociaci\u00f3n es que la Generalitat contemple regular, de forma legislativa, las intervenciones en nuestro Patrimonio [&hellip;]\" \/>\n<meta property=\"og:url\" content=\"https:\/\/cracpatrimoni.com\/es\/crac-presenta-la-propuesta-de-decreto-del-reglamento-de-las-intervenciones-de-conservacion-restauracion-en-el-patrimonio-cultural-tangible\/\" \/>\n<meta property=\"og:site_name\" content=\"CRAC\" \/>\n<meta property=\"article:published_time\" content=\"2019-05-08T23:59:50+00:00\" \/>\n<meta property=\"article:modified_time\" content=\"2023-01-09T14:08:36+00:00\" \/>\n<meta property=\"og:image\" content=\"https:\/\/cracpatrimoni.com\/wp-content\/uploads\/2019\/05\/miniatura-news-proposta-decret.png\" \/>\n\t<meta property=\"og:image:width\" content=\"1000\" \/>\n\t<meta property=\"og:image:height\" content=\"1000\" \/>\n\t<meta property=\"og:image:type\" content=\"image\/png\" \/>\n<meta name=\"author\" content=\"Ingrid Ferrer Homs\" \/>\n<meta name=\"twitter:card\" content=\"summary_large_image\" \/>\n<meta name=\"twitter:label1\" content=\"Escrito por\" \/>\n\t<meta name=\"twitter:data1\" content=\"Ingrid Ferrer Homs\" \/>\n<script type=\"application\/ld+json\" class=\"yoast-schema-graph\">{\"@context\":\"https:\\\/\\\/schema.org\",\"@graph\":[{\"@type\":\"Article\",\"@id\":\"https:\\\/\\\/cracpatrimoni.com\\\/es\\\/crac-presenta-la-propuesta-de-decreto-del-reglamento-de-las-intervenciones-de-conservacion-restauracion-en-el-patrimonio-cultural-tangible\\\/#article\",\"isPartOf\":{\"@id\":\"https:\\\/\\\/cracpatrimoni.com\\\/es\\\/crac-presenta-la-propuesta-de-decreto-del-reglamento-de-las-intervenciones-de-conservacion-restauracion-en-el-patrimonio-cultural-tangible\\\/\"},\"author\":{\"name\":\"Ingrid Ferrer Homs\",\"@id\":\"https:\\\/\\\/cracpatrimoni.com\\\/es\\\/#\\\/schema\\\/person\\\/be5a2af72e5ad4df9b5b33a09cc0ef9d\"},\"headline\":\"CRAC presenta la propuesta de Decreto del Reglamento de las intervenciones de conservaci\u00f3n-restauraci\u00f3n en el Patrimonio cultural tangible\",\"datePublished\":\"2019-05-08T23:59:50+00:00\",\"dateModified\":\"2023-01-09T14:08:36+00:00\",\"mainEntityOfPage\":{\"@id\":\"https:\\\/\\\/cracpatrimoni.com\\\/es\\\/crac-presenta-la-propuesta-de-decreto-del-reglamento-de-las-intervenciones-de-conservacion-restauracion-en-el-patrimonio-cultural-tangible\\\/\"},\"wordCount\":115,\"publisher\":{\"@id\":\"https:\\\/\\\/cracpatrimoni.com\\\/es\\\/#organization\"},\"image\":{\"@id\":\"https:\\\/\\\/cracpatrimoni.com\\\/es\\\/crac-presenta-la-propuesta-de-decreto-del-reglamento-de-las-intervenciones-de-conservacion-restauracion-en-el-patrimonio-cultural-tangible\\\/#primaryimage\"},\"thumbnailUrl\":\"https:\\\/\\\/cracpatrimoni.com\\\/wp-content\\\/uploads\\\/2019\\\/05\\\/miniatura-news-proposta-decret.png\",\"articleSection\":[\"Reuni\u00f3n t\u00e9cnica\"],\"inLanguage\":\"es\"},{\"@type\":\"WebPage\",\"@id\":\"https:\\\/\\\/cracpatrimoni.com\\\/es\\\/crac-presenta-la-propuesta-de-decreto-del-reglamento-de-las-intervenciones-de-conservacion-restauracion-en-el-patrimonio-cultural-tangible\\\/\",\"url\":\"https:\\\/\\\/cracpatrimoni.com\\\/es\\\/crac-presenta-la-propuesta-de-decreto-del-reglamento-de-las-intervenciones-de-conservacion-restauracion-en-el-patrimonio-cultural-tangible\\\/\",\"name\":\"CRAC presenta la propuesta de Decreto del Reglamento de las intervenciones de conservaci\u00f3n-restauraci\u00f3n en el Patrimonio cultural tangible - CRAC\",\"isPartOf\":{\"@id\":\"https:\\\/\\\/cracpatrimoni.com\\\/es\\\/#website\"},\"primaryImageOfPage\":{\"@id\":\"https:\\\/\\\/cracpatrimoni.com\\\/es\\\/crac-presenta-la-propuesta-de-decreto-del-reglamento-de-las-intervenciones-de-conservacion-restauracion-en-el-patrimonio-cultural-tangible\\\/#primaryimage\"},\"image\":{\"@id\":\"https:\\\/\\\/cracpatrimoni.com\\\/es\\\/crac-presenta-la-propuesta-de-decreto-del-reglamento-de-las-intervenciones-de-conservacion-restauracion-en-el-patrimonio-cultural-tangible\\\/#primaryimage\"},\"thumbnailUrl\":\"https:\\\/\\\/cracpatrimoni.com\\\/wp-content\\\/uploads\\\/2019\\\/05\\\/miniatura-news-proposta-decret.png\",\"datePublished\":\"2019-05-08T23:59:50+00:00\",\"dateModified\":\"2023-01-09T14:08:36+00:00\",\"breadcrumb\":{\"@id\":\"https:\\\/\\\/cracpatrimoni.com\\\/es\\\/crac-presenta-la-propuesta-de-decreto-del-reglamento-de-las-intervenciones-de-conservacion-restauracion-en-el-patrimonio-cultural-tangible\\\/#breadcrumb\"},\"inLanguage\":\"es\",\"potentialAction\":[{\"@type\":\"ReadAction\",\"target\":[\"https:\\\/\\\/cracpatrimoni.com\\\/es\\\/crac-presenta-la-propuesta-de-decreto-del-reglamento-de-las-intervenciones-de-conservacion-restauracion-en-el-patrimonio-cultural-tangible\\\/\"]}]},{\"@type\":\"ImageObject\",\"inLanguage\":\"es\",\"@id\":\"https:\\\/\\\/cracpatrimoni.com\\\/es\\\/crac-presenta-la-propuesta-de-decreto-del-reglamento-de-las-intervenciones-de-conservacion-restauracion-en-el-patrimonio-cultural-tangible\\\/#primaryimage\",\"url\":\"https:\\\/\\\/cracpatrimoni.com\\\/wp-content\\\/uploads\\\/2019\\\/05\\\/miniatura-news-proposta-decret.png\",\"contentUrl\":\"https:\\\/\\\/cracpatrimoni.com\\\/wp-content\\\/uploads\\\/2019\\\/05\\\/miniatura-news-proposta-decret.png\",\"width\":1000,\"height\":1000},{\"@type\":\"BreadcrumbList\",\"@id\":\"https:\\\/\\\/cracpatrimoni.com\\\/es\\\/crac-presenta-la-propuesta-de-decreto-del-reglamento-de-las-intervenciones-de-conservacion-restauracion-en-el-patrimonio-cultural-tangible\\\/#breadcrumb\",\"itemListElement\":[{\"@type\":\"ListItem\",\"position\":1,\"name\":\"Portada\",\"item\":\"https:\\\/\\\/cracpatrimoni.com\\\/es\\\/\"},{\"@type\":\"ListItem\",\"position\":2,\"name\":\"CRAC presenta la propuesta de Decreto del Reglamento de las intervenciones de conservaci\u00f3n-restauraci\u00f3n en el Patrimonio cultural tangible\"}]},{\"@type\":\"WebSite\",\"@id\":\"https:\\\/\\\/cracpatrimoni.com\\\/es\\\/#website\",\"url\":\"https:\\\/\\\/cracpatrimoni.com\\\/es\\\/\",\"name\":\"CRAC\",\"description\":\"Conservadors restauradors associats de Catalunya\",\"publisher\":{\"@id\":\"https:\\\/\\\/cracpatrimoni.com\\\/es\\\/#organization\"},\"potentialAction\":[{\"@type\":\"SearchAction\",\"target\":{\"@type\":\"EntryPoint\",\"urlTemplate\":\"https:\\\/\\\/cracpatrimoni.com\\\/es\\\/?s={search_term_string}\"},\"query-input\":{\"@type\":\"PropertyValueSpecification\",\"valueRequired\":true,\"valueName\":\"search_term_string\"}}],\"inLanguage\":\"es\"},{\"@type\":\"Organization\",\"@id\":\"https:\\\/\\\/cracpatrimoni.com\\\/es\\\/#organization\",\"name\":\"CRAC\",\"url\":\"https:\\\/\\\/cracpatrimoni.com\\\/es\\\/\",\"logo\":{\"@type\":\"ImageObject\",\"inLanguage\":\"es\",\"@id\":\"https:\\\/\\\/cracpatrimoni.com\\\/es\\\/#\\\/schema\\\/logo\\\/image\\\/\",\"url\":\"https:\\\/\\\/cracpatrimoni.com\\\/wp-content\\\/uploads\\\/2022\\\/11\\\/logocrac-1-1.png\",\"contentUrl\":\"https:\\\/\\\/cracpatrimoni.com\\\/wp-content\\\/uploads\\\/2022\\\/11\\\/logocrac-1-1.png\",\"width\":384,\"height\":152,\"caption\":\"CRAC\"},\"image\":{\"@id\":\"https:\\\/\\\/cracpatrimoni.com\\\/es\\\/#\\\/schema\\\/logo\\\/image\\\/\"}},{\"@type\":\"Person\",\"@id\":\"https:\\\/\\\/cracpatrimoni.com\\\/es\\\/#\\\/schema\\\/person\\\/be5a2af72e5ad4df9b5b33a09cc0ef9d\",\"name\":\"Ingrid Ferrer Homs\",\"image\":{\"@type\":\"ImageObject\",\"inLanguage\":\"es\",\"@id\":\"https:\\\/\\\/secure.gravatar.com\\\/avatar\\\/93e98562c9a14b3ca456ad9f1aad2bddb77211fafffaeca30b5f801ccbf2ea3d?s=96&d=mm&r=g\",\"url\":\"https:\\\/\\\/secure.gravatar.com\\\/avatar\\\/93e98562c9a14b3ca456ad9f1aad2bddb77211fafffaeca30b5f801ccbf2ea3d?s=96&d=mm&r=g\",\"contentUrl\":\"https:\\\/\\\/secure.gravatar.com\\\/avatar\\\/93e98562c9a14b3ca456ad9f1aad2bddb77211fafffaeca30b5f801ccbf2ea3d?s=96&d=mm&r=g\",\"caption\":\"Ingrid Ferrer Homs\"},\"url\":\"https:\\\/\\\/cracpatrimoni.com\\\/es\\\/author\\\/ingrid\\\/\"}]}<\/script>\n<!-- \/ Yoast SEO plugin. -->","yoast_head_json":{"title":"CRAC presenta la propuesta de Decreto del Reglamento de las intervenciones de conservaci\u00f3n-restauraci\u00f3n en el Patrimonio cultural tangible - CRAC","robots":{"index":"index","follow":"follow","max-snippet":"max-snippet:-1","max-image-preview":"max-image-preview:large","max-video-preview":"max-video-preview:-1"},"canonical":"https:\/\/cracpatrimoni.com\/es\/crac-presenta-la-propuesta-de-decreto-del-reglamento-de-las-intervenciones-de-conservacion-restauracion-en-el-patrimonio-cultural-tangible\/","og_locale":"es_ES","og_type":"article","og_title":"CRAC presenta la propuesta de Decreto del Reglamento de las intervenciones de conservaci\u00f3n-restauraci\u00f3n en el Patrimonio cultural tangible - CRAC","og_description":"El pasado martes 7 de mayo desde CRAC presentamos la propuesta de Decreto del Reglamento de las intervenciones de conservaci\u00f3n-restauraci\u00f3n en el Patrimonio Cultural Tangible en la Direcci\u00f3n General de Patrimonio Cultural de la Generalidad de Catalu\u00f1a. Nuestra voluntad como asociaci\u00f3n es que la Generalitat contemple regular, de forma legislativa, las intervenciones en nuestro Patrimonio [&hellip;]","og_url":"https:\/\/cracpatrimoni.com\/es\/crac-presenta-la-propuesta-de-decreto-del-reglamento-de-las-intervenciones-de-conservacion-restauracion-en-el-patrimonio-cultural-tangible\/","og_site_name":"CRAC","article_published_time":"2019-05-08T23:59:50+00:00","article_modified_time":"2023-01-09T14:08:36+00:00","og_image":[{"width":1000,"height":1000,"url":"https:\/\/cracpatrimoni.com\/wp-content\/uploads\/2019\/05\/miniatura-news-proposta-decret.png","type":"image\/png"}],"author":"Ingrid Ferrer Homs","twitter_card":"summary_large_image","twitter_misc":{"Escrito por":"Ingrid Ferrer Homs"},"schema":{"@context":"https:\/\/schema.org","@graph":[{"@type":"Article","@id":"https:\/\/cracpatrimoni.com\/es\/crac-presenta-la-propuesta-de-decreto-del-reglamento-de-las-intervenciones-de-conservacion-restauracion-en-el-patrimonio-cultural-tangible\/#article","isPartOf":{"@id":"https:\/\/cracpatrimoni.com\/es\/crac-presenta-la-propuesta-de-decreto-del-reglamento-de-las-intervenciones-de-conservacion-restauracion-en-el-patrimonio-cultural-tangible\/"},"author":{"name":"Ingrid Ferrer Homs","@id":"https:\/\/cracpatrimoni.com\/es\/#\/schema\/person\/be5a2af72e5ad4df9b5b33a09cc0ef9d"},"headline":"CRAC presenta la propuesta de Decreto del Reglamento de las intervenciones de conservaci\u00f3n-restauraci\u00f3n en el Patrimonio cultural tangible","datePublished":"2019-05-08T23:59:50+00:00","dateModified":"2023-01-09T14:08:36+00:00","mainEntityOfPage":{"@id":"https:\/\/cracpatrimoni.com\/es\/crac-presenta-la-propuesta-de-decreto-del-reglamento-de-las-intervenciones-de-conservacion-restauracion-en-el-patrimonio-cultural-tangible\/"},"wordCount":115,"publisher":{"@id":"https:\/\/cracpatrimoni.com\/es\/#organization"},"image":{"@id":"https:\/\/cracpatrimoni.com\/es\/crac-presenta-la-propuesta-de-decreto-del-reglamento-de-las-intervenciones-de-conservacion-restauracion-en-el-patrimonio-cultural-tangible\/#primaryimage"},"thumbnailUrl":"https:\/\/cracpatrimoni.com\/wp-content\/uploads\/2019\/05\/miniatura-news-proposta-decret.png","articleSection":["Reuni\u00f3n t\u00e9cnica"],"inLanguage":"es"},{"@type":"WebPage","@id":"https:\/\/cracpatrimoni.com\/es\/crac-presenta-la-propuesta-de-decreto-del-reglamento-de-las-intervenciones-de-conservacion-restauracion-en-el-patrimonio-cultural-tangible\/","url":"https:\/\/cracpatrimoni.com\/es\/crac-presenta-la-propuesta-de-decreto-del-reglamento-de-las-intervenciones-de-conservacion-restauracion-en-el-patrimonio-cultural-tangible\/","name":"CRAC presenta la propuesta de Decreto del Reglamento de las intervenciones de conservaci\u00f3n-restauraci\u00f3n en el Patrimonio cultural tangible - CRAC","isPartOf":{"@id":"https:\/\/cracpatrimoni.com\/es\/#website"},"primaryImageOfPage":{"@id":"https:\/\/cracpatrimoni.com\/es\/crac-presenta-la-propuesta-de-decreto-del-reglamento-de-las-intervenciones-de-conservacion-restauracion-en-el-patrimonio-cultural-tangible\/#primaryimage"},"image":{"@id":"https:\/\/cracpatrimoni.com\/es\/crac-presenta-la-propuesta-de-decreto-del-reglamento-de-las-intervenciones-de-conservacion-restauracion-en-el-patrimonio-cultural-tangible\/#primaryimage"},"thumbnailUrl":"https:\/\/cracpatrimoni.com\/wp-content\/uploads\/2019\/05\/miniatura-news-proposta-decret.png","datePublished":"2019-05-08T23:59:50+00:00","dateModified":"2023-01-09T14:08:36+00:00","breadcrumb":{"@id":"https:\/\/cracpatrimoni.com\/es\/crac-presenta-la-propuesta-de-decreto-del-reglamento-de-las-intervenciones-de-conservacion-restauracion-en-el-patrimonio-cultural-tangible\/#breadcrumb"},"inLanguage":"es","potentialAction":[{"@type":"ReadAction","target":["https:\/\/cracpatrimoni.com\/es\/crac-presenta-la-propuesta-de-decreto-del-reglamento-de-las-intervenciones-de-conservacion-restauracion-en-el-patrimonio-cultural-tangible\/"]}]},{"@type":"ImageObject","inLanguage":"es","@id":"https:\/\/cracpatrimoni.com\/es\/crac-presenta-la-propuesta-de-decreto-del-reglamento-de-las-intervenciones-de-conservacion-restauracion-en-el-patrimonio-cultural-tangible\/#primaryimage","url":"https:\/\/cracpatrimoni.com\/wp-content\/uploads\/2019\/05\/miniatura-news-proposta-decret.png","contentUrl":"https:\/\/cracpatrimoni.com\/wp-content\/uploads\/2019\/05\/miniatura-news-proposta-decret.png","width":1000,"height":1000},{"@type":"BreadcrumbList","@id":"https:\/\/cracpatrimoni.com\/es\/crac-presenta-la-propuesta-de-decreto-del-reglamento-de-las-intervenciones-de-conservacion-restauracion-en-el-patrimonio-cultural-tangible\/#breadcrumb","itemListElement":[{"@type":"ListItem","position":1,"name":"Portada","item":"https:\/\/cracpatrimoni.com\/es\/"},{"@type":"ListItem","position":2,"name":"CRAC presenta la propuesta de Decreto del Reglamento de las intervenciones de conservaci\u00f3n-restauraci\u00f3n en el Patrimonio cultural tangible"}]},{"@type":"WebSite","@id":"https:\/\/cracpatrimoni.com\/es\/#website","url":"https:\/\/cracpatrimoni.com\/es\/","name":"CRAC","description":"Conservadors restauradors associats de Catalunya","publisher":{"@id":"https:\/\/cracpatrimoni.com\/es\/#organization"},"potentialAction":[{"@type":"SearchAction","target":{"@type":"EntryPoint","urlTemplate":"https:\/\/cracpatrimoni.com\/es\/?s={search_term_string}"},"query-input":{"@type":"PropertyValueSpecification","valueRequired":true,"valueName":"search_term_string"}}],"inLanguage":"es"},{"@type":"Organization","@id":"https:\/\/cracpatrimoni.com\/es\/#organization","name":"CRAC","url":"https:\/\/cracpatrimoni.com\/es\/","logo":{"@type":"ImageObject","inLanguage":"es","@id":"https:\/\/cracpatrimoni.com\/es\/#\/schema\/logo\/image\/","url":"https:\/\/cracpatrimoni.com\/wp-content\/uploads\/2022\/11\/logocrac-1-1.png","contentUrl":"https:\/\/cracpatrimoni.com\/wp-content\/uploads\/2022\/11\/logocrac-1-1.png","width":384,"height":152,"caption":"CRAC"},"image":{"@id":"https:\/\/cracpatrimoni.com\/es\/#\/schema\/logo\/image\/"}},{"@type":"Person","@id":"https:\/\/cracpatrimoni.com\/es\/#\/schema\/person\/be5a2af72e5ad4df9b5b33a09cc0ef9d","name":"Ingrid Ferrer Homs","image":{"@type":"ImageObject","inLanguage":"es","@id":"https:\/\/secure.gravatar.com\/avatar\/93e98562c9a14b3ca456ad9f1aad2bddb77211fafffaeca30b5f801ccbf2ea3d?s=96&d=mm&r=g","url":"https:\/\/secure.gravatar.com\/avatar\/93e98562c9a14b3ca456ad9f1aad2bddb77211fafffaeca30b5f801ccbf2ea3d?s=96&d=mm&r=g","contentUrl":"https:\/\/secure.gravatar.com\/avatar\/93e98562c9a14b3ca456ad9f1aad2bddb77211fafffaeca30b5f801ccbf2ea3d?s=96&d=mm&r=g","caption":"Ingrid Ferrer Homs"},"url":"https:\/\/cracpatrimoni.com\/es\/author\/ingrid\/"}]}},"_links":{"self":[{"href":"https:\/\/cracpatrimoni.com\/es\/wp-json\/wp\/v2\/posts\/4570","targetHints":{"allow":["GET"]}}],"collection":[{"href":"https:\/\/cracpatrimoni.com\/es\/wp-json\/wp\/v2\/posts"}],"about":[{"href":"https:\/\/cracpatrimoni.com\/es\/wp-json\/wp\/v2\/types\/post"}],"author":[{"embeddable":true,"href":"https:\/\/cracpatrimoni.com\/es\/wp-json\/wp\/v2\/users\/2"}],"replies":[{"embeddable":true,"href":"https:\/\/cracpatrimoni.com\/es\/wp-json\/wp\/v2\/comments?post=4570"}],"version-history":[{"count":3,"href":"https:\/\/cracpatrimoni.com\/es\/wp-json\/wp\/v2\/posts\/4570\/revisions"}],"predecessor-version":[{"id":4776,"href":"https:\/\/cracpatrimoni.com\/es\/wp-json\/wp\/v2\/posts\/4570\/revisions\/4776"}],"wp:featuredmedia":[{"embeddable":true,"href":"https:\/\/cracpatrimoni.com\/es\/wp-json\/wp\/v2\/media\/3594"}],"wp:attachment":[{"href":"https:\/\/cracpatrimoni.com\/es\/wp-json\/wp\/v2\/media?parent=4570"}],"wp:term":[{"taxonomy":"category","embeddable":true,"href":"https:\/\/cracpatrimoni.com\/es\/wp-json\/wp\/v2\/categories?post=4570"},{"taxonomy":"post_tag","embeddable":true,"href":"https:\/\/cracpatrimoni.com\/es\/wp-json\/wp\/v2\/tags?post=4570"}],"curies":[{"name":"wp","href":"https:\/\/api.w.org\/{rel}","templated":true}]}}