{"id":4568,"date":"2019-06-17T23:41:56","date_gmt":"2019-06-17T23:41:56","guid":{"rendered":"http:\/\/cracpatrimoni.com\/crac-difunde-el-estudio-la-problematica-del-sector-de-la-conservacion-restauracion-en-cataluna\/"},"modified":"2023-01-09T14:08:36","modified_gmt":"2023-01-09T14:08:36","slug":"crac-difunde-el-estudio-la-problematica-del-sector-de-la-conservacion-restauracion-en-cataluna","status":"publish","type":"post","link":"https:\/\/cracpatrimoni.com\/es\/crac-difunde-el-estudio-la-problematica-del-sector-de-la-conservacion-restauracion-en-cataluna\/","title":{"rendered":"CRAC difunde el estudio &#8220;La problem\u00e1tica del sector de la conservaci\u00f3n-restauraci\u00f3n en Catalu\u00f1a&#8221;"},"content":{"rendered":"\n<hr class=\"wp-block-separator has-text-color has-alpha-channel-opacity has-background is-style-dots\" style=\"background-color:#f4f5f0;color:#f4f5f0\"\/>\n\n<div class=\"wp-block-columns is-layout-flex wp-container-core-columns-is-layout-28f84493 wp-block-columns-is-layout-flex\">\n<div class=\"wp-block-column is-layout-flow wp-block-column-is-layout-flow\">\n<p>En Catalu\u00f1a, la profesi\u00f3n de conservaci\u00f3n-restauraci\u00f3n, pese a ser fundamental e imprescindible para la preservaci\u00f3n del patrimonio, est\u00e1 en una situaci\u00f3n delicada.<br\/><\/p>\n\n\n\n<p>Desde el asociacionismo profesional que representa al colectivo en Catalu\u00f1a (Conservadores-Restauradores Asociados de Catalunya-CRAC, resultado de la fusi\u00f3n de las asociaciones Grup T\u00e8cnic y ARCC en 2013), se trabaja por el reconocimiento y regulaci\u00f3n de la actividad de conservaci\u00f3n-restauraci\u00f3n, pero para ello es imprescindible estudiar bien el sector para obtener una buena base de conocimiento y comprensi\u00f3n de todos los problemas que le afectan.<\/p>\n\n\n\n<p>Fruto de esta necesidad se ha obtenido el estudio \u201c<strong>La problem\u00e1tica del sector de la conservaci\u00f3n-restauraci\u00f3n en Catalu\u00f1a. Revisi\u00f3n y an\u00e1lisis de la documentaci\u00f3n existente y entrevistas con expertos y profesionales<\/strong>\u201d(2018). Impulsado por CRAC, este estudio ha sido encargado por la Gerencia de Servicios de Cultura de la <strong>Diputaci\u00f3n de Barcelona<\/strong> y lo ha elaborado la consultora independiente <strong>Margarida Loran<\/strong> con el asesoramiento y colaboraci\u00f3n de la junta directiva de CRAC y de dos socias.<\/p>\n<\/div>\n\n\n\n<div class=\"wp-block-column is-layout-flow wp-block-column-is-layout-flow\">\n<p>Este estudio es un primer ejercicio para radiografiar al sector y as\u00ed poder formular estrategias efectivas de cambio para mejorar la situaci\u00f3n. Recoge y relaciona la documentaci\u00f3n existente generada sobre todo por el asociacionismo profesional catal\u00e1n, pero tambi\u00e9n de otros \u00e1mbitos geogr\u00e1ficos, ya que buena parte de los problemas son comunes y es necesario alinearse y aunar esfuerzos con las estrategias que se est\u00e1n emprendiendo internacionalmente. Enriquece, ampl\u00eda y complementa esta informaci\u00f3n con consultas a profesionales y expertos. Como resultado final identifica y argumenta los principales problemas, retos y propuestas de soluci\u00f3n formuladas hasta el momento.<\/p>\n\n\n\n<p>Pero el trabajo no termina aqu\u00ed. Este 2019 seguimos estudiando el estado actual del sector, para obtener un mayor conocimiento y comprensi\u00f3n de sus caracter\u00edsticas y de los problemas que le afectan.<br\/>El proceso de trabajo, que durar\u00e1 hasta noviembre, incluir\u00e1 la revisi\u00f3n de los datos existentes, la recogida de nuevos datos y opiniones mediante un cuestionario que se dirigir\u00e1 a todos los profesionales e instituciones del sector, y la realizaci\u00f3n de entrevistas y focus groups sobre temas clave con profesionales y expertos.<\/p>\n<\/div>\n<\/div>\n\n<div class=\"wp-block-columns is-layout-flex wp-container-core-columns-is-layout-28f84493 wp-block-columns-is-layout-flex\">\n<div class=\"wp-block-column is-layout-flow wp-block-column-is-layout-flow\">\n<p>La problem\u00e1tica del sector es compleja, los retos son m\u00faltiples y es necesaria una estrategia para abordarlos desde varios frentes. El estudio, realizado con la participaci\u00f3n de los diferentes agentes del sector, ser\u00e1 la base sobre la que tomar decisiones para llevar a cabo las diferentes acciones estrat\u00e9gicas.<\/p>\n\n\n\n<hr class=\"wp-block-separator has-text-color has-alpha-channel-opacity has-background is-style-dots\" style=\"background-color:#f4f5f0;color:#f4f5f0\"\/>\n\n\n\n<p><br\/><\/p>\n\n\n\n<div data-wp-interactive=\"core\/file\" class=\"wp-block-file\"><object data-wp-bind--hidden=\"!state.hasPdfPreview\" hidden class=\"wp-block-file__embed\" data=\"https:\/\/cracpatrimoni.com\/wp-content\/uploads\/2022\/12\/2018_Estudi_problematica_sector_red.pdf.pdf\" type=\"application\/pdf\" style=\"width:100%;height:600px\" aria-label=\"Incrustado de Estudi &quot;Problematica del sector de la conservaci\u00f3-restauraci\u00f3 a Catalunya&quot;.\"><\/object><a id=\"wp-block-file--media-e8d507e9-e46f-44dd-87f6-45f922f71aa1\" href=\"https:\/\/cracpatrimoni.com\/wp-content\/uploads\/2022\/12\/2018_Estudi_problematica_sector_red.pdf.pdf\">Estudio &#8220;Problem\u00e1tica del sector de la conservaci\u00f3n-restauraci\u00f3n en Catalu\u00f1a&#8221;<\/a><a href=\"https:\/\/cracpatrimoni.com\/wp-content\/uploads\/2022\/12\/2018_Estudi_problematica_sector_red.pdf.pdf\" class=\"wp-block-file__button wp-element-button\" download=\"\" aria-describedby=\"wp-block-file--media-e8d507e9-e46f-44dd-87f6-45f922f71aa1\"><strong>Descarga<\/strong><\/a><\/div>\n\n\n\n<p><\/p>\n\n\n\n<p class=\"has-text-color\" style=\"color:#248e6d\"><strong>Os animamos a que lo lean y lo compartan para hacerlo llegar a todo el mundo. Hagamos que este estudio sea conocido por toda la comunidad profesional.<\/strong><\/p>\n\n\n\n<p class=\"has-luminous-vivid-orange-color has-text-color\">Con el apoyo del <strong>Departamento de Cultura de la Generalidad de Catalu\u00f1a<\/strong>.<\/p>\n\n\n\n<hr class=\"wp-block-separator has-text-color has-alpha-channel-opacity has-background is-style-dots\" style=\"background-color:#f4f5f0;color:#f4f5f0\"\/>\n\n\n\n<div class=\"wp-block-buttons is-content-justification-center is-layout-flex wp-container-core-buttons-is-layout-a89b3969 wp-block-buttons-is-layout-flex\"><\/div>\n<\/div>\n<\/div>\n","protected":false},"excerpt":{"rendered":"<p>En Catalu\u00f1a, la profesi\u00f3n de conservaci\u00f3n-restauraci\u00f3n, pese a ser fundamental e imprescindible para la preservaci\u00f3n del patrimonio, est\u00e1 en una situaci\u00f3n delicada. Desde el asociacionismo profesional que representa al colectivo en Catalu\u00f1a (Conservadores-Restauradores Asociados de Catalunya-CRAC, resultado de la fusi\u00f3n de las asociaciones Grup T\u00e8cnic y ARCC en 2013), se trabaja por el reconocimiento y [&hellip;]<\/p>\n","protected":false},"author":2,"featured_media":3593,"comment_status":"closed","ping_status":"open","sticky":false,"template":"","format":"standard","meta":{"_acf_changed":false,"footnotes":""},"categories":[39],"tags":[],"class_list":["post-4568","post","type-post","status-publish","format-standard","has-post-thumbnail","hentry","category-reunion-tecnica"],"acf":[],"yoast_head":"<!-- This site is optimized with the Yoast SEO plugin v27.5 - https:\/\/yoast.com\/product\/yoast-seo-wordpress\/ -->\n<title>CRAC difunde el estudio &quot;La problem\u00e1tica del sector de la conservaci\u00f3n-restauraci\u00f3n en Catalu\u00f1a&quot; - CRAC<\/title>\n<meta name=\"robots\" content=\"index, follow, max-snippet:-1, max-image-preview:large, max-video-preview:-1\" \/>\n<link rel=\"canonical\" href=\"https:\/\/cracpatrimoni.com\/es\/crac-difunde-el-estudio-la-problematica-del-sector-de-la-conservacion-restauracion-en-cataluna\/\" \/>\n<meta property=\"og:locale\" content=\"es_ES\" \/>\n<meta property=\"og:type\" content=\"article\" \/>\n<meta property=\"og:title\" content=\"CRAC difunde el estudio &quot;La problem\u00e1tica del sector de la conservaci\u00f3n-restauraci\u00f3n en Catalu\u00f1a&quot; - CRAC\" \/>\n<meta property=\"og:description\" content=\"En Catalu\u00f1a, la profesi\u00f3n de conservaci\u00f3n-restauraci\u00f3n, pese a ser fundamental e imprescindible para la preservaci\u00f3n del patrimonio, est\u00e1 en una situaci\u00f3n delicada. Desde el asociacionismo profesional que representa al colectivo en Catalu\u00f1a (Conservadores-Restauradores Asociados de Catalunya-CRAC, resultado de la fusi\u00f3n de las asociaciones Grup T\u00e8cnic y ARCC en 2013), se trabaja por el reconocimiento y [&hellip;]\" \/>\n<meta property=\"og:url\" content=\"https:\/\/cracpatrimoni.com\/es\/crac-difunde-el-estudio-la-problematica-del-sector-de-la-conservacion-restauracion-en-cataluna\/\" \/>\n<meta property=\"og:site_name\" content=\"CRAC\" \/>\n<meta property=\"article:published_time\" content=\"2019-06-17T23:41:56+00:00\" \/>\n<meta property=\"article:modified_time\" content=\"2023-01-09T14:08:36+00:00\" \/>\n<meta property=\"og:image\" content=\"https:\/\/cracpatrimoni.com\/wp-content\/uploads\/2019\/06\/miniatura-news-estudi-problematica.png\" \/>\n\t<meta property=\"og:image:width\" content=\"1000\" \/>\n\t<meta property=\"og:image:height\" content=\"1000\" \/>\n\t<meta property=\"og:image:type\" content=\"image\/png\" \/>\n<meta name=\"author\" content=\"Ingrid Ferrer Homs\" \/>\n<meta name=\"twitter:card\" content=\"summary_large_image\" \/>\n<meta name=\"twitter:label1\" content=\"Escrito por\" \/>\n\t<meta name=\"twitter:data1\" content=\"Ingrid Ferrer Homs\" \/>\n\t<meta name=\"twitter:label2\" content=\"Tiempo de lectura\" \/>\n\t<meta name=\"twitter:data2\" content=\"2 minutos\" \/>\n<script type=\"application\/ld+json\" class=\"yoast-schema-graph\">{\"@context\":\"https:\\\/\\\/schema.org\",\"@graph\":[{\"@type\":\"Article\",\"@id\":\"https:\\\/\\\/cracpatrimoni.com\\\/es\\\/crac-difunde-el-estudio-la-problematica-del-sector-de-la-conservacion-restauracion-en-cataluna\\\/#article\",\"isPartOf\":{\"@id\":\"https:\\\/\\\/cracpatrimoni.com\\\/es\\\/crac-difunde-el-estudio-la-problematica-del-sector-de-la-conservacion-restauracion-en-cataluna\\\/\"},\"author\":{\"name\":\"Ingrid Ferrer Homs\",\"@id\":\"https:\\\/\\\/cracpatrimoni.com\\\/es\\\/#\\\/schema\\\/person\\\/be5a2af72e5ad4df9b5b33a09cc0ef9d\"},\"headline\":\"CRAC difunde el estudio &#8220;La problem\u00e1tica del sector de la conservaci\u00f3n-restauraci\u00f3n en Catalu\u00f1a&#8221;\",\"datePublished\":\"2019-06-17T23:41:56+00:00\",\"dateModified\":\"2023-01-09T14:08:36+00:00\",\"mainEntityOfPage\":{\"@id\":\"https:\\\/\\\/cracpatrimoni.com\\\/es\\\/crac-difunde-el-estudio-la-problematica-del-sector-de-la-conservacion-restauracion-en-cataluna\\\/\"},\"wordCount\":496,\"publisher\":{\"@id\":\"https:\\\/\\\/cracpatrimoni.com\\\/es\\\/#organization\"},\"image\":{\"@id\":\"https:\\\/\\\/cracpatrimoni.com\\\/es\\\/crac-difunde-el-estudio-la-problematica-del-sector-de-la-conservacion-restauracion-en-cataluna\\\/#primaryimage\"},\"thumbnailUrl\":\"https:\\\/\\\/cracpatrimoni.com\\\/wp-content\\\/uploads\\\/2019\\\/06\\\/miniatura-news-estudi-problematica.png\",\"articleSection\":[\"Reuni\u00f3n t\u00e9cnica\"],\"inLanguage\":\"es\"},{\"@type\":\"WebPage\",\"@id\":\"https:\\\/\\\/cracpatrimoni.com\\\/es\\\/crac-difunde-el-estudio-la-problematica-del-sector-de-la-conservacion-restauracion-en-cataluna\\\/\",\"url\":\"https:\\\/\\\/cracpatrimoni.com\\\/es\\\/crac-difunde-el-estudio-la-problematica-del-sector-de-la-conservacion-restauracion-en-cataluna\\\/\",\"name\":\"CRAC difunde el estudio \\\"La problem\u00e1tica del sector de la conservaci\u00f3n-restauraci\u00f3n en Catalu\u00f1a\\\" - CRAC\",\"isPartOf\":{\"@id\":\"https:\\\/\\\/cracpatrimoni.com\\\/es\\\/#website\"},\"primaryImageOfPage\":{\"@id\":\"https:\\\/\\\/cracpatrimoni.com\\\/es\\\/crac-difunde-el-estudio-la-problematica-del-sector-de-la-conservacion-restauracion-en-cataluna\\\/#primaryimage\"},\"image\":{\"@id\":\"https:\\\/\\\/cracpatrimoni.com\\\/es\\\/crac-difunde-el-estudio-la-problematica-del-sector-de-la-conservacion-restauracion-en-cataluna\\\/#primaryimage\"},\"thumbnailUrl\":\"https:\\\/\\\/cracpatrimoni.com\\\/wp-content\\\/uploads\\\/2019\\\/06\\\/miniatura-news-estudi-problematica.png\",\"datePublished\":\"2019-06-17T23:41:56+00:00\",\"dateModified\":\"2023-01-09T14:08:36+00:00\",\"breadcrumb\":{\"@id\":\"https:\\\/\\\/cracpatrimoni.com\\\/es\\\/crac-difunde-el-estudio-la-problematica-del-sector-de-la-conservacion-restauracion-en-cataluna\\\/#breadcrumb\"},\"inLanguage\":\"es\",\"potentialAction\":[{\"@type\":\"ReadAction\",\"target\":[\"https:\\\/\\\/cracpatrimoni.com\\\/es\\\/crac-difunde-el-estudio-la-problematica-del-sector-de-la-conservacion-restauracion-en-cataluna\\\/\"]}]},{\"@type\":\"ImageObject\",\"inLanguage\":\"es\",\"@id\":\"https:\\\/\\\/cracpatrimoni.com\\\/es\\\/crac-difunde-el-estudio-la-problematica-del-sector-de-la-conservacion-restauracion-en-cataluna\\\/#primaryimage\",\"url\":\"https:\\\/\\\/cracpatrimoni.com\\\/wp-content\\\/uploads\\\/2019\\\/06\\\/miniatura-news-estudi-problematica.png\",\"contentUrl\":\"https:\\\/\\\/cracpatrimoni.com\\\/wp-content\\\/uploads\\\/2019\\\/06\\\/miniatura-news-estudi-problematica.png\",\"width\":1000,\"height\":1000},{\"@type\":\"BreadcrumbList\",\"@id\":\"https:\\\/\\\/cracpatrimoni.com\\\/es\\\/crac-difunde-el-estudio-la-problematica-del-sector-de-la-conservacion-restauracion-en-cataluna\\\/#breadcrumb\",\"itemListElement\":[{\"@type\":\"ListItem\",\"position\":1,\"name\":\"Portada\",\"item\":\"https:\\\/\\\/cracpatrimoni.com\\\/es\\\/\"},{\"@type\":\"ListItem\",\"position\":2,\"name\":\"CRAC difunde el estudio &#8220;La problem\u00e1tica del sector de la conservaci\u00f3n-restauraci\u00f3n en Catalu\u00f1a&#8221;\"}]},{\"@type\":\"WebSite\",\"@id\":\"https:\\\/\\\/cracpatrimoni.com\\\/es\\\/#website\",\"url\":\"https:\\\/\\\/cracpatrimoni.com\\\/es\\\/\",\"name\":\"CRAC\",\"description\":\"Conservadors restauradors associats de Catalunya\",\"publisher\":{\"@id\":\"https:\\\/\\\/cracpatrimoni.com\\\/es\\\/#organization\"},\"potentialAction\":[{\"@type\":\"SearchAction\",\"target\":{\"@type\":\"EntryPoint\",\"urlTemplate\":\"https:\\\/\\\/cracpatrimoni.com\\\/es\\\/?s={search_term_string}\"},\"query-input\":{\"@type\":\"PropertyValueSpecification\",\"valueRequired\":true,\"valueName\":\"search_term_string\"}}],\"inLanguage\":\"es\"},{\"@type\":\"Organization\",\"@id\":\"https:\\\/\\\/cracpatrimoni.com\\\/es\\\/#organization\",\"name\":\"CRAC\",\"url\":\"https:\\\/\\\/cracpatrimoni.com\\\/es\\\/\",\"logo\":{\"@type\":\"ImageObject\",\"inLanguage\":\"es\",\"@id\":\"https:\\\/\\\/cracpatrimoni.com\\\/es\\\/#\\\/schema\\\/logo\\\/image\\\/\",\"url\":\"https:\\\/\\\/cracpatrimoni.com\\\/wp-content\\\/uploads\\\/2022\\\/11\\\/logocrac-1-1.png\",\"contentUrl\":\"https:\\\/\\\/cracpatrimoni.com\\\/wp-content\\\/uploads\\\/2022\\\/11\\\/logocrac-1-1.png\",\"width\":384,\"height\":152,\"caption\":\"CRAC\"},\"image\":{\"@id\":\"https:\\\/\\\/cracpatrimoni.com\\\/es\\\/#\\\/schema\\\/logo\\\/image\\\/\"}},{\"@type\":\"Person\",\"@id\":\"https:\\\/\\\/cracpatrimoni.com\\\/es\\\/#\\\/schema\\\/person\\\/be5a2af72e5ad4df9b5b33a09cc0ef9d\",\"name\":\"Ingrid Ferrer Homs\",\"image\":{\"@type\":\"ImageObject\",\"inLanguage\":\"es\",\"@id\":\"https:\\\/\\\/secure.gravatar.com\\\/avatar\\\/93e98562c9a14b3ca456ad9f1aad2bddb77211fafffaeca30b5f801ccbf2ea3d?s=96&d=mm&r=g\",\"url\":\"https:\\\/\\\/secure.gravatar.com\\\/avatar\\\/93e98562c9a14b3ca456ad9f1aad2bddb77211fafffaeca30b5f801ccbf2ea3d?s=96&d=mm&r=g\",\"contentUrl\":\"https:\\\/\\\/secure.gravatar.com\\\/avatar\\\/93e98562c9a14b3ca456ad9f1aad2bddb77211fafffaeca30b5f801ccbf2ea3d?s=96&d=mm&r=g\",\"caption\":\"Ingrid Ferrer Homs\"},\"url\":\"https:\\\/\\\/cracpatrimoni.com\\\/es\\\/author\\\/ingrid\\\/\"}]}<\/script>\n<!-- \/ Yoast SEO plugin. -->","yoast_head_json":{"title":"CRAC difunde el estudio \"La problem\u00e1tica del sector de la conservaci\u00f3n-restauraci\u00f3n en Catalu\u00f1a\" - CRAC","robots":{"index":"index","follow":"follow","max-snippet":"max-snippet:-1","max-image-preview":"max-image-preview:large","max-video-preview":"max-video-preview:-1"},"canonical":"https:\/\/cracpatrimoni.com\/es\/crac-difunde-el-estudio-la-problematica-del-sector-de-la-conservacion-restauracion-en-cataluna\/","og_locale":"es_ES","og_type":"article","og_title":"CRAC difunde el estudio \"La problem\u00e1tica del sector de la conservaci\u00f3n-restauraci\u00f3n en Catalu\u00f1a\" - CRAC","og_description":"En Catalu\u00f1a, la profesi\u00f3n de conservaci\u00f3n-restauraci\u00f3n, pese a ser fundamental e imprescindible para la preservaci\u00f3n del patrimonio, est\u00e1 en una situaci\u00f3n delicada. Desde el asociacionismo profesional que representa al colectivo en Catalu\u00f1a (Conservadores-Restauradores Asociados de Catalunya-CRAC, resultado de la fusi\u00f3n de las asociaciones Grup T\u00e8cnic y ARCC en 2013), se trabaja por el reconocimiento y [&hellip;]","og_url":"https:\/\/cracpatrimoni.com\/es\/crac-difunde-el-estudio-la-problematica-del-sector-de-la-conservacion-restauracion-en-cataluna\/","og_site_name":"CRAC","article_published_time":"2019-06-17T23:41:56+00:00","article_modified_time":"2023-01-09T14:08:36+00:00","og_image":[{"width":1000,"height":1000,"url":"https:\/\/cracpatrimoni.com\/wp-content\/uploads\/2019\/06\/miniatura-news-estudi-problematica.png","type":"image\/png"}],"author":"Ingrid Ferrer Homs","twitter_card":"summary_large_image","twitter_misc":{"Escrito por":"Ingrid Ferrer Homs","Tiempo de lectura":"2 minutos"},"schema":{"@context":"https:\/\/schema.org","@graph":[{"@type":"Article","@id":"https:\/\/cracpatrimoni.com\/es\/crac-difunde-el-estudio-la-problematica-del-sector-de-la-conservacion-restauracion-en-cataluna\/#article","isPartOf":{"@id":"https:\/\/cracpatrimoni.com\/es\/crac-difunde-el-estudio-la-problematica-del-sector-de-la-conservacion-restauracion-en-cataluna\/"},"author":{"name":"Ingrid Ferrer Homs","@id":"https:\/\/cracpatrimoni.com\/es\/#\/schema\/person\/be5a2af72e5ad4df9b5b33a09cc0ef9d"},"headline":"CRAC difunde el estudio &#8220;La problem\u00e1tica del sector de la conservaci\u00f3n-restauraci\u00f3n en Catalu\u00f1a&#8221;","datePublished":"2019-06-17T23:41:56+00:00","dateModified":"2023-01-09T14:08:36+00:00","mainEntityOfPage":{"@id":"https:\/\/cracpatrimoni.com\/es\/crac-difunde-el-estudio-la-problematica-del-sector-de-la-conservacion-restauracion-en-cataluna\/"},"wordCount":496,"publisher":{"@id":"https:\/\/cracpatrimoni.com\/es\/#organization"},"image":{"@id":"https:\/\/cracpatrimoni.com\/es\/crac-difunde-el-estudio-la-problematica-del-sector-de-la-conservacion-restauracion-en-cataluna\/#primaryimage"},"thumbnailUrl":"https:\/\/cracpatrimoni.com\/wp-content\/uploads\/2019\/06\/miniatura-news-estudi-problematica.png","articleSection":["Reuni\u00f3n t\u00e9cnica"],"inLanguage":"es"},{"@type":"WebPage","@id":"https:\/\/cracpatrimoni.com\/es\/crac-difunde-el-estudio-la-problematica-del-sector-de-la-conservacion-restauracion-en-cataluna\/","url":"https:\/\/cracpatrimoni.com\/es\/crac-difunde-el-estudio-la-problematica-del-sector-de-la-conservacion-restauracion-en-cataluna\/","name":"CRAC difunde el estudio \"La problem\u00e1tica del sector de la conservaci\u00f3n-restauraci\u00f3n en Catalu\u00f1a\" - CRAC","isPartOf":{"@id":"https:\/\/cracpatrimoni.com\/es\/#website"},"primaryImageOfPage":{"@id":"https:\/\/cracpatrimoni.com\/es\/crac-difunde-el-estudio-la-problematica-del-sector-de-la-conservacion-restauracion-en-cataluna\/#primaryimage"},"image":{"@id":"https:\/\/cracpatrimoni.com\/es\/crac-difunde-el-estudio-la-problematica-del-sector-de-la-conservacion-restauracion-en-cataluna\/#primaryimage"},"thumbnailUrl":"https:\/\/cracpatrimoni.com\/wp-content\/uploads\/2019\/06\/miniatura-news-estudi-problematica.png","datePublished":"2019-06-17T23:41:56+00:00","dateModified":"2023-01-09T14:08:36+00:00","breadcrumb":{"@id":"https:\/\/cracpatrimoni.com\/es\/crac-difunde-el-estudio-la-problematica-del-sector-de-la-conservacion-restauracion-en-cataluna\/#breadcrumb"},"inLanguage":"es","potentialAction":[{"@type":"ReadAction","target":["https:\/\/cracpatrimoni.com\/es\/crac-difunde-el-estudio-la-problematica-del-sector-de-la-conservacion-restauracion-en-cataluna\/"]}]},{"@type":"ImageObject","inLanguage":"es","@id":"https:\/\/cracpatrimoni.com\/es\/crac-difunde-el-estudio-la-problematica-del-sector-de-la-conservacion-restauracion-en-cataluna\/#primaryimage","url":"https:\/\/cracpatrimoni.com\/wp-content\/uploads\/2019\/06\/miniatura-news-estudi-problematica.png","contentUrl":"https:\/\/cracpatrimoni.com\/wp-content\/uploads\/2019\/06\/miniatura-news-estudi-problematica.png","width":1000,"height":1000},{"@type":"BreadcrumbList","@id":"https:\/\/cracpatrimoni.com\/es\/crac-difunde-el-estudio-la-problematica-del-sector-de-la-conservacion-restauracion-en-cataluna\/#breadcrumb","itemListElement":[{"@type":"ListItem","position":1,"name":"Portada","item":"https:\/\/cracpatrimoni.com\/es\/"},{"@type":"ListItem","position":2,"name":"CRAC difunde el estudio &#8220;La problem\u00e1tica del sector de la conservaci\u00f3n-restauraci\u00f3n en Catalu\u00f1a&#8221;"}]},{"@type":"WebSite","@id":"https:\/\/cracpatrimoni.com\/es\/#website","url":"https:\/\/cracpatrimoni.com\/es\/","name":"CRAC","description":"Conservadors restauradors associats de Catalunya","publisher":{"@id":"https:\/\/cracpatrimoni.com\/es\/#organization"},"potentialAction":[{"@type":"SearchAction","target":{"@type":"EntryPoint","urlTemplate":"https:\/\/cracpatrimoni.com\/es\/?s={search_term_string}"},"query-input":{"@type":"PropertyValueSpecification","valueRequired":true,"valueName":"search_term_string"}}],"inLanguage":"es"},{"@type":"Organization","@id":"https:\/\/cracpatrimoni.com\/es\/#organization","name":"CRAC","url":"https:\/\/cracpatrimoni.com\/es\/","logo":{"@type":"ImageObject","inLanguage":"es","@id":"https:\/\/cracpatrimoni.com\/es\/#\/schema\/logo\/image\/","url":"https:\/\/cracpatrimoni.com\/wp-content\/uploads\/2022\/11\/logocrac-1-1.png","contentUrl":"https:\/\/cracpatrimoni.com\/wp-content\/uploads\/2022\/11\/logocrac-1-1.png","width":384,"height":152,"caption":"CRAC"},"image":{"@id":"https:\/\/cracpatrimoni.com\/es\/#\/schema\/logo\/image\/"}},{"@type":"Person","@id":"https:\/\/cracpatrimoni.com\/es\/#\/schema\/person\/be5a2af72e5ad4df9b5b33a09cc0ef9d","name":"Ingrid Ferrer Homs","image":{"@type":"ImageObject","inLanguage":"es","@id":"https:\/\/secure.gravatar.com\/avatar\/93e98562c9a14b3ca456ad9f1aad2bddb77211fafffaeca30b5f801ccbf2ea3d?s=96&d=mm&r=g","url":"https:\/\/secure.gravatar.com\/avatar\/93e98562c9a14b3ca456ad9f1aad2bddb77211fafffaeca30b5f801ccbf2ea3d?s=96&d=mm&r=g","contentUrl":"https:\/\/secure.gravatar.com\/avatar\/93e98562c9a14b3ca456ad9f1aad2bddb77211fafffaeca30b5f801ccbf2ea3d?s=96&d=mm&r=g","caption":"Ingrid Ferrer Homs"},"url":"https:\/\/cracpatrimoni.com\/es\/author\/ingrid\/"}]}},"_links":{"self":[{"href":"https:\/\/cracpatrimoni.com\/es\/wp-json\/wp\/v2\/posts\/4568","targetHints":{"allow":["GET"]}}],"collection":[{"href":"https:\/\/cracpatrimoni.com\/es\/wp-json\/wp\/v2\/posts"}],"about":[{"href":"https:\/\/cracpatrimoni.com\/es\/wp-json\/wp\/v2\/types\/post"}],"author":[{"embeddable":true,"href":"https:\/\/cracpatrimoni.com\/es\/wp-json\/wp\/v2\/users\/2"}],"replies":[{"embeddable":true,"href":"https:\/\/cracpatrimoni.com\/es\/wp-json\/wp\/v2\/comments?post=4568"}],"version-history":[{"count":3,"href":"https:\/\/cracpatrimoni.com\/es\/wp-json\/wp\/v2\/posts\/4568\/revisions"}],"predecessor-version":[{"id":4774,"href":"https:\/\/cracpatrimoni.com\/es\/wp-json\/wp\/v2\/posts\/4568\/revisions\/4774"}],"wp:featuredmedia":[{"embeddable":true,"href":"https:\/\/cracpatrimoni.com\/es\/wp-json\/wp\/v2\/media\/3593"}],"wp:attachment":[{"href":"https:\/\/cracpatrimoni.com\/es\/wp-json\/wp\/v2\/media?parent=4568"}],"wp:term":[{"taxonomy":"category","embeddable":true,"href":"https:\/\/cracpatrimoni.com\/es\/wp-json\/wp\/v2\/categories?post=4568"},{"taxonomy":"post_tag","embeddable":true,"href":"https:\/\/cracpatrimoni.com\/es\/wp-json\/wp\/v2\/tags?post=4568"}],"curies":[{"name":"wp","href":"https:\/\/api.w.org\/{rel}","templated":true}]}}