{"id":4564,"date":"2019-09-22T22:15:12","date_gmt":"2019-09-22T22:15:12","guid":{"rendered":"http:\/\/cracpatrimoni.com\/manifiesto-ante-el-recorte-del-6-en-el-ambito-cultural\/"},"modified":"2023-01-09T14:08:07","modified_gmt":"2023-01-09T14:08:07","slug":"manifiesto-ante-el-recorte-del-6-en-el-ambito-cultural","status":"publish","type":"post","link":"https:\/\/cracpatrimoni.com\/es\/manifiesto-ante-el-recorte-del-6-en-el-ambito-cultural\/","title":{"rendered":"Manifiesto ante el recorte del 6% en el \u00e1mbito cultural"},"content":{"rendered":"\n<hr class=\"wp-block-separator has-text-color has-alpha-channel-opacity has-background is-style-dots\" style=\"background-color:#f4f5f0;color:#f4f5f0\"\/>\n\n<div class=\"wp-block-columns is-layout-flex wp-container-core-columns-is-layout-28f84493 wp-block-columns-is-layout-flex\">\n<div class=\"wp-block-column is-layout-flow wp-block-column-is-layout-flow\">\n<p>CRAC, junto con la <a href=\"https:\/\/www.museologia.cat\/\" target=\"_blank\" rel=\"noreferrer noopener\">Asociaci\u00f3n de Muse\u00f3logos de Catalu\u00f1a<\/a>, la <a href=\"https:\/\/gestiocultural.org\/\" target=\"_blank\" rel=\"noreferrer noopener\">Asociaci\u00f3n de Profesionales de la Gesti\u00f3n Cultural de Catalu\u00f1a<\/a> y la <a href=\"https:\/\/acca.cat\/\" target=\"_blank\" rel=\"noreferrer noopener\">Asociaci\u00f3n Catalana de Cr\u00edticos de Arte<\/a>, firman un manifiesto conjunto ante el <strong>recorte del 6%<\/strong>, decretado por el Gobierno de la Generalidad de Catalu\u00f1a el pasado 2 de agosto de 2019.<\/p>\n\n\n\n<p>Con \u00e9ste, queremos expresar nuestra mayor preocupaci\u00f3n y disconformidad, alertando sobre las nefastas consecuencias que tendr\u00e1 en el \u00e1mbito cultural del pa\u00eds, y en especial, en el sector de los museos y del patrimonio.<\/p>\n\n\n\n<hr class=\"wp-block-separator has-text-color has-alpha-channel-opacity has-background is-style-dots\" style=\"background-color:#f4f5f0;color:#f4f5f0\"\/>\n\n\n\n<div data-wp-interactive=\"core\/file\" class=\"wp-block-file\"><object data-wp-bind--hidden=\"!state.hasPdfPreview\" hidden class=\"wp-block-file__embed\" data=\"https:\/\/cracpatrimoni.com\/wp-content\/uploads\/2022\/12\/2019_09_22.MANIFEST6.pdf\" type=\"application\/pdf\" style=\"width:100%;height:600px\" aria-label=\"Incrustado de Manifest retallada del 6%.\"><\/object><a id=\"wp-block-file--media-306d09ae-9152-44a6-beca-48499d414d7e\" href=\"https:\/\/cracpatrimoni.com\/wp-content\/uploads\/2022\/12\/2019_09_22.MANIFEST6.pdf\">Manifiesto recorte del 6%<\/a><a href=\"https:\/\/cracpatrimoni.com\/wp-content\/uploads\/2022\/12\/2019_09_22.MANIFEST6.pdf\" class=\"wp-block-file__button wp-element-button\" download=\"\" aria-describedby=\"wp-block-file--media-306d09ae-9152-44a6-beca-48499d414d7e\"><strong>Descarga<\/strong><\/a><\/div>\n\n\n\n<div class=\"wp-block-buttons is-content-justification-center is-layout-flex wp-container-core-buttons-is-layout-a89b3969 wp-block-buttons-is-layout-flex\"><\/div>\n<\/div>\n<\/div>\n","protected":false},"excerpt":{"rendered":"<p>CRAC, junto con la Asociaci\u00f3n de Muse\u00f3logos de Catalu\u00f1a, la Asociaci\u00f3n de Profesionales de la Gesti\u00f3n Cultural de Catalu\u00f1a y la Asociaci\u00f3n Catalana de Cr\u00edticos de Arte, firman un manifiesto conjunto ante el recorte del 6%, decretado por el Gobierno de la Generalidad de Catalu\u00f1a el pasado 2 de agosto de 2019. Con \u00e9ste, queremos [&hellip;]<\/p>\n","protected":false},"author":2,"featured_media":3587,"comment_status":"closed","ping_status":"open","sticky":false,"template":"","format":"standard","meta":{"_acf_changed":false,"footnotes":""},"categories":[39],"tags":[],"class_list":["post-4564","post","type-post","status-publish","format-standard","has-post-thumbnail","hentry","category-reunion-tecnica"],"acf":[],"yoast_head":"<!-- This site is optimized with the Yoast SEO plugin v27.5 - https:\/\/yoast.com\/product\/yoast-seo-wordpress\/ -->\n<title>Manifiesto ante el recorte del 6% en el \u00e1mbito cultural - CRAC<\/title>\n<meta name=\"robots\" content=\"index, follow, max-snippet:-1, max-image-preview:large, max-video-preview:-1\" \/>\n<link rel=\"canonical\" href=\"https:\/\/cracpatrimoni.com\/es\/manifiesto-ante-el-recorte-del-6-en-el-ambito-cultural\/\" \/>\n<meta property=\"og:locale\" content=\"es_ES\" \/>\n<meta property=\"og:type\" content=\"article\" \/>\n<meta property=\"og:title\" content=\"Manifiesto ante el recorte del 6% en el \u00e1mbito cultural - CRAC\" \/>\n<meta property=\"og:description\" content=\"CRAC, junto con la Asociaci\u00f3n de Muse\u00f3logos de Catalu\u00f1a, la Asociaci\u00f3n de Profesionales de la Gesti\u00f3n Cultural de Catalu\u00f1a y la Asociaci\u00f3n Catalana de Cr\u00edticos de Arte, firman un manifiesto conjunto ante el recorte del 6%, decretado por el Gobierno de la Generalidad de Catalu\u00f1a el pasado 2 de agosto de 2019. Con \u00e9ste, queremos [&hellip;]\" \/>\n<meta property=\"og:url\" content=\"https:\/\/cracpatrimoni.com\/es\/manifiesto-ante-el-recorte-del-6-en-el-ambito-cultural\/\" \/>\n<meta property=\"og:site_name\" content=\"CRAC\" \/>\n<meta property=\"article:published_time\" content=\"2019-09-22T22:15:12+00:00\" \/>\n<meta property=\"article:modified_time\" content=\"2023-01-09T14:08:07+00:00\" \/>\n<meta property=\"og:image\" content=\"https:\/\/cracpatrimoni.com\/wp-content\/uploads\/2019\/09\/miniatura-news-retallades-cultura.png\" \/>\n\t<meta property=\"og:image:width\" content=\"1000\" \/>\n\t<meta property=\"og:image:height\" content=\"1000\" \/>\n\t<meta property=\"og:image:type\" content=\"image\/png\" \/>\n<meta name=\"author\" content=\"Ingrid Ferrer Homs\" \/>\n<meta name=\"twitter:card\" content=\"summary_large_image\" \/>\n<meta name=\"twitter:label1\" content=\"Escrito por\" \/>\n\t<meta name=\"twitter:data1\" content=\"Ingrid Ferrer Homs\" \/>\n<script type=\"application\/ld+json\" class=\"yoast-schema-graph\">{\"@context\":\"https:\\\/\\\/schema.org\",\"@graph\":[{\"@type\":\"Article\",\"@id\":\"https:\\\/\\\/cracpatrimoni.com\\\/es\\\/manifiesto-ante-el-recorte-del-6-en-el-ambito-cultural\\\/#article\",\"isPartOf\":{\"@id\":\"https:\\\/\\\/cracpatrimoni.com\\\/es\\\/manifiesto-ante-el-recorte-del-6-en-el-ambito-cultural\\\/\"},\"author\":{\"name\":\"Ingrid Ferrer Homs\",\"@id\":\"https:\\\/\\\/cracpatrimoni.com\\\/es\\\/#\\\/schema\\\/person\\\/be5a2af72e5ad4df9b5b33a09cc0ef9d\"},\"headline\":\"Manifiesto ante el recorte del 6% en el \u00e1mbito cultural\",\"datePublished\":\"2019-09-22T22:15:12+00:00\",\"dateModified\":\"2023-01-09T14:08:07+00:00\",\"mainEntityOfPage\":{\"@id\":\"https:\\\/\\\/cracpatrimoni.com\\\/es\\\/manifiesto-ante-el-recorte-del-6-en-el-ambito-cultural\\\/\"},\"wordCount\":107,\"publisher\":{\"@id\":\"https:\\\/\\\/cracpatrimoni.com\\\/es\\\/#organization\"},\"image\":{\"@id\":\"https:\\\/\\\/cracpatrimoni.com\\\/es\\\/manifiesto-ante-el-recorte-del-6-en-el-ambito-cultural\\\/#primaryimage\"},\"thumbnailUrl\":\"https:\\\/\\\/cracpatrimoni.com\\\/wp-content\\\/uploads\\\/2019\\\/09\\\/miniatura-news-retallades-cultura.png\",\"articleSection\":[\"Reuni\u00f3n t\u00e9cnica\"],\"inLanguage\":\"es\"},{\"@type\":\"WebPage\",\"@id\":\"https:\\\/\\\/cracpatrimoni.com\\\/es\\\/manifiesto-ante-el-recorte-del-6-en-el-ambito-cultural\\\/\",\"url\":\"https:\\\/\\\/cracpatrimoni.com\\\/es\\\/manifiesto-ante-el-recorte-del-6-en-el-ambito-cultural\\\/\",\"name\":\"Manifiesto ante el recorte del 6% en el \u00e1mbito cultural - CRAC\",\"isPartOf\":{\"@id\":\"https:\\\/\\\/cracpatrimoni.com\\\/es\\\/#website\"},\"primaryImageOfPage\":{\"@id\":\"https:\\\/\\\/cracpatrimoni.com\\\/es\\\/manifiesto-ante-el-recorte-del-6-en-el-ambito-cultural\\\/#primaryimage\"},\"image\":{\"@id\":\"https:\\\/\\\/cracpatrimoni.com\\\/es\\\/manifiesto-ante-el-recorte-del-6-en-el-ambito-cultural\\\/#primaryimage\"},\"thumbnailUrl\":\"https:\\\/\\\/cracpatrimoni.com\\\/wp-content\\\/uploads\\\/2019\\\/09\\\/miniatura-news-retallades-cultura.png\",\"datePublished\":\"2019-09-22T22:15:12+00:00\",\"dateModified\":\"2023-01-09T14:08:07+00:00\",\"breadcrumb\":{\"@id\":\"https:\\\/\\\/cracpatrimoni.com\\\/es\\\/manifiesto-ante-el-recorte-del-6-en-el-ambito-cultural\\\/#breadcrumb\"},\"inLanguage\":\"es\",\"potentialAction\":[{\"@type\":\"ReadAction\",\"target\":[\"https:\\\/\\\/cracpatrimoni.com\\\/es\\\/manifiesto-ante-el-recorte-del-6-en-el-ambito-cultural\\\/\"]}]},{\"@type\":\"ImageObject\",\"inLanguage\":\"es\",\"@id\":\"https:\\\/\\\/cracpatrimoni.com\\\/es\\\/manifiesto-ante-el-recorte-del-6-en-el-ambito-cultural\\\/#primaryimage\",\"url\":\"https:\\\/\\\/cracpatrimoni.com\\\/wp-content\\\/uploads\\\/2019\\\/09\\\/miniatura-news-retallades-cultura.png\",\"contentUrl\":\"https:\\\/\\\/cracpatrimoni.com\\\/wp-content\\\/uploads\\\/2019\\\/09\\\/miniatura-news-retallades-cultura.png\",\"width\":1000,\"height\":1000},{\"@type\":\"BreadcrumbList\",\"@id\":\"https:\\\/\\\/cracpatrimoni.com\\\/es\\\/manifiesto-ante-el-recorte-del-6-en-el-ambito-cultural\\\/#breadcrumb\",\"itemListElement\":[{\"@type\":\"ListItem\",\"position\":1,\"name\":\"Portada\",\"item\":\"https:\\\/\\\/cracpatrimoni.com\\\/es\\\/\"},{\"@type\":\"ListItem\",\"position\":2,\"name\":\"Manifiesto ante el recorte del 6% en el \u00e1mbito cultural\"}]},{\"@type\":\"WebSite\",\"@id\":\"https:\\\/\\\/cracpatrimoni.com\\\/es\\\/#website\",\"url\":\"https:\\\/\\\/cracpatrimoni.com\\\/es\\\/\",\"name\":\"CRAC\",\"description\":\"Conservadors restauradors associats de Catalunya\",\"publisher\":{\"@id\":\"https:\\\/\\\/cracpatrimoni.com\\\/es\\\/#organization\"},\"potentialAction\":[{\"@type\":\"SearchAction\",\"target\":{\"@type\":\"EntryPoint\",\"urlTemplate\":\"https:\\\/\\\/cracpatrimoni.com\\\/es\\\/?s={search_term_string}\"},\"query-input\":{\"@type\":\"PropertyValueSpecification\",\"valueRequired\":true,\"valueName\":\"search_term_string\"}}],\"inLanguage\":\"es\"},{\"@type\":\"Organization\",\"@id\":\"https:\\\/\\\/cracpatrimoni.com\\\/es\\\/#organization\",\"name\":\"CRAC\",\"url\":\"https:\\\/\\\/cracpatrimoni.com\\\/es\\\/\",\"logo\":{\"@type\":\"ImageObject\",\"inLanguage\":\"es\",\"@id\":\"https:\\\/\\\/cracpatrimoni.com\\\/es\\\/#\\\/schema\\\/logo\\\/image\\\/\",\"url\":\"https:\\\/\\\/cracpatrimoni.com\\\/wp-content\\\/uploads\\\/2022\\\/11\\\/logocrac-1-1.png\",\"contentUrl\":\"https:\\\/\\\/cracpatrimoni.com\\\/wp-content\\\/uploads\\\/2022\\\/11\\\/logocrac-1-1.png\",\"width\":384,\"height\":152,\"caption\":\"CRAC\"},\"image\":{\"@id\":\"https:\\\/\\\/cracpatrimoni.com\\\/es\\\/#\\\/schema\\\/logo\\\/image\\\/\"}},{\"@type\":\"Person\",\"@id\":\"https:\\\/\\\/cracpatrimoni.com\\\/es\\\/#\\\/schema\\\/person\\\/be5a2af72e5ad4df9b5b33a09cc0ef9d\",\"name\":\"Ingrid Ferrer Homs\",\"image\":{\"@type\":\"ImageObject\",\"inLanguage\":\"es\",\"@id\":\"https:\\\/\\\/secure.gravatar.com\\\/avatar\\\/93e98562c9a14b3ca456ad9f1aad2bddb77211fafffaeca30b5f801ccbf2ea3d?s=96&d=mm&r=g\",\"url\":\"https:\\\/\\\/secure.gravatar.com\\\/avatar\\\/93e98562c9a14b3ca456ad9f1aad2bddb77211fafffaeca30b5f801ccbf2ea3d?s=96&d=mm&r=g\",\"contentUrl\":\"https:\\\/\\\/secure.gravatar.com\\\/avatar\\\/93e98562c9a14b3ca456ad9f1aad2bddb77211fafffaeca30b5f801ccbf2ea3d?s=96&d=mm&r=g\",\"caption\":\"Ingrid Ferrer Homs\"},\"url\":\"https:\\\/\\\/cracpatrimoni.com\\\/es\\\/author\\\/ingrid\\\/\"}]}<\/script>\n<!-- \/ Yoast SEO plugin. -->","yoast_head_json":{"title":"Manifiesto ante el recorte del 6% en el \u00e1mbito cultural - CRAC","robots":{"index":"index","follow":"follow","max-snippet":"max-snippet:-1","max-image-preview":"max-image-preview:large","max-video-preview":"max-video-preview:-1"},"canonical":"https:\/\/cracpatrimoni.com\/es\/manifiesto-ante-el-recorte-del-6-en-el-ambito-cultural\/","og_locale":"es_ES","og_type":"article","og_title":"Manifiesto ante el recorte del 6% en el \u00e1mbito cultural - CRAC","og_description":"CRAC, junto con la Asociaci\u00f3n de Muse\u00f3logos de Catalu\u00f1a, la Asociaci\u00f3n de Profesionales de la Gesti\u00f3n Cultural de Catalu\u00f1a y la Asociaci\u00f3n Catalana de Cr\u00edticos de Arte, firman un manifiesto conjunto ante el recorte del 6%, decretado por el Gobierno de la Generalidad de Catalu\u00f1a el pasado 2 de agosto de 2019. Con \u00e9ste, queremos [&hellip;]","og_url":"https:\/\/cracpatrimoni.com\/es\/manifiesto-ante-el-recorte-del-6-en-el-ambito-cultural\/","og_site_name":"CRAC","article_published_time":"2019-09-22T22:15:12+00:00","article_modified_time":"2023-01-09T14:08:07+00:00","og_image":[{"width":1000,"height":1000,"url":"https:\/\/cracpatrimoni.com\/wp-content\/uploads\/2019\/09\/miniatura-news-retallades-cultura.png","type":"image\/png"}],"author":"Ingrid Ferrer Homs","twitter_card":"summary_large_image","twitter_misc":{"Escrito por":"Ingrid Ferrer Homs"},"schema":{"@context":"https:\/\/schema.org","@graph":[{"@type":"Article","@id":"https:\/\/cracpatrimoni.com\/es\/manifiesto-ante-el-recorte-del-6-en-el-ambito-cultural\/#article","isPartOf":{"@id":"https:\/\/cracpatrimoni.com\/es\/manifiesto-ante-el-recorte-del-6-en-el-ambito-cultural\/"},"author":{"name":"Ingrid Ferrer Homs","@id":"https:\/\/cracpatrimoni.com\/es\/#\/schema\/person\/be5a2af72e5ad4df9b5b33a09cc0ef9d"},"headline":"Manifiesto ante el recorte del 6% en el \u00e1mbito cultural","datePublished":"2019-09-22T22:15:12+00:00","dateModified":"2023-01-09T14:08:07+00:00","mainEntityOfPage":{"@id":"https:\/\/cracpatrimoni.com\/es\/manifiesto-ante-el-recorte-del-6-en-el-ambito-cultural\/"},"wordCount":107,"publisher":{"@id":"https:\/\/cracpatrimoni.com\/es\/#organization"},"image":{"@id":"https:\/\/cracpatrimoni.com\/es\/manifiesto-ante-el-recorte-del-6-en-el-ambito-cultural\/#primaryimage"},"thumbnailUrl":"https:\/\/cracpatrimoni.com\/wp-content\/uploads\/2019\/09\/miniatura-news-retallades-cultura.png","articleSection":["Reuni\u00f3n t\u00e9cnica"],"inLanguage":"es"},{"@type":"WebPage","@id":"https:\/\/cracpatrimoni.com\/es\/manifiesto-ante-el-recorte-del-6-en-el-ambito-cultural\/","url":"https:\/\/cracpatrimoni.com\/es\/manifiesto-ante-el-recorte-del-6-en-el-ambito-cultural\/","name":"Manifiesto ante el recorte del 6% en el \u00e1mbito cultural - CRAC","isPartOf":{"@id":"https:\/\/cracpatrimoni.com\/es\/#website"},"primaryImageOfPage":{"@id":"https:\/\/cracpatrimoni.com\/es\/manifiesto-ante-el-recorte-del-6-en-el-ambito-cultural\/#primaryimage"},"image":{"@id":"https:\/\/cracpatrimoni.com\/es\/manifiesto-ante-el-recorte-del-6-en-el-ambito-cultural\/#primaryimage"},"thumbnailUrl":"https:\/\/cracpatrimoni.com\/wp-content\/uploads\/2019\/09\/miniatura-news-retallades-cultura.png","datePublished":"2019-09-22T22:15:12+00:00","dateModified":"2023-01-09T14:08:07+00:00","breadcrumb":{"@id":"https:\/\/cracpatrimoni.com\/es\/manifiesto-ante-el-recorte-del-6-en-el-ambito-cultural\/#breadcrumb"},"inLanguage":"es","potentialAction":[{"@type":"ReadAction","target":["https:\/\/cracpatrimoni.com\/es\/manifiesto-ante-el-recorte-del-6-en-el-ambito-cultural\/"]}]},{"@type":"ImageObject","inLanguage":"es","@id":"https:\/\/cracpatrimoni.com\/es\/manifiesto-ante-el-recorte-del-6-en-el-ambito-cultural\/#primaryimage","url":"https:\/\/cracpatrimoni.com\/wp-content\/uploads\/2019\/09\/miniatura-news-retallades-cultura.png","contentUrl":"https:\/\/cracpatrimoni.com\/wp-content\/uploads\/2019\/09\/miniatura-news-retallades-cultura.png","width":1000,"height":1000},{"@type":"BreadcrumbList","@id":"https:\/\/cracpatrimoni.com\/es\/manifiesto-ante-el-recorte-del-6-en-el-ambito-cultural\/#breadcrumb","itemListElement":[{"@type":"ListItem","position":1,"name":"Portada","item":"https:\/\/cracpatrimoni.com\/es\/"},{"@type":"ListItem","position":2,"name":"Manifiesto ante el recorte del 6% en el \u00e1mbito cultural"}]},{"@type":"WebSite","@id":"https:\/\/cracpatrimoni.com\/es\/#website","url":"https:\/\/cracpatrimoni.com\/es\/","name":"CRAC","description":"Conservadors restauradors associats de Catalunya","publisher":{"@id":"https:\/\/cracpatrimoni.com\/es\/#organization"},"potentialAction":[{"@type":"SearchAction","target":{"@type":"EntryPoint","urlTemplate":"https:\/\/cracpatrimoni.com\/es\/?s={search_term_string}"},"query-input":{"@type":"PropertyValueSpecification","valueRequired":true,"valueName":"search_term_string"}}],"inLanguage":"es"},{"@type":"Organization","@id":"https:\/\/cracpatrimoni.com\/es\/#organization","name":"CRAC","url":"https:\/\/cracpatrimoni.com\/es\/","logo":{"@type":"ImageObject","inLanguage":"es","@id":"https:\/\/cracpatrimoni.com\/es\/#\/schema\/logo\/image\/","url":"https:\/\/cracpatrimoni.com\/wp-content\/uploads\/2022\/11\/logocrac-1-1.png","contentUrl":"https:\/\/cracpatrimoni.com\/wp-content\/uploads\/2022\/11\/logocrac-1-1.png","width":384,"height":152,"caption":"CRAC"},"image":{"@id":"https:\/\/cracpatrimoni.com\/es\/#\/schema\/logo\/image\/"}},{"@type":"Person","@id":"https:\/\/cracpatrimoni.com\/es\/#\/schema\/person\/be5a2af72e5ad4df9b5b33a09cc0ef9d","name":"Ingrid Ferrer Homs","image":{"@type":"ImageObject","inLanguage":"es","@id":"https:\/\/secure.gravatar.com\/avatar\/93e98562c9a14b3ca456ad9f1aad2bddb77211fafffaeca30b5f801ccbf2ea3d?s=96&d=mm&r=g","url":"https:\/\/secure.gravatar.com\/avatar\/93e98562c9a14b3ca456ad9f1aad2bddb77211fafffaeca30b5f801ccbf2ea3d?s=96&d=mm&r=g","contentUrl":"https:\/\/secure.gravatar.com\/avatar\/93e98562c9a14b3ca456ad9f1aad2bddb77211fafffaeca30b5f801ccbf2ea3d?s=96&d=mm&r=g","caption":"Ingrid Ferrer Homs"},"url":"https:\/\/cracpatrimoni.com\/es\/author\/ingrid\/"}]}},"_links":{"self":[{"href":"https:\/\/cracpatrimoni.com\/es\/wp-json\/wp\/v2\/posts\/4564","targetHints":{"allow":["GET"]}}],"collection":[{"href":"https:\/\/cracpatrimoni.com\/es\/wp-json\/wp\/v2\/posts"}],"about":[{"href":"https:\/\/cracpatrimoni.com\/es\/wp-json\/wp\/v2\/types\/post"}],"author":[{"embeddable":true,"href":"https:\/\/cracpatrimoni.com\/es\/wp-json\/wp\/v2\/users\/2"}],"replies":[{"embeddable":true,"href":"https:\/\/cracpatrimoni.com\/es\/wp-json\/wp\/v2\/comments?post=4564"}],"version-history":[{"count":3,"href":"https:\/\/cracpatrimoni.com\/es\/wp-json\/wp\/v2\/posts\/4564\/revisions"}],"predecessor-version":[{"id":4758,"href":"https:\/\/cracpatrimoni.com\/es\/wp-json\/wp\/v2\/posts\/4564\/revisions\/4758"}],"wp:featuredmedia":[{"embeddable":true,"href":"https:\/\/cracpatrimoni.com\/es\/wp-json\/wp\/v2\/media\/3587"}],"wp:attachment":[{"href":"https:\/\/cracpatrimoni.com\/es\/wp-json\/wp\/v2\/media?parent=4564"}],"wp:term":[{"taxonomy":"category","embeddable":true,"href":"https:\/\/cracpatrimoni.com\/es\/wp-json\/wp\/v2\/categories?post=4564"},{"taxonomy":"post_tag","embeddable":true,"href":"https:\/\/cracpatrimoni.com\/es\/wp-json\/wp\/v2\/tags?post=4564"}],"curies":[{"name":"wp","href":"https:\/\/api.w.org\/{rel}","templated":true}]}}