{"id":4558,"date":"2020-01-21T21:37:13","date_gmt":"2020-01-21T21:37:13","guid":{"rendered":"http:\/\/cracpatrimoni.com\/crac-se-une-a-la-nueva-entidad-actua-cultura\/"},"modified":"2023-01-09T14:08:07","modified_gmt":"2023-01-09T14:08:07","slug":"crac-se-une-a-la-nueva-entidad-actua-cultura","status":"publish","type":"post","link":"https:\/\/cracpatrimoni.com\/es\/crac-se-une-a-la-nueva-entidad-actua-cultura\/","title":{"rendered":"CRAC se une a la nueva entidad Actua Cultura"},"content":{"rendered":"\n<hr class=\"wp-block-separator has-text-color has-alpha-channel-opacity has-background is-style-dots\" style=\"background-color:#f4f5f0;color:#f4f5f0\"\/>\n\n<div class=\"wp-block-columns is-layout-flex wp-container-core-columns-is-layout-28f84493 wp-block-columns-is-layout-flex\">\n<div class=\"wp-block-column is-layout-flow wp-block-column-is-layout-flow\">\n<p>El sector cultural catal\u00e1n se ha unido en un consenso hist\u00f3rico para reclamar al gobierno de Catalu\u00f1a que destine el 2% del presupuesto para la cultura.<\/p>\n\n\n\n<p><\/p>\n\n\n\n<p>El primero de los objetivos del grupo <a href=\"https:\/\/www.actuacultura.cat\/\" target=\"_blank\" rel=\"noreferrer noopener\"><strong>ACTUA CULTURA<\/strong><\/a> es que el presupuesto que el Gobierno de la Generalitat est\u00e1 elaborando dedique un <strong>2%<\/strong> del gasto a la cultura, de acuerdo con los est\u00e1ndares europeos y las promesas que se han hecho reiteradamente tanto desde los gobiernos como desde el Parlamento. De esta forma Actua Cultura 2% es un programa-agenda de acciones impulsado por las empresas culturales privadas, con voluntad de participaci\u00f3n abierta a todos los agentes culturales, p\u00fablicos y privados, para movilizarnos ante la necesidad urgente de un cambio de paradigma en el tratamiento que las instituciones, en concreto, el Gobierno de la Generalitat, realizan en su mirada hacia la cultura.<\/p>\n\n\n\n<p><\/p>\n\n\n\n<p>Desde CRAC hemos considerado imprescindible adherirnos a esta nueva entidad y decir &#8220;basta&#8221; por dignidad frente al 0,67% del presupuesto que se destina actualmente. A fecha de 15 de enero, somos ya 32 adheridos, entre entidades y particulares.<\/p>\n\n\n\n<p><\/p>\n\n\n\n<hr class=\"wp-block-separator has-text-color has-alpha-channel-opacity has-background is-style-dots\" style=\"background-color:#f4f5f0;color:#f4f5f0\"\/>\n\n\n\n<div data-wp-interactive=\"core\/file\" class=\"wp-block-file\"><object data-wp-bind--hidden=\"!state.hasPdfPreview\" hidden class=\"wp-block-file__embed\" data=\"https:\/\/cracpatrimoni.com\/wp-content\/uploads\/2022\/12\/2020_01ACTUACULTURA-2.pdf\" type=\"application\/pdf\" style=\"width:100%;height:600px\" aria-label=\"Incrustado de ACTUA CULTURA.\"><\/object><a id=\"wp-block-file--media-3554f6dc-5b29-452f-90b4-5216822ce68e\" href=\"https:\/\/cracpatrimoni.com\/wp-content\/uploads\/2022\/12\/2020_01ACTUACULTURA-2.pdf\">ACTUA CULTURA<\/a><a href=\"https:\/\/cracpatrimoni.com\/wp-content\/uploads\/2022\/12\/2020_01ACTUACULTURA-2.pdf\" class=\"wp-block-file__button wp-element-button\" download=\"\" aria-describedby=\"wp-block-file--media-3554f6dc-5b29-452f-90b4-5216822ce68e\"><strong>Descarga<\/strong><\/a><\/div>\n\n\n\n<div class=\"wp-block-buttons is-content-justification-center is-layout-flex wp-container-core-buttons-is-layout-a89b3969 wp-block-buttons-is-layout-flex\"><\/div>\n<\/div>\n<\/div>\n","protected":false},"excerpt":{"rendered":"<p>El sector cultural catal\u00e1n se ha unido en un consenso hist\u00f3rico para reclamar al gobierno de Catalu\u00f1a que destine el 2% del presupuesto para la cultura. El primero de los objetivos del grupo ACTUA CULTURA es que el presupuesto que el Gobierno de la Generalitat est\u00e1 elaborando dedique un 2% del gasto a la cultura, [&hellip;]<\/p>\n","protected":false},"author":2,"featured_media":3575,"comment_status":"closed","ping_status":"open","sticky":false,"template":"","format":"standard","meta":{"_acf_changed":false,"footnotes":""},"categories":[39],"tags":[],"class_list":["post-4558","post","type-post","status-publish","format-standard","has-post-thumbnail","hentry","category-reunion-tecnica"],"acf":[],"yoast_head":"<!-- This site is optimized with the Yoast SEO plugin v27.5 - https:\/\/yoast.com\/product\/yoast-seo-wordpress\/ -->\n<title>CRAC se une a la nueva entidad Actua Cultura - CRAC<\/title>\n<meta name=\"robots\" content=\"index, follow, max-snippet:-1, max-image-preview:large, max-video-preview:-1\" \/>\n<link rel=\"canonical\" href=\"https:\/\/cracpatrimoni.com\/es\/crac-se-une-a-la-nueva-entidad-actua-cultura\/\" \/>\n<meta property=\"og:locale\" content=\"es_ES\" \/>\n<meta property=\"og:type\" content=\"article\" \/>\n<meta property=\"og:title\" content=\"CRAC se une a la nueva entidad Actua Cultura - CRAC\" \/>\n<meta property=\"og:description\" content=\"El sector cultural catal\u00e1n se ha unido en un consenso hist\u00f3rico para reclamar al gobierno de Catalu\u00f1a que destine el 2% del presupuesto para la cultura. El primero de los objetivos del grupo ACTUA CULTURA es que el presupuesto que el Gobierno de la Generalitat est\u00e1 elaborando dedique un 2% del gasto a la cultura, [&hellip;]\" \/>\n<meta property=\"og:url\" content=\"https:\/\/cracpatrimoni.com\/es\/crac-se-une-a-la-nueva-entidad-actua-cultura\/\" \/>\n<meta property=\"og:site_name\" content=\"CRAC\" \/>\n<meta property=\"article:published_time\" content=\"2020-01-21T21:37:13+00:00\" \/>\n<meta property=\"article:modified_time\" content=\"2023-01-09T14:08:07+00:00\" \/>\n<meta property=\"og:image\" content=\"https:\/\/cracpatrimoni.com\/wp-content\/uploads\/2020\/01\/miniatura-news-actua-cultura.png\" \/>\n\t<meta property=\"og:image:width\" content=\"800\" \/>\n\t<meta property=\"og:image:height\" content=\"800\" \/>\n\t<meta property=\"og:image:type\" content=\"image\/png\" \/>\n<meta name=\"author\" content=\"Ingrid Ferrer Homs\" \/>\n<meta name=\"twitter:card\" content=\"summary_large_image\" \/>\n<meta name=\"twitter:label1\" content=\"Escrito por\" \/>\n\t<meta name=\"twitter:data1\" content=\"Ingrid Ferrer Homs\" \/>\n\t<meta name=\"twitter:label2\" content=\"Tiempo de lectura\" \/>\n\t<meta name=\"twitter:data2\" content=\"1 minuto\" \/>\n<script type=\"application\/ld+json\" class=\"yoast-schema-graph\">{\"@context\":\"https:\\\/\\\/schema.org\",\"@graph\":[{\"@type\":\"Article\",\"@id\":\"https:\\\/\\\/cracpatrimoni.com\\\/es\\\/crac-se-une-a-la-nueva-entidad-actua-cultura\\\/#article\",\"isPartOf\":{\"@id\":\"https:\\\/\\\/cracpatrimoni.com\\\/es\\\/crac-se-une-a-la-nueva-entidad-actua-cultura\\\/\"},\"author\":{\"name\":\"Ingrid Ferrer Homs\",\"@id\":\"https:\\\/\\\/cracpatrimoni.com\\\/es\\\/#\\\/schema\\\/person\\\/be5a2af72e5ad4df9b5b33a09cc0ef9d\"},\"headline\":\"CRAC se une a la nueva entidad Actua Cultura\",\"datePublished\":\"2020-01-21T21:37:13+00:00\",\"dateModified\":\"2023-01-09T14:08:07+00:00\",\"mainEntityOfPage\":{\"@id\":\"https:\\\/\\\/cracpatrimoni.com\\\/es\\\/crac-se-une-a-la-nueva-entidad-actua-cultura\\\/\"},\"wordCount\":188,\"publisher\":{\"@id\":\"https:\\\/\\\/cracpatrimoni.com\\\/es\\\/#organization\"},\"image\":{\"@id\":\"https:\\\/\\\/cracpatrimoni.com\\\/es\\\/crac-se-une-a-la-nueva-entidad-actua-cultura\\\/#primaryimage\"},\"thumbnailUrl\":\"https:\\\/\\\/cracpatrimoni.com\\\/wp-content\\\/uploads\\\/2020\\\/01\\\/miniatura-news-actua-cultura.png\",\"articleSection\":[\"Reuni\u00f3n t\u00e9cnica\"],\"inLanguage\":\"es\"},{\"@type\":\"WebPage\",\"@id\":\"https:\\\/\\\/cracpatrimoni.com\\\/es\\\/crac-se-une-a-la-nueva-entidad-actua-cultura\\\/\",\"url\":\"https:\\\/\\\/cracpatrimoni.com\\\/es\\\/crac-se-une-a-la-nueva-entidad-actua-cultura\\\/\",\"name\":\"CRAC se une a la nueva entidad Actua Cultura - CRAC\",\"isPartOf\":{\"@id\":\"https:\\\/\\\/cracpatrimoni.com\\\/es\\\/#website\"},\"primaryImageOfPage\":{\"@id\":\"https:\\\/\\\/cracpatrimoni.com\\\/es\\\/crac-se-une-a-la-nueva-entidad-actua-cultura\\\/#primaryimage\"},\"image\":{\"@id\":\"https:\\\/\\\/cracpatrimoni.com\\\/es\\\/crac-se-une-a-la-nueva-entidad-actua-cultura\\\/#primaryimage\"},\"thumbnailUrl\":\"https:\\\/\\\/cracpatrimoni.com\\\/wp-content\\\/uploads\\\/2020\\\/01\\\/miniatura-news-actua-cultura.png\",\"datePublished\":\"2020-01-21T21:37:13+00:00\",\"dateModified\":\"2023-01-09T14:08:07+00:00\",\"breadcrumb\":{\"@id\":\"https:\\\/\\\/cracpatrimoni.com\\\/es\\\/crac-se-une-a-la-nueva-entidad-actua-cultura\\\/#breadcrumb\"},\"inLanguage\":\"es\",\"potentialAction\":[{\"@type\":\"ReadAction\",\"target\":[\"https:\\\/\\\/cracpatrimoni.com\\\/es\\\/crac-se-une-a-la-nueva-entidad-actua-cultura\\\/\"]}]},{\"@type\":\"ImageObject\",\"inLanguage\":\"es\",\"@id\":\"https:\\\/\\\/cracpatrimoni.com\\\/es\\\/crac-se-une-a-la-nueva-entidad-actua-cultura\\\/#primaryimage\",\"url\":\"https:\\\/\\\/cracpatrimoni.com\\\/wp-content\\\/uploads\\\/2020\\\/01\\\/miniatura-news-actua-cultura.png\",\"contentUrl\":\"https:\\\/\\\/cracpatrimoni.com\\\/wp-content\\\/uploads\\\/2020\\\/01\\\/miniatura-news-actua-cultura.png\",\"width\":1000,\"height\":1000},{\"@type\":\"BreadcrumbList\",\"@id\":\"https:\\\/\\\/cracpatrimoni.com\\\/es\\\/crac-se-une-a-la-nueva-entidad-actua-cultura\\\/#breadcrumb\",\"itemListElement\":[{\"@type\":\"ListItem\",\"position\":1,\"name\":\"Portada\",\"item\":\"https:\\\/\\\/cracpatrimoni.com\\\/es\\\/\"},{\"@type\":\"ListItem\",\"position\":2,\"name\":\"CRAC se une a la nueva entidad Actua Cultura\"}]},{\"@type\":\"WebSite\",\"@id\":\"https:\\\/\\\/cracpatrimoni.com\\\/es\\\/#website\",\"url\":\"https:\\\/\\\/cracpatrimoni.com\\\/es\\\/\",\"name\":\"CRAC\",\"description\":\"Conservadors restauradors associats de Catalunya\",\"publisher\":{\"@id\":\"https:\\\/\\\/cracpatrimoni.com\\\/es\\\/#organization\"},\"potentialAction\":[{\"@type\":\"SearchAction\",\"target\":{\"@type\":\"EntryPoint\",\"urlTemplate\":\"https:\\\/\\\/cracpatrimoni.com\\\/es\\\/?s={search_term_string}\"},\"query-input\":{\"@type\":\"PropertyValueSpecification\",\"valueRequired\":true,\"valueName\":\"search_term_string\"}}],\"inLanguage\":\"es\"},{\"@type\":\"Organization\",\"@id\":\"https:\\\/\\\/cracpatrimoni.com\\\/es\\\/#organization\",\"name\":\"CRAC\",\"url\":\"https:\\\/\\\/cracpatrimoni.com\\\/es\\\/\",\"logo\":{\"@type\":\"ImageObject\",\"inLanguage\":\"es\",\"@id\":\"https:\\\/\\\/cracpatrimoni.com\\\/es\\\/#\\\/schema\\\/logo\\\/image\\\/\",\"url\":\"https:\\\/\\\/cracpatrimoni.com\\\/wp-content\\\/uploads\\\/2022\\\/11\\\/logocrac-1-1.png\",\"contentUrl\":\"https:\\\/\\\/cracpatrimoni.com\\\/wp-content\\\/uploads\\\/2022\\\/11\\\/logocrac-1-1.png\",\"width\":384,\"height\":152,\"caption\":\"CRAC\"},\"image\":{\"@id\":\"https:\\\/\\\/cracpatrimoni.com\\\/es\\\/#\\\/schema\\\/logo\\\/image\\\/\"}},{\"@type\":\"Person\",\"@id\":\"https:\\\/\\\/cracpatrimoni.com\\\/es\\\/#\\\/schema\\\/person\\\/be5a2af72e5ad4df9b5b33a09cc0ef9d\",\"name\":\"Ingrid Ferrer Homs\",\"image\":{\"@type\":\"ImageObject\",\"inLanguage\":\"es\",\"@id\":\"https:\\\/\\\/secure.gravatar.com\\\/avatar\\\/93e98562c9a14b3ca456ad9f1aad2bddb77211fafffaeca30b5f801ccbf2ea3d?s=96&d=mm&r=g\",\"url\":\"https:\\\/\\\/secure.gravatar.com\\\/avatar\\\/93e98562c9a14b3ca456ad9f1aad2bddb77211fafffaeca30b5f801ccbf2ea3d?s=96&d=mm&r=g\",\"contentUrl\":\"https:\\\/\\\/secure.gravatar.com\\\/avatar\\\/93e98562c9a14b3ca456ad9f1aad2bddb77211fafffaeca30b5f801ccbf2ea3d?s=96&d=mm&r=g\",\"caption\":\"Ingrid Ferrer Homs\"},\"url\":\"https:\\\/\\\/cracpatrimoni.com\\\/es\\\/author\\\/ingrid\\\/\"}]}<\/script>\n<!-- \/ Yoast SEO plugin. -->","yoast_head_json":{"title":"CRAC se une a la nueva entidad Actua Cultura - CRAC","robots":{"index":"index","follow":"follow","max-snippet":"max-snippet:-1","max-image-preview":"max-image-preview:large","max-video-preview":"max-video-preview:-1"},"canonical":"https:\/\/cracpatrimoni.com\/es\/crac-se-une-a-la-nueva-entidad-actua-cultura\/","og_locale":"es_ES","og_type":"article","og_title":"CRAC se une a la nueva entidad Actua Cultura - CRAC","og_description":"El sector cultural catal\u00e1n se ha unido en un consenso hist\u00f3rico para reclamar al gobierno de Catalu\u00f1a que destine el 2% del presupuesto para la cultura. El primero de los objetivos del grupo ACTUA CULTURA es que el presupuesto que el Gobierno de la Generalitat est\u00e1 elaborando dedique un 2% del gasto a la cultura, [&hellip;]","og_url":"https:\/\/cracpatrimoni.com\/es\/crac-se-une-a-la-nueva-entidad-actua-cultura\/","og_site_name":"CRAC","article_published_time":"2020-01-21T21:37:13+00:00","article_modified_time":"2023-01-09T14:08:07+00:00","og_image":[{"url":"https:\/\/cracpatrimoni.com\/wp-content\/uploads\/2020\/01\/miniatura-news-actua-cultura.png","width":800,"height":800,"type":"image\/png"}],"author":"Ingrid Ferrer Homs","twitter_card":"summary_large_image","twitter_misc":{"Escrito por":"Ingrid Ferrer Homs","Tiempo de lectura":"1 minuto"},"schema":{"@context":"https:\/\/schema.org","@graph":[{"@type":"Article","@id":"https:\/\/cracpatrimoni.com\/es\/crac-se-une-a-la-nueva-entidad-actua-cultura\/#article","isPartOf":{"@id":"https:\/\/cracpatrimoni.com\/es\/crac-se-une-a-la-nueva-entidad-actua-cultura\/"},"author":{"name":"Ingrid Ferrer Homs","@id":"https:\/\/cracpatrimoni.com\/es\/#\/schema\/person\/be5a2af72e5ad4df9b5b33a09cc0ef9d"},"headline":"CRAC se une a la nueva entidad Actua Cultura","datePublished":"2020-01-21T21:37:13+00:00","dateModified":"2023-01-09T14:08:07+00:00","mainEntityOfPage":{"@id":"https:\/\/cracpatrimoni.com\/es\/crac-se-une-a-la-nueva-entidad-actua-cultura\/"},"wordCount":188,"publisher":{"@id":"https:\/\/cracpatrimoni.com\/es\/#organization"},"image":{"@id":"https:\/\/cracpatrimoni.com\/es\/crac-se-une-a-la-nueva-entidad-actua-cultura\/#primaryimage"},"thumbnailUrl":"https:\/\/cracpatrimoni.com\/wp-content\/uploads\/2020\/01\/miniatura-news-actua-cultura.png","articleSection":["Reuni\u00f3n t\u00e9cnica"],"inLanguage":"es"},{"@type":"WebPage","@id":"https:\/\/cracpatrimoni.com\/es\/crac-se-une-a-la-nueva-entidad-actua-cultura\/","url":"https:\/\/cracpatrimoni.com\/es\/crac-se-une-a-la-nueva-entidad-actua-cultura\/","name":"CRAC se une a la nueva entidad Actua Cultura - CRAC","isPartOf":{"@id":"https:\/\/cracpatrimoni.com\/es\/#website"},"primaryImageOfPage":{"@id":"https:\/\/cracpatrimoni.com\/es\/crac-se-une-a-la-nueva-entidad-actua-cultura\/#primaryimage"},"image":{"@id":"https:\/\/cracpatrimoni.com\/es\/crac-se-une-a-la-nueva-entidad-actua-cultura\/#primaryimage"},"thumbnailUrl":"https:\/\/cracpatrimoni.com\/wp-content\/uploads\/2020\/01\/miniatura-news-actua-cultura.png","datePublished":"2020-01-21T21:37:13+00:00","dateModified":"2023-01-09T14:08:07+00:00","breadcrumb":{"@id":"https:\/\/cracpatrimoni.com\/es\/crac-se-une-a-la-nueva-entidad-actua-cultura\/#breadcrumb"},"inLanguage":"es","potentialAction":[{"@type":"ReadAction","target":["https:\/\/cracpatrimoni.com\/es\/crac-se-une-a-la-nueva-entidad-actua-cultura\/"]}]},{"@type":"ImageObject","inLanguage":"es","@id":"https:\/\/cracpatrimoni.com\/es\/crac-se-une-a-la-nueva-entidad-actua-cultura\/#primaryimage","url":"https:\/\/cracpatrimoni.com\/wp-content\/uploads\/2020\/01\/miniatura-news-actua-cultura.png","contentUrl":"https:\/\/cracpatrimoni.com\/wp-content\/uploads\/2020\/01\/miniatura-news-actua-cultura.png","width":1000,"height":1000},{"@type":"BreadcrumbList","@id":"https:\/\/cracpatrimoni.com\/es\/crac-se-une-a-la-nueva-entidad-actua-cultura\/#breadcrumb","itemListElement":[{"@type":"ListItem","position":1,"name":"Portada","item":"https:\/\/cracpatrimoni.com\/es\/"},{"@type":"ListItem","position":2,"name":"CRAC se une a la nueva entidad Actua Cultura"}]},{"@type":"WebSite","@id":"https:\/\/cracpatrimoni.com\/es\/#website","url":"https:\/\/cracpatrimoni.com\/es\/","name":"CRAC","description":"Conservadors restauradors associats de Catalunya","publisher":{"@id":"https:\/\/cracpatrimoni.com\/es\/#organization"},"potentialAction":[{"@type":"SearchAction","target":{"@type":"EntryPoint","urlTemplate":"https:\/\/cracpatrimoni.com\/es\/?s={search_term_string}"},"query-input":{"@type":"PropertyValueSpecification","valueRequired":true,"valueName":"search_term_string"}}],"inLanguage":"es"},{"@type":"Organization","@id":"https:\/\/cracpatrimoni.com\/es\/#organization","name":"CRAC","url":"https:\/\/cracpatrimoni.com\/es\/","logo":{"@type":"ImageObject","inLanguage":"es","@id":"https:\/\/cracpatrimoni.com\/es\/#\/schema\/logo\/image\/","url":"https:\/\/cracpatrimoni.com\/wp-content\/uploads\/2022\/11\/logocrac-1-1.png","contentUrl":"https:\/\/cracpatrimoni.com\/wp-content\/uploads\/2022\/11\/logocrac-1-1.png","width":384,"height":152,"caption":"CRAC"},"image":{"@id":"https:\/\/cracpatrimoni.com\/es\/#\/schema\/logo\/image\/"}},{"@type":"Person","@id":"https:\/\/cracpatrimoni.com\/es\/#\/schema\/person\/be5a2af72e5ad4df9b5b33a09cc0ef9d","name":"Ingrid Ferrer Homs","image":{"@type":"ImageObject","inLanguage":"es","@id":"https:\/\/secure.gravatar.com\/avatar\/93e98562c9a14b3ca456ad9f1aad2bddb77211fafffaeca30b5f801ccbf2ea3d?s=96&d=mm&r=g","url":"https:\/\/secure.gravatar.com\/avatar\/93e98562c9a14b3ca456ad9f1aad2bddb77211fafffaeca30b5f801ccbf2ea3d?s=96&d=mm&r=g","contentUrl":"https:\/\/secure.gravatar.com\/avatar\/93e98562c9a14b3ca456ad9f1aad2bddb77211fafffaeca30b5f801ccbf2ea3d?s=96&d=mm&r=g","caption":"Ingrid Ferrer Homs"},"url":"https:\/\/cracpatrimoni.com\/es\/author\/ingrid\/"}]}},"_links":{"self":[{"href":"https:\/\/cracpatrimoni.com\/es\/wp-json\/wp\/v2\/posts\/4558","targetHints":{"allow":["GET"]}}],"collection":[{"href":"https:\/\/cracpatrimoni.com\/es\/wp-json\/wp\/v2\/posts"}],"about":[{"href":"https:\/\/cracpatrimoni.com\/es\/wp-json\/wp\/v2\/types\/post"}],"author":[{"embeddable":true,"href":"https:\/\/cracpatrimoni.com\/es\/wp-json\/wp\/v2\/users\/2"}],"replies":[{"embeddable":true,"href":"https:\/\/cracpatrimoni.com\/es\/wp-json\/wp\/v2\/comments?post=4558"}],"version-history":[{"count":3,"href":"https:\/\/cracpatrimoni.com\/es\/wp-json\/wp\/v2\/posts\/4558\/revisions"}],"predecessor-version":[{"id":4738,"href":"https:\/\/cracpatrimoni.com\/es\/wp-json\/wp\/v2\/posts\/4558\/revisions\/4738"}],"wp:featuredmedia":[{"embeddable":true,"href":"https:\/\/cracpatrimoni.com\/es\/wp-json\/wp\/v2\/media\/3575"}],"wp:attachment":[{"href":"https:\/\/cracpatrimoni.com\/es\/wp-json\/wp\/v2\/media?parent=4558"}],"wp:term":[{"taxonomy":"category","embeddable":true,"href":"https:\/\/cracpatrimoni.com\/es\/wp-json\/wp\/v2\/categories?post=4558"},{"taxonomy":"post_tag","embeddable":true,"href":"https:\/\/cracpatrimoni.com\/es\/wp-json\/wp\/v2\/tags?post=4558"}],"curies":[{"name":"wp","href":"https:\/\/api.w.org\/{rel}","templated":true}]}}