{"id":4554,"date":"2020-03-18T21:19:13","date_gmt":"2020-03-18T21:19:13","guid":{"rendered":"http:\/\/cracpatrimoni.com\/medidas-para-pymes-y-profesionales-autonomos-de-la-conservacion-restauracion-ante-la-crisis-del-covid-19\/"},"modified":"2023-01-09T14:08:08","modified_gmt":"2023-01-09T14:08:08","slug":"medidas-para-pymes-y-profesionales-autonomos-de-la-conservacion-restauracion-ante-la-crisis-del-covid-19","status":"publish","type":"post","link":"https:\/\/cracpatrimoni.com\/es\/medidas-para-pymes-y-profesionales-autonomos-de-la-conservacion-restauracion-ante-la-crisis-del-covid-19\/","title":{"rendered":"Medidas para pymes y profesionales aut\u00f3nomos de la conservaci\u00f3n-restauraci\u00f3n ante la crisis del COVID-19"},"content":{"rendered":"\n<hr class=\"wp-block-separator has-text-color has-alpha-channel-opacity has-background is-style-dots\" style=\"background-color:#f4f5f0;color:#f4f5f0\"\/>\n\n<div class=\"wp-block-columns is-layout-flex wp-container-core-columns-is-layout-28f84493 wp-block-columns-is-layout-flex\">\n<div class=\"wp-block-column is-layout-flow wp-block-column-is-layout-flow\">\n<p>Vistas las medidas aprobadas ayer martes 17 de marzo de 2020 para ayudar a los trabajadores aut\u00f3nomos afectados por la crisis derivada del coronavirus COVID-19, el colectivo de conservadores-restauradores nos pronunciamos para realizar una petici\u00f3n conjunta a trav\u00e9s de la Plataforma de Asociaciones Profesionales de la Conservaci\u00f3n-Restauraci\u00f3n de Espa\u00f1a (PAPCRE) integrada, hasta ahora, por seis asociaciones representativas del \u00e1mbito de la Conservaci\u00f3n-Restauraci\u00f3n. <\/p>\n\n\n\n<p>A trav\u00e9s de este documento, nos gustar\u00eda transmitir al Ministerio de Cultura y Deporte de Espa\u00f1a algunas propuestas del sector frente a las consecuencias del COVID-19. <\/p>\n\n\n\n<hr class=\"wp-block-separator has-text-color has-alpha-channel-opacity has-background is-style-dots\" style=\"background-color:#f4f5f0;color:#f4f5f0\"\/>\n\n\n\n<div data-wp-interactive=\"core\/file\" class=\"wp-block-file\"><object data-wp-bind--hidden=\"!state.hasPdfPreview\" hidden class=\"wp-block-file__embed\" data=\"https:\/\/cracpatrimoni.com\/wp-content\/uploads\/2022\/12\/2020_03_medidas.covid_.pdf\" type=\"application\/pdf\" style=\"width:100%;height:600px\" aria-label=\"Incrustado de Mesures pimes i aut\u00f2noms pel COVID19.\"><\/object><a id=\"wp-block-file--media-302fde81-e54c-4de1-9c50-99452502c27a\" href=\"https:\/\/cracpatrimoni.com\/wp-content\/uploads\/2022\/12\/2020_03_medidas.covid_.pdf\">Medidas pymes y aut\u00f3nomos COVID19<\/a><a href=\"https:\/\/cracpatrimoni.com\/wp-content\/uploads\/2022\/12\/2020_03_medidas.covid_.pdf\" class=\"wp-block-file__button wp-element-button\" download=\"\" aria-describedby=\"wp-block-file--media-302fde81-e54c-4de1-9c50-99452502c27a\"><strong>Descarga<\/strong><\/a><\/div>\n\n\n\n<div class=\"wp-block-buttons is-content-justification-center is-layout-flex wp-container-core-buttons-is-layout-a89b3969 wp-block-buttons-is-layout-flex\"><\/div>\n<\/div>\n<\/div>\n","protected":false},"excerpt":{"rendered":"<p>Vistas las medidas aprobadas ayer martes 17 de marzo de 2020 para ayudar a los trabajadores aut\u00f3nomos afectados por la crisis derivada del coronavirus COVID-19, el colectivo de conservadores-restauradores nos pronunciamos para realizar una petici\u00f3n conjunta a trav\u00e9s de la Plataforma de Asociaciones Profesionales de la Conservaci\u00f3n-Restauraci\u00f3n de Espa\u00f1a (PAPCRE) integrada, hasta ahora, por seis [&hellip;]<\/p>\n","protected":false},"author":2,"featured_media":3570,"comment_status":"closed","ping_status":"open","sticky":false,"template":"","format":"standard","meta":{"_acf_changed":false,"footnotes":""},"categories":[39],"tags":[],"class_list":["post-4554","post","type-post","status-publish","format-standard","has-post-thumbnail","hentry","category-reunion-tecnica"],"acf":[],"yoast_head":"<!-- This site is optimized with the Yoast SEO plugin v27.5 - https:\/\/yoast.com\/product\/yoast-seo-wordpress\/ -->\n<title>Medidas para pymes y profesionales aut\u00f3nomos de la conservaci\u00f3n-restauraci\u00f3n ante la crisis del COVID-19 - CRAC<\/title>\n<meta name=\"robots\" content=\"index, follow, max-snippet:-1, max-image-preview:large, max-video-preview:-1\" \/>\n<link rel=\"canonical\" href=\"https:\/\/cracpatrimoni.com\/es\/medidas-para-pymes-y-profesionales-autonomos-de-la-conservacion-restauracion-ante-la-crisis-del-covid-19\/\" \/>\n<meta property=\"og:locale\" content=\"es_ES\" \/>\n<meta property=\"og:type\" content=\"article\" \/>\n<meta property=\"og:title\" content=\"Medidas para pymes y profesionales aut\u00f3nomos de la conservaci\u00f3n-restauraci\u00f3n ante la crisis del COVID-19 - CRAC\" \/>\n<meta property=\"og:description\" content=\"Vistas las medidas aprobadas ayer martes 17 de marzo de 2020 para ayudar a los trabajadores aut\u00f3nomos afectados por la crisis derivada del coronavirus COVID-19, el colectivo de conservadores-restauradores nos pronunciamos para realizar una petici\u00f3n conjunta a trav\u00e9s de la Plataforma de Asociaciones Profesionales de la Conservaci\u00f3n-Restauraci\u00f3n de Espa\u00f1a (PAPCRE) integrada, hasta ahora, por seis [&hellip;]\" \/>\n<meta property=\"og:url\" content=\"https:\/\/cracpatrimoni.com\/es\/medidas-para-pymes-y-profesionales-autonomos-de-la-conservacion-restauracion-ante-la-crisis-del-covid-19\/\" \/>\n<meta property=\"og:site_name\" content=\"CRAC\" \/>\n<meta property=\"article:published_time\" content=\"2020-03-18T21:19:13+00:00\" \/>\n<meta property=\"article:modified_time\" content=\"2023-01-09T14:08:08+00:00\" \/>\n<meta property=\"og:image\" content=\"https:\/\/cracpatrimoni.com\/wp-content\/uploads\/2022\/12\/miniatura-news-mesures.png\" \/>\n\t<meta property=\"og:image:width\" content=\"800\" \/>\n\t<meta property=\"og:image:height\" content=\"800\" \/>\n\t<meta property=\"og:image:type\" content=\"image\/png\" \/>\n<meta name=\"author\" content=\"Ingrid Ferrer Homs\" \/>\n<meta name=\"twitter:card\" content=\"summary_large_image\" \/>\n<meta name=\"twitter:label1\" content=\"Escrito por\" \/>\n\t<meta name=\"twitter:data1\" content=\"Ingrid Ferrer Homs\" \/>\n\t<meta name=\"twitter:label2\" content=\"Tiempo de lectura\" \/>\n\t<meta name=\"twitter:data2\" content=\"1 minuto\" \/>\n<script type=\"application\/ld+json\" class=\"yoast-schema-graph\">{\"@context\":\"https:\\\/\\\/schema.org\",\"@graph\":[{\"@type\":\"Article\",\"@id\":\"https:\\\/\\\/cracpatrimoni.com\\\/es\\\/medidas-para-pymes-y-profesionales-autonomos-de-la-conservacion-restauracion-ante-la-crisis-del-covid-19\\\/#article\",\"isPartOf\":{\"@id\":\"https:\\\/\\\/cracpatrimoni.com\\\/es\\\/medidas-para-pymes-y-profesionales-autonomos-de-la-conservacion-restauracion-ante-la-crisis-del-covid-19\\\/\"},\"author\":{\"name\":\"Ingrid Ferrer Homs\",\"@id\":\"https:\\\/\\\/cracpatrimoni.com\\\/es\\\/#\\\/schema\\\/person\\\/be5a2af72e5ad4df9b5b33a09cc0ef9d\"},\"headline\":\"Medidas para pymes y profesionales aut\u00f3nomos de la conservaci\u00f3n-restauraci\u00f3n ante la crisis del COVID-19\",\"datePublished\":\"2020-03-18T21:19:13+00:00\",\"dateModified\":\"2023-01-09T14:08:08+00:00\",\"mainEntityOfPage\":{\"@id\":\"https:\\\/\\\/cracpatrimoni.com\\\/es\\\/medidas-para-pymes-y-profesionales-autonomos-de-la-conservacion-restauracion-ante-la-crisis-del-covid-19\\\/\"},\"wordCount\":121,\"publisher\":{\"@id\":\"https:\\\/\\\/cracpatrimoni.com\\\/es\\\/#organization\"},\"image\":{\"@id\":\"https:\\\/\\\/cracpatrimoni.com\\\/es\\\/medidas-para-pymes-y-profesionales-autonomos-de-la-conservacion-restauracion-ante-la-crisis-del-covid-19\\\/#primaryimage\"},\"thumbnailUrl\":\"https:\\\/\\\/cracpatrimoni.com\\\/wp-content\\\/uploads\\\/2022\\\/12\\\/miniatura-news-mesures.png\",\"articleSection\":[\"Reuni\u00f3n t\u00e9cnica\"],\"inLanguage\":\"es\"},{\"@type\":\"WebPage\",\"@id\":\"https:\\\/\\\/cracpatrimoni.com\\\/es\\\/medidas-para-pymes-y-profesionales-autonomos-de-la-conservacion-restauracion-ante-la-crisis-del-covid-19\\\/\",\"url\":\"https:\\\/\\\/cracpatrimoni.com\\\/es\\\/medidas-para-pymes-y-profesionales-autonomos-de-la-conservacion-restauracion-ante-la-crisis-del-covid-19\\\/\",\"name\":\"Medidas para pymes y profesionales aut\u00f3nomos de la conservaci\u00f3n-restauraci\u00f3n ante la crisis del COVID-19 - CRAC\",\"isPartOf\":{\"@id\":\"https:\\\/\\\/cracpatrimoni.com\\\/es\\\/#website\"},\"primaryImageOfPage\":{\"@id\":\"https:\\\/\\\/cracpatrimoni.com\\\/es\\\/medidas-para-pymes-y-profesionales-autonomos-de-la-conservacion-restauracion-ante-la-crisis-del-covid-19\\\/#primaryimage\"},\"image\":{\"@id\":\"https:\\\/\\\/cracpatrimoni.com\\\/es\\\/medidas-para-pymes-y-profesionales-autonomos-de-la-conservacion-restauracion-ante-la-crisis-del-covid-19\\\/#primaryimage\"},\"thumbnailUrl\":\"https:\\\/\\\/cracpatrimoni.com\\\/wp-content\\\/uploads\\\/2022\\\/12\\\/miniatura-news-mesures.png\",\"datePublished\":\"2020-03-18T21:19:13+00:00\",\"dateModified\":\"2023-01-09T14:08:08+00:00\",\"breadcrumb\":{\"@id\":\"https:\\\/\\\/cracpatrimoni.com\\\/es\\\/medidas-para-pymes-y-profesionales-autonomos-de-la-conservacion-restauracion-ante-la-crisis-del-covid-19\\\/#breadcrumb\"},\"inLanguage\":\"es\",\"potentialAction\":[{\"@type\":\"ReadAction\",\"target\":[\"https:\\\/\\\/cracpatrimoni.com\\\/es\\\/medidas-para-pymes-y-profesionales-autonomos-de-la-conservacion-restauracion-ante-la-crisis-del-covid-19\\\/\"]}]},{\"@type\":\"ImageObject\",\"inLanguage\":\"es\",\"@id\":\"https:\\\/\\\/cracpatrimoni.com\\\/es\\\/medidas-para-pymes-y-profesionales-autonomos-de-la-conservacion-restauracion-ante-la-crisis-del-covid-19\\\/#primaryimage\",\"url\":\"https:\\\/\\\/cracpatrimoni.com\\\/wp-content\\\/uploads\\\/2022\\\/12\\\/miniatura-news-mesures.png\",\"contentUrl\":\"https:\\\/\\\/cracpatrimoni.com\\\/wp-content\\\/uploads\\\/2022\\\/12\\\/miniatura-news-mesures.png\",\"width\":1000,\"height\":1000},{\"@type\":\"BreadcrumbList\",\"@id\":\"https:\\\/\\\/cracpatrimoni.com\\\/es\\\/medidas-para-pymes-y-profesionales-autonomos-de-la-conservacion-restauracion-ante-la-crisis-del-covid-19\\\/#breadcrumb\",\"itemListElement\":[{\"@type\":\"ListItem\",\"position\":1,\"name\":\"Portada\",\"item\":\"https:\\\/\\\/cracpatrimoni.com\\\/es\\\/\"},{\"@type\":\"ListItem\",\"position\":2,\"name\":\"Medidas para pymes y profesionales aut\u00f3nomos de la conservaci\u00f3n-restauraci\u00f3n ante la crisis del COVID-19\"}]},{\"@type\":\"WebSite\",\"@id\":\"https:\\\/\\\/cracpatrimoni.com\\\/es\\\/#website\",\"url\":\"https:\\\/\\\/cracpatrimoni.com\\\/es\\\/\",\"name\":\"CRAC\",\"description\":\"Conservadors restauradors associats de Catalunya\",\"publisher\":{\"@id\":\"https:\\\/\\\/cracpatrimoni.com\\\/es\\\/#organization\"},\"potentialAction\":[{\"@type\":\"SearchAction\",\"target\":{\"@type\":\"EntryPoint\",\"urlTemplate\":\"https:\\\/\\\/cracpatrimoni.com\\\/es\\\/?s={search_term_string}\"},\"query-input\":{\"@type\":\"PropertyValueSpecification\",\"valueRequired\":true,\"valueName\":\"search_term_string\"}}],\"inLanguage\":\"es\"},{\"@type\":\"Organization\",\"@id\":\"https:\\\/\\\/cracpatrimoni.com\\\/es\\\/#organization\",\"name\":\"CRAC\",\"url\":\"https:\\\/\\\/cracpatrimoni.com\\\/es\\\/\",\"logo\":{\"@type\":\"ImageObject\",\"inLanguage\":\"es\",\"@id\":\"https:\\\/\\\/cracpatrimoni.com\\\/es\\\/#\\\/schema\\\/logo\\\/image\\\/\",\"url\":\"https:\\\/\\\/cracpatrimoni.com\\\/wp-content\\\/uploads\\\/2022\\\/11\\\/logocrac-1-1.png\",\"contentUrl\":\"https:\\\/\\\/cracpatrimoni.com\\\/wp-content\\\/uploads\\\/2022\\\/11\\\/logocrac-1-1.png\",\"width\":384,\"height\":152,\"caption\":\"CRAC\"},\"image\":{\"@id\":\"https:\\\/\\\/cracpatrimoni.com\\\/es\\\/#\\\/schema\\\/logo\\\/image\\\/\"}},{\"@type\":\"Person\",\"@id\":\"https:\\\/\\\/cracpatrimoni.com\\\/es\\\/#\\\/schema\\\/person\\\/be5a2af72e5ad4df9b5b33a09cc0ef9d\",\"name\":\"Ingrid Ferrer Homs\",\"image\":{\"@type\":\"ImageObject\",\"inLanguage\":\"es\",\"@id\":\"https:\\\/\\\/secure.gravatar.com\\\/avatar\\\/93e98562c9a14b3ca456ad9f1aad2bddb77211fafffaeca30b5f801ccbf2ea3d?s=96&d=mm&r=g\",\"url\":\"https:\\\/\\\/secure.gravatar.com\\\/avatar\\\/93e98562c9a14b3ca456ad9f1aad2bddb77211fafffaeca30b5f801ccbf2ea3d?s=96&d=mm&r=g\",\"contentUrl\":\"https:\\\/\\\/secure.gravatar.com\\\/avatar\\\/93e98562c9a14b3ca456ad9f1aad2bddb77211fafffaeca30b5f801ccbf2ea3d?s=96&d=mm&r=g\",\"caption\":\"Ingrid Ferrer Homs\"},\"url\":\"https:\\\/\\\/cracpatrimoni.com\\\/es\\\/author\\\/ingrid\\\/\"}]}<\/script>\n<!-- \/ Yoast SEO plugin. -->","yoast_head_json":{"title":"Medidas para pymes y profesionales aut\u00f3nomos de la conservaci\u00f3n-restauraci\u00f3n ante la crisis del COVID-19 - CRAC","robots":{"index":"index","follow":"follow","max-snippet":"max-snippet:-1","max-image-preview":"max-image-preview:large","max-video-preview":"max-video-preview:-1"},"canonical":"https:\/\/cracpatrimoni.com\/es\/medidas-para-pymes-y-profesionales-autonomos-de-la-conservacion-restauracion-ante-la-crisis-del-covid-19\/","og_locale":"es_ES","og_type":"article","og_title":"Medidas para pymes y profesionales aut\u00f3nomos de la conservaci\u00f3n-restauraci\u00f3n ante la crisis del COVID-19 - CRAC","og_description":"Vistas las medidas aprobadas ayer martes 17 de marzo de 2020 para ayudar a los trabajadores aut\u00f3nomos afectados por la crisis derivada del coronavirus COVID-19, el colectivo de conservadores-restauradores nos pronunciamos para realizar una petici\u00f3n conjunta a trav\u00e9s de la Plataforma de Asociaciones Profesionales de la Conservaci\u00f3n-Restauraci\u00f3n de Espa\u00f1a (PAPCRE) integrada, hasta ahora, por seis [&hellip;]","og_url":"https:\/\/cracpatrimoni.com\/es\/medidas-para-pymes-y-profesionales-autonomos-de-la-conservacion-restauracion-ante-la-crisis-del-covid-19\/","og_site_name":"CRAC","article_published_time":"2020-03-18T21:19:13+00:00","article_modified_time":"2023-01-09T14:08:08+00:00","og_image":[{"url":"https:\/\/cracpatrimoni.com\/wp-content\/uploads\/2022\/12\/miniatura-news-mesures.png","width":800,"height":800,"type":"image\/png"}],"author":"Ingrid Ferrer Homs","twitter_card":"summary_large_image","twitter_misc":{"Escrito por":"Ingrid Ferrer Homs","Tiempo de lectura":"1 minuto"},"schema":{"@context":"https:\/\/schema.org","@graph":[{"@type":"Article","@id":"https:\/\/cracpatrimoni.com\/es\/medidas-para-pymes-y-profesionales-autonomos-de-la-conservacion-restauracion-ante-la-crisis-del-covid-19\/#article","isPartOf":{"@id":"https:\/\/cracpatrimoni.com\/es\/medidas-para-pymes-y-profesionales-autonomos-de-la-conservacion-restauracion-ante-la-crisis-del-covid-19\/"},"author":{"name":"Ingrid Ferrer Homs","@id":"https:\/\/cracpatrimoni.com\/es\/#\/schema\/person\/be5a2af72e5ad4df9b5b33a09cc0ef9d"},"headline":"Medidas para pymes y profesionales aut\u00f3nomos de la conservaci\u00f3n-restauraci\u00f3n ante la crisis del COVID-19","datePublished":"2020-03-18T21:19:13+00:00","dateModified":"2023-01-09T14:08:08+00:00","mainEntityOfPage":{"@id":"https:\/\/cracpatrimoni.com\/es\/medidas-para-pymes-y-profesionales-autonomos-de-la-conservacion-restauracion-ante-la-crisis-del-covid-19\/"},"wordCount":121,"publisher":{"@id":"https:\/\/cracpatrimoni.com\/es\/#organization"},"image":{"@id":"https:\/\/cracpatrimoni.com\/es\/medidas-para-pymes-y-profesionales-autonomos-de-la-conservacion-restauracion-ante-la-crisis-del-covid-19\/#primaryimage"},"thumbnailUrl":"https:\/\/cracpatrimoni.com\/wp-content\/uploads\/2022\/12\/miniatura-news-mesures.png","articleSection":["Reuni\u00f3n t\u00e9cnica"],"inLanguage":"es"},{"@type":"WebPage","@id":"https:\/\/cracpatrimoni.com\/es\/medidas-para-pymes-y-profesionales-autonomos-de-la-conservacion-restauracion-ante-la-crisis-del-covid-19\/","url":"https:\/\/cracpatrimoni.com\/es\/medidas-para-pymes-y-profesionales-autonomos-de-la-conservacion-restauracion-ante-la-crisis-del-covid-19\/","name":"Medidas para pymes y profesionales aut\u00f3nomos de la conservaci\u00f3n-restauraci\u00f3n ante la crisis del COVID-19 - CRAC","isPartOf":{"@id":"https:\/\/cracpatrimoni.com\/es\/#website"},"primaryImageOfPage":{"@id":"https:\/\/cracpatrimoni.com\/es\/medidas-para-pymes-y-profesionales-autonomos-de-la-conservacion-restauracion-ante-la-crisis-del-covid-19\/#primaryimage"},"image":{"@id":"https:\/\/cracpatrimoni.com\/es\/medidas-para-pymes-y-profesionales-autonomos-de-la-conservacion-restauracion-ante-la-crisis-del-covid-19\/#primaryimage"},"thumbnailUrl":"https:\/\/cracpatrimoni.com\/wp-content\/uploads\/2022\/12\/miniatura-news-mesures.png","datePublished":"2020-03-18T21:19:13+00:00","dateModified":"2023-01-09T14:08:08+00:00","breadcrumb":{"@id":"https:\/\/cracpatrimoni.com\/es\/medidas-para-pymes-y-profesionales-autonomos-de-la-conservacion-restauracion-ante-la-crisis-del-covid-19\/#breadcrumb"},"inLanguage":"es","potentialAction":[{"@type":"ReadAction","target":["https:\/\/cracpatrimoni.com\/es\/medidas-para-pymes-y-profesionales-autonomos-de-la-conservacion-restauracion-ante-la-crisis-del-covid-19\/"]}]},{"@type":"ImageObject","inLanguage":"es","@id":"https:\/\/cracpatrimoni.com\/es\/medidas-para-pymes-y-profesionales-autonomos-de-la-conservacion-restauracion-ante-la-crisis-del-covid-19\/#primaryimage","url":"https:\/\/cracpatrimoni.com\/wp-content\/uploads\/2022\/12\/miniatura-news-mesures.png","contentUrl":"https:\/\/cracpatrimoni.com\/wp-content\/uploads\/2022\/12\/miniatura-news-mesures.png","width":1000,"height":1000},{"@type":"BreadcrumbList","@id":"https:\/\/cracpatrimoni.com\/es\/medidas-para-pymes-y-profesionales-autonomos-de-la-conservacion-restauracion-ante-la-crisis-del-covid-19\/#breadcrumb","itemListElement":[{"@type":"ListItem","position":1,"name":"Portada","item":"https:\/\/cracpatrimoni.com\/es\/"},{"@type":"ListItem","position":2,"name":"Medidas para pymes y profesionales aut\u00f3nomos de la conservaci\u00f3n-restauraci\u00f3n ante la crisis del COVID-19"}]},{"@type":"WebSite","@id":"https:\/\/cracpatrimoni.com\/es\/#website","url":"https:\/\/cracpatrimoni.com\/es\/","name":"CRAC","description":"Conservadors restauradors associats de Catalunya","publisher":{"@id":"https:\/\/cracpatrimoni.com\/es\/#organization"},"potentialAction":[{"@type":"SearchAction","target":{"@type":"EntryPoint","urlTemplate":"https:\/\/cracpatrimoni.com\/es\/?s={search_term_string}"},"query-input":{"@type":"PropertyValueSpecification","valueRequired":true,"valueName":"search_term_string"}}],"inLanguage":"es"},{"@type":"Organization","@id":"https:\/\/cracpatrimoni.com\/es\/#organization","name":"CRAC","url":"https:\/\/cracpatrimoni.com\/es\/","logo":{"@type":"ImageObject","inLanguage":"es","@id":"https:\/\/cracpatrimoni.com\/es\/#\/schema\/logo\/image\/","url":"https:\/\/cracpatrimoni.com\/wp-content\/uploads\/2022\/11\/logocrac-1-1.png","contentUrl":"https:\/\/cracpatrimoni.com\/wp-content\/uploads\/2022\/11\/logocrac-1-1.png","width":384,"height":152,"caption":"CRAC"},"image":{"@id":"https:\/\/cracpatrimoni.com\/es\/#\/schema\/logo\/image\/"}},{"@type":"Person","@id":"https:\/\/cracpatrimoni.com\/es\/#\/schema\/person\/be5a2af72e5ad4df9b5b33a09cc0ef9d","name":"Ingrid Ferrer Homs","image":{"@type":"ImageObject","inLanguage":"es","@id":"https:\/\/secure.gravatar.com\/avatar\/93e98562c9a14b3ca456ad9f1aad2bddb77211fafffaeca30b5f801ccbf2ea3d?s=96&d=mm&r=g","url":"https:\/\/secure.gravatar.com\/avatar\/93e98562c9a14b3ca456ad9f1aad2bddb77211fafffaeca30b5f801ccbf2ea3d?s=96&d=mm&r=g","contentUrl":"https:\/\/secure.gravatar.com\/avatar\/93e98562c9a14b3ca456ad9f1aad2bddb77211fafffaeca30b5f801ccbf2ea3d?s=96&d=mm&r=g","caption":"Ingrid Ferrer Homs"},"url":"https:\/\/cracpatrimoni.com\/es\/author\/ingrid\/"}]}},"_links":{"self":[{"href":"https:\/\/cracpatrimoni.com\/es\/wp-json\/wp\/v2\/posts\/4554","targetHints":{"allow":["GET"]}}],"collection":[{"href":"https:\/\/cracpatrimoni.com\/es\/wp-json\/wp\/v2\/posts"}],"about":[{"href":"https:\/\/cracpatrimoni.com\/es\/wp-json\/wp\/v2\/types\/post"}],"author":[{"embeddable":true,"href":"https:\/\/cracpatrimoni.com\/es\/wp-json\/wp\/v2\/users\/2"}],"replies":[{"embeddable":true,"href":"https:\/\/cracpatrimoni.com\/es\/wp-json\/wp\/v2\/comments?post=4554"}],"version-history":[{"count":3,"href":"https:\/\/cracpatrimoni.com\/es\/wp-json\/wp\/v2\/posts\/4554\/revisions"}],"predecessor-version":[{"id":4766,"href":"https:\/\/cracpatrimoni.com\/es\/wp-json\/wp\/v2\/posts\/4554\/revisions\/4766"}],"wp:featuredmedia":[{"embeddable":true,"href":"https:\/\/cracpatrimoni.com\/es\/wp-json\/wp\/v2\/media\/3570"}],"wp:attachment":[{"href":"https:\/\/cracpatrimoni.com\/es\/wp-json\/wp\/v2\/media?parent=4554"}],"wp:term":[{"taxonomy":"category","embeddable":true,"href":"https:\/\/cracpatrimoni.com\/es\/wp-json\/wp\/v2\/categories?post=4554"},{"taxonomy":"post_tag","embeddable":true,"href":"https:\/\/cracpatrimoni.com\/es\/wp-json\/wp\/v2\/tags?post=4554"}],"curies":[{"name":"wp","href":"https:\/\/api.w.org\/{rel}","templated":true}]}}