{"id":4550,"date":"2020-03-30T21:08:04","date_gmt":"2020-03-30T21:08:04","guid":{"rendered":"http:\/\/cracpatrimoni.com\/papcre-realiza-una-revision-en-el-real-decreto-ley-8-2020\/"},"modified":"2023-01-09T14:08:08","modified_gmt":"2023-01-09T14:08:08","slug":"papcre-realiza-una-revision-en-el-real-decreto-ley-8-2020","status":"publish","type":"post","link":"https:\/\/cracpatrimoni.com\/es\/papcre-realiza-una-revision-en-el-real-decreto-ley-8-2020\/","title":{"rendered":"PAPCRE realiza una revisi\u00f3n en el Real Decreto ley 8\/2020"},"content":{"rendered":"\n<hr class=\"wp-block-separator has-text-color has-alpha-channel-opacity has-background is-style-dots\" style=\"background-color:#f4f5f0;color:#f4f5f0\"\/>\n\n<div class=\"wp-block-columns is-layout-flex wp-container-core-columns-is-layout-28f84493 wp-block-columns-is-layout-flex\">\n<div class=\"wp-block-column is-layout-flow wp-block-column-is-layout-flow\">\n<p>Vistas las medidas del <strong>Real Decreto-ley 8\/2020<\/strong>, de 17 de marzo de 2020, el colectivo de conservadores-restauradores integrantes de la Plataforma de Asociaciones Profesionales de la Conservaci\u00f3n-Restauraci\u00f3n de Espa\u00f1a (PAPCRE) junto a la Secci\u00f3n de Conservaci\u00f3n y Restauraci\u00f3n de Bienes Culturales de las Islas Baleares &#8211; CDLIB , hemos llevado a cabo una revisi\u00f3n del Real Decreto-ley para realizar una serie de peticiones conjuntas que hemos hecho llegar al Ministerio de Cultura y Deporte.<\/p>\n\n\n\n<p>Queremos compartir este documento no s\u00f3lo con nuestros asociados y asociadas, sino tambi\u00e9n con todo el colectivo de la conservaci\u00f3n-restauraci\u00f3n.<\/p>\n\n\n\n<p>Esperamos que nuestras solicitudes se hayan tenido en cuenta y ayuden a paliar las consecuencias de la crisis en nuestro sector. Seguimos trabajando para que las comunidades aut\u00f3nomas implementen nuevas medidas adaptadas a nuestra actividad.<\/p>\n\n\n\n<hr class=\"wp-block-separator has-text-color has-alpha-channel-opacity has-background is-style-dots\" style=\"background-color:#f4f5f0;color:#f4f5f0\"\/>\n\n\n\n<div data-wp-interactive=\"core\/file\" class=\"wp-block-file\"><object data-wp-bind--hidden=\"!state.hasPdfPreview\" hidden class=\"wp-block-file__embed\" data=\"https:\/\/cracpatrimoni.com\/wp-content\/uploads\/2022\/12\/2020_03_propuestasPAPCRE2.pdf\" type=\"application\/pdf\" style=\"width:100%;height:600px\" aria-label=\"Incrustado de Propostes PAPCRE .\"><\/object><a id=\"wp-block-file--media-e9b8fbc5-659d-4210-a9bc-4d4cadef9149\" href=\"https:\/\/cracpatrimoni.com\/wp-content\/uploads\/2022\/12\/2020_03_propuestasPAPCRE2.pdf\">Propuestas PAPCRE <\/a><a href=\"https:\/\/cracpatrimoni.com\/wp-content\/uploads\/2022\/12\/2020_03_propuestasPAPCRE2.pdf\" class=\"wp-block-file__button wp-element-button\" download=\"\" aria-describedby=\"wp-block-file--media-e9b8fbc5-659d-4210-a9bc-4d4cadef9149\"><strong>Descarga<\/strong><\/a><\/div>\n\n\n\n<hr class=\"wp-block-separator has-text-color has-alpha-channel-opacity has-background is-style-dots\" style=\"background-color:#f4f5f0;color:#f4f5f0\"\/>\n\n\n\n<p class=\"has-luminous-vivid-orange-color has-text-color\"><strong>Os seguiremos informando.<\/strong><\/p>\n\n\n\n<div class=\"wp-block-buttons is-content-justification-center is-layout-flex wp-container-core-buttons-is-layout-a89b3969 wp-block-buttons-is-layout-flex\"><\/div>\n<\/div>\n<\/div>\n","protected":false},"excerpt":{"rendered":"<p>Vistas las medidas del Real Decreto-ley 8\/2020, de 17 de marzo de 2020, el colectivo de conservadores-restauradores integrantes de la Plataforma de Asociaciones Profesionales de la Conservaci\u00f3n-Restauraci\u00f3n de Espa\u00f1a (PAPCRE) junto a la Secci\u00f3n de Conservaci\u00f3n y Restauraci\u00f3n de Bienes Culturales de las Islas Baleares &#8211; CDLIB , hemos llevado a cabo una revisi\u00f3n del [&hellip;]<\/p>\n","protected":false},"author":2,"featured_media":3566,"comment_status":"closed","ping_status":"open","sticky":false,"template":"","format":"standard","meta":{"_acf_changed":false,"footnotes":""},"categories":[39],"tags":[],"class_list":["post-4550","post","type-post","status-publish","format-standard","has-post-thumbnail","hentry","category-reunion-tecnica"],"acf":[],"yoast_head":"<!-- This site is optimized with the Yoast SEO plugin v27.5 - https:\/\/yoast.com\/product\/yoast-seo-wordpress\/ -->\n<title>PAPCRE realiza una revisi\u00f3n en el Real Decreto ley 8\/2020 - CRAC<\/title>\n<meta name=\"robots\" content=\"index, follow, max-snippet:-1, max-image-preview:large, max-video-preview:-1\" \/>\n<link rel=\"canonical\" href=\"https:\/\/cracpatrimoni.com\/es\/papcre-realiza-una-revision-en-el-real-decreto-ley-8-2020\/\" \/>\n<meta property=\"og:locale\" content=\"es_ES\" \/>\n<meta property=\"og:type\" content=\"article\" \/>\n<meta property=\"og:title\" content=\"PAPCRE realiza una revisi\u00f3n en el Real Decreto ley 8\/2020 - CRAC\" \/>\n<meta property=\"og:description\" content=\"Vistas las medidas del Real Decreto-ley 8\/2020, de 17 de marzo de 2020, el colectivo de conservadores-restauradores integrantes de la Plataforma de Asociaciones Profesionales de la Conservaci\u00f3n-Restauraci\u00f3n de Espa\u00f1a (PAPCRE) junto a la Secci\u00f3n de Conservaci\u00f3n y Restauraci\u00f3n de Bienes Culturales de las Islas Baleares &#8211; CDLIB , hemos llevado a cabo una revisi\u00f3n del [&hellip;]\" \/>\n<meta property=\"og:url\" content=\"https:\/\/cracpatrimoni.com\/es\/papcre-realiza-una-revision-en-el-real-decreto-ley-8-2020\/\" \/>\n<meta property=\"og:site_name\" content=\"CRAC\" \/>\n<meta property=\"article:published_time\" content=\"2020-03-30T21:08:04+00:00\" \/>\n<meta property=\"article:modified_time\" content=\"2023-01-09T14:08:08+00:00\" \/>\n<meta property=\"og:image\" content=\"https:\/\/cracpatrimoni.com\/wp-content\/uploads\/2020\/03\/miniatura-news-papcre-propostes.png\" \/>\n\t<meta property=\"og:image:width\" content=\"1000\" \/>\n\t<meta property=\"og:image:height\" content=\"1000\" \/>\n\t<meta property=\"og:image:type\" content=\"image\/png\" \/>\n<meta name=\"author\" content=\"Ingrid Ferrer Homs\" \/>\n<meta name=\"twitter:card\" content=\"summary_large_image\" \/>\n<meta name=\"twitter:label1\" content=\"Escrito por\" \/>\n\t<meta name=\"twitter:data1\" content=\"Ingrid Ferrer Homs\" \/>\n\t<meta name=\"twitter:label2\" content=\"Tiempo de lectura\" \/>\n\t<meta name=\"twitter:data2\" content=\"1 minuto\" \/>\n<script type=\"application\/ld+json\" class=\"yoast-schema-graph\">{\"@context\":\"https:\\\/\\\/schema.org\",\"@graph\":[{\"@type\":\"Article\",\"@id\":\"https:\\\/\\\/cracpatrimoni.com\\\/es\\\/papcre-realiza-una-revision-en-el-real-decreto-ley-8-2020\\\/#article\",\"isPartOf\":{\"@id\":\"https:\\\/\\\/cracpatrimoni.com\\\/es\\\/papcre-realiza-una-revision-en-el-real-decreto-ley-8-2020\\\/\"},\"author\":{\"name\":\"Ingrid Ferrer Homs\",\"@id\":\"https:\\\/\\\/cracpatrimoni.com\\\/es\\\/#\\\/schema\\\/person\\\/be5a2af72e5ad4df9b5b33a09cc0ef9d\"},\"headline\":\"PAPCRE realiza una revisi\u00f3n en el Real Decreto ley 8\\\/2020\",\"datePublished\":\"2020-03-30T21:08:04+00:00\",\"dateModified\":\"2023-01-09T14:08:08+00:00\",\"mainEntityOfPage\":{\"@id\":\"https:\\\/\\\/cracpatrimoni.com\\\/es\\\/papcre-realiza-una-revision-en-el-real-decreto-ley-8-2020\\\/\"},\"wordCount\":153,\"publisher\":{\"@id\":\"https:\\\/\\\/cracpatrimoni.com\\\/es\\\/#organization\"},\"image\":{\"@id\":\"https:\\\/\\\/cracpatrimoni.com\\\/es\\\/papcre-realiza-una-revision-en-el-real-decreto-ley-8-2020\\\/#primaryimage\"},\"thumbnailUrl\":\"https:\\\/\\\/cracpatrimoni.com\\\/wp-content\\\/uploads\\\/2020\\\/03\\\/miniatura-news-papcre-propostes.png\",\"articleSection\":[\"Reuni\u00f3n t\u00e9cnica\"],\"inLanguage\":\"es\"},{\"@type\":\"WebPage\",\"@id\":\"https:\\\/\\\/cracpatrimoni.com\\\/es\\\/papcre-realiza-una-revision-en-el-real-decreto-ley-8-2020\\\/\",\"url\":\"https:\\\/\\\/cracpatrimoni.com\\\/es\\\/papcre-realiza-una-revision-en-el-real-decreto-ley-8-2020\\\/\",\"name\":\"PAPCRE realiza una revisi\u00f3n en el Real Decreto ley 8\\\/2020 - CRAC\",\"isPartOf\":{\"@id\":\"https:\\\/\\\/cracpatrimoni.com\\\/es\\\/#website\"},\"primaryImageOfPage\":{\"@id\":\"https:\\\/\\\/cracpatrimoni.com\\\/es\\\/papcre-realiza-una-revision-en-el-real-decreto-ley-8-2020\\\/#primaryimage\"},\"image\":{\"@id\":\"https:\\\/\\\/cracpatrimoni.com\\\/es\\\/papcre-realiza-una-revision-en-el-real-decreto-ley-8-2020\\\/#primaryimage\"},\"thumbnailUrl\":\"https:\\\/\\\/cracpatrimoni.com\\\/wp-content\\\/uploads\\\/2020\\\/03\\\/miniatura-news-papcre-propostes.png\",\"datePublished\":\"2020-03-30T21:08:04+00:00\",\"dateModified\":\"2023-01-09T14:08:08+00:00\",\"breadcrumb\":{\"@id\":\"https:\\\/\\\/cracpatrimoni.com\\\/es\\\/papcre-realiza-una-revision-en-el-real-decreto-ley-8-2020\\\/#breadcrumb\"},\"inLanguage\":\"es\",\"potentialAction\":[{\"@type\":\"ReadAction\",\"target\":[\"https:\\\/\\\/cracpatrimoni.com\\\/es\\\/papcre-realiza-una-revision-en-el-real-decreto-ley-8-2020\\\/\"]}]},{\"@type\":\"ImageObject\",\"inLanguage\":\"es\",\"@id\":\"https:\\\/\\\/cracpatrimoni.com\\\/es\\\/papcre-realiza-una-revision-en-el-real-decreto-ley-8-2020\\\/#primaryimage\",\"url\":\"https:\\\/\\\/cracpatrimoni.com\\\/wp-content\\\/uploads\\\/2020\\\/03\\\/miniatura-news-papcre-propostes.png\",\"contentUrl\":\"https:\\\/\\\/cracpatrimoni.com\\\/wp-content\\\/uploads\\\/2020\\\/03\\\/miniatura-news-papcre-propostes.png\",\"width\":1000,\"height\":1000},{\"@type\":\"BreadcrumbList\",\"@id\":\"https:\\\/\\\/cracpatrimoni.com\\\/es\\\/papcre-realiza-una-revision-en-el-real-decreto-ley-8-2020\\\/#breadcrumb\",\"itemListElement\":[{\"@type\":\"ListItem\",\"position\":1,\"name\":\"Portada\",\"item\":\"https:\\\/\\\/cracpatrimoni.com\\\/es\\\/\"},{\"@type\":\"ListItem\",\"position\":2,\"name\":\"PAPCRE realiza una revisi\u00f3n en el Real Decreto ley 8\\\/2020\"}]},{\"@type\":\"WebSite\",\"@id\":\"https:\\\/\\\/cracpatrimoni.com\\\/es\\\/#website\",\"url\":\"https:\\\/\\\/cracpatrimoni.com\\\/es\\\/\",\"name\":\"CRAC\",\"description\":\"Conservadors restauradors associats de Catalunya\",\"publisher\":{\"@id\":\"https:\\\/\\\/cracpatrimoni.com\\\/es\\\/#organization\"},\"potentialAction\":[{\"@type\":\"SearchAction\",\"target\":{\"@type\":\"EntryPoint\",\"urlTemplate\":\"https:\\\/\\\/cracpatrimoni.com\\\/es\\\/?s={search_term_string}\"},\"query-input\":{\"@type\":\"PropertyValueSpecification\",\"valueRequired\":true,\"valueName\":\"search_term_string\"}}],\"inLanguage\":\"es\"},{\"@type\":\"Organization\",\"@id\":\"https:\\\/\\\/cracpatrimoni.com\\\/es\\\/#organization\",\"name\":\"CRAC\",\"url\":\"https:\\\/\\\/cracpatrimoni.com\\\/es\\\/\",\"logo\":{\"@type\":\"ImageObject\",\"inLanguage\":\"es\",\"@id\":\"https:\\\/\\\/cracpatrimoni.com\\\/es\\\/#\\\/schema\\\/logo\\\/image\\\/\",\"url\":\"https:\\\/\\\/cracpatrimoni.com\\\/wp-content\\\/uploads\\\/2022\\\/11\\\/logocrac-1-1.png\",\"contentUrl\":\"https:\\\/\\\/cracpatrimoni.com\\\/wp-content\\\/uploads\\\/2022\\\/11\\\/logocrac-1-1.png\",\"width\":384,\"height\":152,\"caption\":\"CRAC\"},\"image\":{\"@id\":\"https:\\\/\\\/cracpatrimoni.com\\\/es\\\/#\\\/schema\\\/logo\\\/image\\\/\"}},{\"@type\":\"Person\",\"@id\":\"https:\\\/\\\/cracpatrimoni.com\\\/es\\\/#\\\/schema\\\/person\\\/be5a2af72e5ad4df9b5b33a09cc0ef9d\",\"name\":\"Ingrid Ferrer Homs\",\"image\":{\"@type\":\"ImageObject\",\"inLanguage\":\"es\",\"@id\":\"https:\\\/\\\/secure.gravatar.com\\\/avatar\\\/93e98562c9a14b3ca456ad9f1aad2bddb77211fafffaeca30b5f801ccbf2ea3d?s=96&d=mm&r=g\",\"url\":\"https:\\\/\\\/secure.gravatar.com\\\/avatar\\\/93e98562c9a14b3ca456ad9f1aad2bddb77211fafffaeca30b5f801ccbf2ea3d?s=96&d=mm&r=g\",\"contentUrl\":\"https:\\\/\\\/secure.gravatar.com\\\/avatar\\\/93e98562c9a14b3ca456ad9f1aad2bddb77211fafffaeca30b5f801ccbf2ea3d?s=96&d=mm&r=g\",\"caption\":\"Ingrid Ferrer Homs\"},\"url\":\"https:\\\/\\\/cracpatrimoni.com\\\/es\\\/author\\\/ingrid\\\/\"}]}<\/script>\n<!-- \/ Yoast SEO plugin. -->","yoast_head_json":{"title":"PAPCRE realiza una revisi\u00f3n en el Real Decreto ley 8\/2020 - CRAC","robots":{"index":"index","follow":"follow","max-snippet":"max-snippet:-1","max-image-preview":"max-image-preview:large","max-video-preview":"max-video-preview:-1"},"canonical":"https:\/\/cracpatrimoni.com\/es\/papcre-realiza-una-revision-en-el-real-decreto-ley-8-2020\/","og_locale":"es_ES","og_type":"article","og_title":"PAPCRE realiza una revisi\u00f3n en el Real Decreto ley 8\/2020 - CRAC","og_description":"Vistas las medidas del Real Decreto-ley 8\/2020, de 17 de marzo de 2020, el colectivo de conservadores-restauradores integrantes de la Plataforma de Asociaciones Profesionales de la Conservaci\u00f3n-Restauraci\u00f3n de Espa\u00f1a (PAPCRE) junto a la Secci\u00f3n de Conservaci\u00f3n y Restauraci\u00f3n de Bienes Culturales de las Islas Baleares &#8211; CDLIB , hemos llevado a cabo una revisi\u00f3n del [&hellip;]","og_url":"https:\/\/cracpatrimoni.com\/es\/papcre-realiza-una-revision-en-el-real-decreto-ley-8-2020\/","og_site_name":"CRAC","article_published_time":"2020-03-30T21:08:04+00:00","article_modified_time":"2023-01-09T14:08:08+00:00","og_image":[{"width":1000,"height":1000,"url":"https:\/\/cracpatrimoni.com\/wp-content\/uploads\/2020\/03\/miniatura-news-papcre-propostes.png","type":"image\/png"}],"author":"Ingrid Ferrer Homs","twitter_card":"summary_large_image","twitter_misc":{"Escrito por":"Ingrid Ferrer Homs","Tiempo de lectura":"1 minuto"},"schema":{"@context":"https:\/\/schema.org","@graph":[{"@type":"Article","@id":"https:\/\/cracpatrimoni.com\/es\/papcre-realiza-una-revision-en-el-real-decreto-ley-8-2020\/#article","isPartOf":{"@id":"https:\/\/cracpatrimoni.com\/es\/papcre-realiza-una-revision-en-el-real-decreto-ley-8-2020\/"},"author":{"name":"Ingrid Ferrer Homs","@id":"https:\/\/cracpatrimoni.com\/es\/#\/schema\/person\/be5a2af72e5ad4df9b5b33a09cc0ef9d"},"headline":"PAPCRE realiza una revisi\u00f3n en el Real Decreto ley 8\/2020","datePublished":"2020-03-30T21:08:04+00:00","dateModified":"2023-01-09T14:08:08+00:00","mainEntityOfPage":{"@id":"https:\/\/cracpatrimoni.com\/es\/papcre-realiza-una-revision-en-el-real-decreto-ley-8-2020\/"},"wordCount":153,"publisher":{"@id":"https:\/\/cracpatrimoni.com\/es\/#organization"},"image":{"@id":"https:\/\/cracpatrimoni.com\/es\/papcre-realiza-una-revision-en-el-real-decreto-ley-8-2020\/#primaryimage"},"thumbnailUrl":"https:\/\/cracpatrimoni.com\/wp-content\/uploads\/2020\/03\/miniatura-news-papcre-propostes.png","articleSection":["Reuni\u00f3n t\u00e9cnica"],"inLanguage":"es"},{"@type":"WebPage","@id":"https:\/\/cracpatrimoni.com\/es\/papcre-realiza-una-revision-en-el-real-decreto-ley-8-2020\/","url":"https:\/\/cracpatrimoni.com\/es\/papcre-realiza-una-revision-en-el-real-decreto-ley-8-2020\/","name":"PAPCRE realiza una revisi\u00f3n en el Real Decreto ley 8\/2020 - CRAC","isPartOf":{"@id":"https:\/\/cracpatrimoni.com\/es\/#website"},"primaryImageOfPage":{"@id":"https:\/\/cracpatrimoni.com\/es\/papcre-realiza-una-revision-en-el-real-decreto-ley-8-2020\/#primaryimage"},"image":{"@id":"https:\/\/cracpatrimoni.com\/es\/papcre-realiza-una-revision-en-el-real-decreto-ley-8-2020\/#primaryimage"},"thumbnailUrl":"https:\/\/cracpatrimoni.com\/wp-content\/uploads\/2020\/03\/miniatura-news-papcre-propostes.png","datePublished":"2020-03-30T21:08:04+00:00","dateModified":"2023-01-09T14:08:08+00:00","breadcrumb":{"@id":"https:\/\/cracpatrimoni.com\/es\/papcre-realiza-una-revision-en-el-real-decreto-ley-8-2020\/#breadcrumb"},"inLanguage":"es","potentialAction":[{"@type":"ReadAction","target":["https:\/\/cracpatrimoni.com\/es\/papcre-realiza-una-revision-en-el-real-decreto-ley-8-2020\/"]}]},{"@type":"ImageObject","inLanguage":"es","@id":"https:\/\/cracpatrimoni.com\/es\/papcre-realiza-una-revision-en-el-real-decreto-ley-8-2020\/#primaryimage","url":"https:\/\/cracpatrimoni.com\/wp-content\/uploads\/2020\/03\/miniatura-news-papcre-propostes.png","contentUrl":"https:\/\/cracpatrimoni.com\/wp-content\/uploads\/2020\/03\/miniatura-news-papcre-propostes.png","width":1000,"height":1000},{"@type":"BreadcrumbList","@id":"https:\/\/cracpatrimoni.com\/es\/papcre-realiza-una-revision-en-el-real-decreto-ley-8-2020\/#breadcrumb","itemListElement":[{"@type":"ListItem","position":1,"name":"Portada","item":"https:\/\/cracpatrimoni.com\/es\/"},{"@type":"ListItem","position":2,"name":"PAPCRE realiza una revisi\u00f3n en el Real Decreto ley 8\/2020"}]},{"@type":"WebSite","@id":"https:\/\/cracpatrimoni.com\/es\/#website","url":"https:\/\/cracpatrimoni.com\/es\/","name":"CRAC","description":"Conservadors restauradors associats de Catalunya","publisher":{"@id":"https:\/\/cracpatrimoni.com\/es\/#organization"},"potentialAction":[{"@type":"SearchAction","target":{"@type":"EntryPoint","urlTemplate":"https:\/\/cracpatrimoni.com\/es\/?s={search_term_string}"},"query-input":{"@type":"PropertyValueSpecification","valueRequired":true,"valueName":"search_term_string"}}],"inLanguage":"es"},{"@type":"Organization","@id":"https:\/\/cracpatrimoni.com\/es\/#organization","name":"CRAC","url":"https:\/\/cracpatrimoni.com\/es\/","logo":{"@type":"ImageObject","inLanguage":"es","@id":"https:\/\/cracpatrimoni.com\/es\/#\/schema\/logo\/image\/","url":"https:\/\/cracpatrimoni.com\/wp-content\/uploads\/2022\/11\/logocrac-1-1.png","contentUrl":"https:\/\/cracpatrimoni.com\/wp-content\/uploads\/2022\/11\/logocrac-1-1.png","width":384,"height":152,"caption":"CRAC"},"image":{"@id":"https:\/\/cracpatrimoni.com\/es\/#\/schema\/logo\/image\/"}},{"@type":"Person","@id":"https:\/\/cracpatrimoni.com\/es\/#\/schema\/person\/be5a2af72e5ad4df9b5b33a09cc0ef9d","name":"Ingrid Ferrer Homs","image":{"@type":"ImageObject","inLanguage":"es","@id":"https:\/\/secure.gravatar.com\/avatar\/93e98562c9a14b3ca456ad9f1aad2bddb77211fafffaeca30b5f801ccbf2ea3d?s=96&d=mm&r=g","url":"https:\/\/secure.gravatar.com\/avatar\/93e98562c9a14b3ca456ad9f1aad2bddb77211fafffaeca30b5f801ccbf2ea3d?s=96&d=mm&r=g","contentUrl":"https:\/\/secure.gravatar.com\/avatar\/93e98562c9a14b3ca456ad9f1aad2bddb77211fafffaeca30b5f801ccbf2ea3d?s=96&d=mm&r=g","caption":"Ingrid Ferrer Homs"},"url":"https:\/\/cracpatrimoni.com\/es\/author\/ingrid\/"}]}},"_links":{"self":[{"href":"https:\/\/cracpatrimoni.com\/es\/wp-json\/wp\/v2\/posts\/4550","targetHints":{"allow":["GET"]}}],"collection":[{"href":"https:\/\/cracpatrimoni.com\/es\/wp-json\/wp\/v2\/posts"}],"about":[{"href":"https:\/\/cracpatrimoni.com\/es\/wp-json\/wp\/v2\/types\/post"}],"author":[{"embeddable":true,"href":"https:\/\/cracpatrimoni.com\/es\/wp-json\/wp\/v2\/users\/2"}],"replies":[{"embeddable":true,"href":"https:\/\/cracpatrimoni.com\/es\/wp-json\/wp\/v2\/comments?post=4550"}],"version-history":[{"count":3,"href":"https:\/\/cracpatrimoni.com\/es\/wp-json\/wp\/v2\/posts\/4550\/revisions"}],"predecessor-version":[{"id":4748,"href":"https:\/\/cracpatrimoni.com\/es\/wp-json\/wp\/v2\/posts\/4550\/revisions\/4748"}],"wp:featuredmedia":[{"embeddable":true,"href":"https:\/\/cracpatrimoni.com\/es\/wp-json\/wp\/v2\/media\/3566"}],"wp:attachment":[{"href":"https:\/\/cracpatrimoni.com\/es\/wp-json\/wp\/v2\/media?parent=4550"}],"wp:term":[{"taxonomy":"category","embeddable":true,"href":"https:\/\/cracpatrimoni.com\/es\/wp-json\/wp\/v2\/categories?post=4550"},{"taxonomy":"post_tag","embeddable":true,"href":"https:\/\/cracpatrimoni.com\/es\/wp-json\/wp\/v2\/tags?post=4550"}],"curies":[{"name":"wp","href":"https:\/\/api.w.org\/{rel}","templated":true}]}}