{"id":4548,"date":"2020-04-03T13:40:27","date_gmt":"2020-04-03T13:40:27","guid":{"rendered":"http:\/\/cracpatrimoni.com\/comunicado-referente-a-la-conservacion-preventiva-para-tiempo-de-museos-cerrados\/"},"modified":"2023-01-09T14:08:08","modified_gmt":"2023-01-09T14:08:08","slug":"comunicado-referente-a-la-conservacion-preventiva-para-tiempo-de-museos-cerrados","status":"publish","type":"post","link":"https:\/\/cracpatrimoni.com\/es\/comunicado-referente-a-la-conservacion-preventiva-para-tiempo-de-museos-cerrados\/","title":{"rendered":"Comunicado referente a la Conservaci\u00f3n Preventiva para tiempo de museos cerrados"},"content":{"rendered":"\n<hr class=\"wp-block-separator has-text-color has-alpha-channel-opacity has-background is-style-dots\" style=\"background-color:#f4f5f0;color:#f4f5f0\"\/>\n\n<div class=\"wp-block-columns is-layout-flex wp-container-core-columns-is-layout-28f84493 wp-block-columns-is-layout-flex\">\n<div class=\"wp-block-column is-layout-flow wp-block-column-is-layout-flow\">\n<p>Ante la situaci\u00f3n excepcional que la pandemia de la COVID-19 ha generado, la Direcci\u00f3n General del Patrimonio Cultural (Servicio de Museos y Protecci\u00f3n de Bienes Muebles) nos facilita un comunicado con una serie de medidas o recomendaciones para la etapa de confinamiento y mientras los museos permanezcan cerrados. Se ha contado con el asesoramiento de la Comisi\u00f3n T\u00e9cnica Ejecutiva de Conservaci\u00f3n Preventiva, creada en el marco de desarrollo del Plan de Museos 2030, donde CRAC tiene representaci\u00f3n. <\/p>\n\n\n\n<p>Pod\u00e9is consultar el documento completo:<\/p>\n\n\n\n<hr class=\"wp-block-separator has-text-color has-alpha-channel-opacity has-background is-style-dots\" style=\"background-color:#f4f5f0;color:#f4f5f0\"\/>\n\n\n\n<div data-wp-interactive=\"core\/file\" class=\"wp-block-file\"><object data-wp-bind--hidden=\"!state.hasPdfPreview\" hidden class=\"wp-block-file__embed\" data=\"https:\/\/cracpatrimoni.com\/wp-content\/uploads\/2022\/12\/2020_04_CP.tempscovid.pdf\" type=\"application\/pdf\" style=\"width:100%;height:600px\" aria-label=\"Incrustado de Conservaci\u00f3 preventiva en temps de COVID 19.\"><\/object><a id=\"wp-block-file--media-6444b084-04f6-44b2-84fd-638bb7c8e42d\" href=\"https:\/\/cracpatrimoni.com\/wp-content\/uploads\/2022\/12\/2020_04_CP.tempscovid.pdf\">Conservaci\u00f3n preventiva en tiempos de COVID 19<\/a><a href=\"https:\/\/cracpatrimoni.com\/wp-content\/uploads\/2022\/12\/2020_04_CP.tempscovid.pdf\" class=\"wp-block-file__button wp-element-button\" download=\"\" aria-describedby=\"wp-block-file--media-6444b084-04f6-44b2-84fd-638bb7c8e42d\"><strong>Descarga<\/strong><\/a><\/div>\n\n\n\n<div class=\"wp-block-buttons is-content-justification-center is-layout-flex wp-container-core-buttons-is-layout-a89b3969 wp-block-buttons-is-layout-flex\"><\/div>\n<\/div>\n<\/div>\n","protected":false},"excerpt":{"rendered":"<p>Ante la situaci\u00f3n excepcional que la pandemia de la COVID-19 ha generado, la Direcci\u00f3n General del Patrimonio Cultural (Servicio de Museos y Protecci\u00f3n de Bienes Muebles) nos facilita un comunicado con una serie de medidas o recomendaciones para la etapa de confinamiento y mientras los museos permanezcan cerrados. Se ha contado con el asesoramiento de [&hellip;]<\/p>\n","protected":false},"author":2,"featured_media":3561,"comment_status":"closed","ping_status":"open","sticky":false,"template":"","format":"standard","meta":{"_acf_changed":false,"footnotes":""},"categories":[39],"tags":[],"class_list":["post-4548","post","type-post","status-publish","format-standard","has-post-thumbnail","hentry","category-reunion-tecnica"],"acf":[],"yoast_head":"<!-- This site is optimized with the Yoast SEO plugin v27.5 - https:\/\/yoast.com\/product\/yoast-seo-wordpress\/ -->\n<title>Comunicado referente a la Conservaci\u00f3n Preventiva para tiempo de museos cerrados - CRAC<\/title>\n<meta name=\"robots\" content=\"index, follow, max-snippet:-1, max-image-preview:large, max-video-preview:-1\" \/>\n<link rel=\"canonical\" href=\"https:\/\/cracpatrimoni.com\/es\/comunicado-referente-a-la-conservacion-preventiva-para-tiempo-de-museos-cerrados\/\" \/>\n<meta property=\"og:locale\" content=\"es_ES\" \/>\n<meta property=\"og:type\" content=\"article\" \/>\n<meta property=\"og:title\" content=\"Comunicado referente a la Conservaci\u00f3n Preventiva para tiempo de museos cerrados - CRAC\" \/>\n<meta property=\"og:description\" content=\"Ante la situaci\u00f3n excepcional que la pandemia de la COVID-19 ha generado, la Direcci\u00f3n General del Patrimonio Cultural (Servicio de Museos y Protecci\u00f3n de Bienes Muebles) nos facilita un comunicado con una serie de medidas o recomendaciones para la etapa de confinamiento y mientras los museos permanezcan cerrados. Se ha contado con el asesoramiento de [&hellip;]\" \/>\n<meta property=\"og:url\" content=\"https:\/\/cracpatrimoni.com\/es\/comunicado-referente-a-la-conservacion-preventiva-para-tiempo-de-museos-cerrados\/\" \/>\n<meta property=\"og:site_name\" content=\"CRAC\" \/>\n<meta property=\"article:published_time\" content=\"2020-04-03T13:40:27+00:00\" \/>\n<meta property=\"article:modified_time\" content=\"2023-01-09T14:08:08+00:00\" \/>\n<meta property=\"og:image\" content=\"https:\/\/cracpatrimoni.com\/wp-content\/uploads\/2020\/04\/miniatura-news-conservacio-preventiva-museus-tancats.png\" \/>\n\t<meta property=\"og:image:width\" content=\"1000\" \/>\n\t<meta property=\"og:image:height\" content=\"1000\" \/>\n\t<meta property=\"og:image:type\" content=\"image\/png\" \/>\n<meta name=\"author\" content=\"Ingrid Ferrer Homs\" \/>\n<meta name=\"twitter:card\" content=\"summary_large_image\" \/>\n<meta name=\"twitter:label1\" content=\"Escrito por\" \/>\n\t<meta name=\"twitter:data1\" content=\"Ingrid Ferrer Homs\" \/>\n<script type=\"application\/ld+json\" class=\"yoast-schema-graph\">{\"@context\":\"https:\\\/\\\/schema.org\",\"@graph\":[{\"@type\":\"Article\",\"@id\":\"https:\\\/\\\/cracpatrimoni.com\\\/es\\\/comunicado-referente-a-la-conservacion-preventiva-para-tiempo-de-museos-cerrados\\\/#article\",\"isPartOf\":{\"@id\":\"https:\\\/\\\/cracpatrimoni.com\\\/es\\\/comunicado-referente-a-la-conservacion-preventiva-para-tiempo-de-museos-cerrados\\\/\"},\"author\":{\"name\":\"Ingrid Ferrer Homs\",\"@id\":\"https:\\\/\\\/cracpatrimoni.com\\\/es\\\/#\\\/schema\\\/person\\\/be5a2af72e5ad4df9b5b33a09cc0ef9d\"},\"headline\":\"Comunicado referente a la Conservaci\u00f3n Preventiva para tiempo de museos cerrados\",\"datePublished\":\"2020-04-03T13:40:27+00:00\",\"dateModified\":\"2023-01-09T14:08:08+00:00\",\"mainEntityOfPage\":{\"@id\":\"https:\\\/\\\/cracpatrimoni.com\\\/es\\\/comunicado-referente-a-la-conservacion-preventiva-para-tiempo-de-museos-cerrados\\\/\"},\"wordCount\":109,\"publisher\":{\"@id\":\"https:\\\/\\\/cracpatrimoni.com\\\/es\\\/#organization\"},\"image\":{\"@id\":\"https:\\\/\\\/cracpatrimoni.com\\\/es\\\/comunicado-referente-a-la-conservacion-preventiva-para-tiempo-de-museos-cerrados\\\/#primaryimage\"},\"thumbnailUrl\":\"https:\\\/\\\/cracpatrimoni.com\\\/wp-content\\\/uploads\\\/2020\\\/04\\\/miniatura-news-conservacio-preventiva-museus-tancats.png\",\"articleSection\":[\"Reuni\u00f3n t\u00e9cnica\"],\"inLanguage\":\"es\"},{\"@type\":\"WebPage\",\"@id\":\"https:\\\/\\\/cracpatrimoni.com\\\/es\\\/comunicado-referente-a-la-conservacion-preventiva-para-tiempo-de-museos-cerrados\\\/\",\"url\":\"https:\\\/\\\/cracpatrimoni.com\\\/es\\\/comunicado-referente-a-la-conservacion-preventiva-para-tiempo-de-museos-cerrados\\\/\",\"name\":\"Comunicado referente a la Conservaci\u00f3n Preventiva para tiempo de museos cerrados - CRAC\",\"isPartOf\":{\"@id\":\"https:\\\/\\\/cracpatrimoni.com\\\/es\\\/#website\"},\"primaryImageOfPage\":{\"@id\":\"https:\\\/\\\/cracpatrimoni.com\\\/es\\\/comunicado-referente-a-la-conservacion-preventiva-para-tiempo-de-museos-cerrados\\\/#primaryimage\"},\"image\":{\"@id\":\"https:\\\/\\\/cracpatrimoni.com\\\/es\\\/comunicado-referente-a-la-conservacion-preventiva-para-tiempo-de-museos-cerrados\\\/#primaryimage\"},\"thumbnailUrl\":\"https:\\\/\\\/cracpatrimoni.com\\\/wp-content\\\/uploads\\\/2020\\\/04\\\/miniatura-news-conservacio-preventiva-museus-tancats.png\",\"datePublished\":\"2020-04-03T13:40:27+00:00\",\"dateModified\":\"2023-01-09T14:08:08+00:00\",\"breadcrumb\":{\"@id\":\"https:\\\/\\\/cracpatrimoni.com\\\/es\\\/comunicado-referente-a-la-conservacion-preventiva-para-tiempo-de-museos-cerrados\\\/#breadcrumb\"},\"inLanguage\":\"es\",\"potentialAction\":[{\"@type\":\"ReadAction\",\"target\":[\"https:\\\/\\\/cracpatrimoni.com\\\/es\\\/comunicado-referente-a-la-conservacion-preventiva-para-tiempo-de-museos-cerrados\\\/\"]}]},{\"@type\":\"ImageObject\",\"inLanguage\":\"es\",\"@id\":\"https:\\\/\\\/cracpatrimoni.com\\\/es\\\/comunicado-referente-a-la-conservacion-preventiva-para-tiempo-de-museos-cerrados\\\/#primaryimage\",\"url\":\"https:\\\/\\\/cracpatrimoni.com\\\/wp-content\\\/uploads\\\/2020\\\/04\\\/miniatura-news-conservacio-preventiva-museus-tancats.png\",\"contentUrl\":\"https:\\\/\\\/cracpatrimoni.com\\\/wp-content\\\/uploads\\\/2020\\\/04\\\/miniatura-news-conservacio-preventiva-museus-tancats.png\",\"width\":1000,\"height\":1000},{\"@type\":\"BreadcrumbList\",\"@id\":\"https:\\\/\\\/cracpatrimoni.com\\\/es\\\/comunicado-referente-a-la-conservacion-preventiva-para-tiempo-de-museos-cerrados\\\/#breadcrumb\",\"itemListElement\":[{\"@type\":\"ListItem\",\"position\":1,\"name\":\"Portada\",\"item\":\"https:\\\/\\\/cracpatrimoni.com\\\/es\\\/\"},{\"@type\":\"ListItem\",\"position\":2,\"name\":\"Comunicado referente a la Conservaci\u00f3n Preventiva para tiempo de museos cerrados\"}]},{\"@type\":\"WebSite\",\"@id\":\"https:\\\/\\\/cracpatrimoni.com\\\/es\\\/#website\",\"url\":\"https:\\\/\\\/cracpatrimoni.com\\\/es\\\/\",\"name\":\"CRAC\",\"description\":\"Conservadors restauradors associats de Catalunya\",\"publisher\":{\"@id\":\"https:\\\/\\\/cracpatrimoni.com\\\/es\\\/#organization\"},\"potentialAction\":[{\"@type\":\"SearchAction\",\"target\":{\"@type\":\"EntryPoint\",\"urlTemplate\":\"https:\\\/\\\/cracpatrimoni.com\\\/es\\\/?s={search_term_string}\"},\"query-input\":{\"@type\":\"PropertyValueSpecification\",\"valueRequired\":true,\"valueName\":\"search_term_string\"}}],\"inLanguage\":\"es\"},{\"@type\":\"Organization\",\"@id\":\"https:\\\/\\\/cracpatrimoni.com\\\/es\\\/#organization\",\"name\":\"CRAC\",\"url\":\"https:\\\/\\\/cracpatrimoni.com\\\/es\\\/\",\"logo\":{\"@type\":\"ImageObject\",\"inLanguage\":\"es\",\"@id\":\"https:\\\/\\\/cracpatrimoni.com\\\/es\\\/#\\\/schema\\\/logo\\\/image\\\/\",\"url\":\"https:\\\/\\\/cracpatrimoni.com\\\/wp-content\\\/uploads\\\/2022\\\/11\\\/logocrac-1-1.png\",\"contentUrl\":\"https:\\\/\\\/cracpatrimoni.com\\\/wp-content\\\/uploads\\\/2022\\\/11\\\/logocrac-1-1.png\",\"width\":384,\"height\":152,\"caption\":\"CRAC\"},\"image\":{\"@id\":\"https:\\\/\\\/cracpatrimoni.com\\\/es\\\/#\\\/schema\\\/logo\\\/image\\\/\"}},{\"@type\":\"Person\",\"@id\":\"https:\\\/\\\/cracpatrimoni.com\\\/es\\\/#\\\/schema\\\/person\\\/be5a2af72e5ad4df9b5b33a09cc0ef9d\",\"name\":\"Ingrid Ferrer Homs\",\"image\":{\"@type\":\"ImageObject\",\"inLanguage\":\"es\",\"@id\":\"https:\\\/\\\/secure.gravatar.com\\\/avatar\\\/93e98562c9a14b3ca456ad9f1aad2bddb77211fafffaeca30b5f801ccbf2ea3d?s=96&d=mm&r=g\",\"url\":\"https:\\\/\\\/secure.gravatar.com\\\/avatar\\\/93e98562c9a14b3ca456ad9f1aad2bddb77211fafffaeca30b5f801ccbf2ea3d?s=96&d=mm&r=g\",\"contentUrl\":\"https:\\\/\\\/secure.gravatar.com\\\/avatar\\\/93e98562c9a14b3ca456ad9f1aad2bddb77211fafffaeca30b5f801ccbf2ea3d?s=96&d=mm&r=g\",\"caption\":\"Ingrid Ferrer Homs\"},\"url\":\"https:\\\/\\\/cracpatrimoni.com\\\/es\\\/author\\\/ingrid\\\/\"}]}<\/script>\n<!-- \/ Yoast SEO plugin. -->","yoast_head_json":{"title":"Comunicado referente a la Conservaci\u00f3n Preventiva para tiempo de museos cerrados - CRAC","robots":{"index":"index","follow":"follow","max-snippet":"max-snippet:-1","max-image-preview":"max-image-preview:large","max-video-preview":"max-video-preview:-1"},"canonical":"https:\/\/cracpatrimoni.com\/es\/comunicado-referente-a-la-conservacion-preventiva-para-tiempo-de-museos-cerrados\/","og_locale":"es_ES","og_type":"article","og_title":"Comunicado referente a la Conservaci\u00f3n Preventiva para tiempo de museos cerrados - CRAC","og_description":"Ante la situaci\u00f3n excepcional que la pandemia de la COVID-19 ha generado, la Direcci\u00f3n General del Patrimonio Cultural (Servicio de Museos y Protecci\u00f3n de Bienes Muebles) nos facilita un comunicado con una serie de medidas o recomendaciones para la etapa de confinamiento y mientras los museos permanezcan cerrados. Se ha contado con el asesoramiento de [&hellip;]","og_url":"https:\/\/cracpatrimoni.com\/es\/comunicado-referente-a-la-conservacion-preventiva-para-tiempo-de-museos-cerrados\/","og_site_name":"CRAC","article_published_time":"2020-04-03T13:40:27+00:00","article_modified_time":"2023-01-09T14:08:08+00:00","og_image":[{"width":1000,"height":1000,"url":"https:\/\/cracpatrimoni.com\/wp-content\/uploads\/2020\/04\/miniatura-news-conservacio-preventiva-museus-tancats.png","type":"image\/png"}],"author":"Ingrid Ferrer Homs","twitter_card":"summary_large_image","twitter_misc":{"Escrito por":"Ingrid Ferrer Homs"},"schema":{"@context":"https:\/\/schema.org","@graph":[{"@type":"Article","@id":"https:\/\/cracpatrimoni.com\/es\/comunicado-referente-a-la-conservacion-preventiva-para-tiempo-de-museos-cerrados\/#article","isPartOf":{"@id":"https:\/\/cracpatrimoni.com\/es\/comunicado-referente-a-la-conservacion-preventiva-para-tiempo-de-museos-cerrados\/"},"author":{"name":"Ingrid Ferrer Homs","@id":"https:\/\/cracpatrimoni.com\/es\/#\/schema\/person\/be5a2af72e5ad4df9b5b33a09cc0ef9d"},"headline":"Comunicado referente a la Conservaci\u00f3n Preventiva para tiempo de museos cerrados","datePublished":"2020-04-03T13:40:27+00:00","dateModified":"2023-01-09T14:08:08+00:00","mainEntityOfPage":{"@id":"https:\/\/cracpatrimoni.com\/es\/comunicado-referente-a-la-conservacion-preventiva-para-tiempo-de-museos-cerrados\/"},"wordCount":109,"publisher":{"@id":"https:\/\/cracpatrimoni.com\/es\/#organization"},"image":{"@id":"https:\/\/cracpatrimoni.com\/es\/comunicado-referente-a-la-conservacion-preventiva-para-tiempo-de-museos-cerrados\/#primaryimage"},"thumbnailUrl":"https:\/\/cracpatrimoni.com\/wp-content\/uploads\/2020\/04\/miniatura-news-conservacio-preventiva-museus-tancats.png","articleSection":["Reuni\u00f3n t\u00e9cnica"],"inLanguage":"es"},{"@type":"WebPage","@id":"https:\/\/cracpatrimoni.com\/es\/comunicado-referente-a-la-conservacion-preventiva-para-tiempo-de-museos-cerrados\/","url":"https:\/\/cracpatrimoni.com\/es\/comunicado-referente-a-la-conservacion-preventiva-para-tiempo-de-museos-cerrados\/","name":"Comunicado referente a la Conservaci\u00f3n Preventiva para tiempo de museos cerrados - CRAC","isPartOf":{"@id":"https:\/\/cracpatrimoni.com\/es\/#website"},"primaryImageOfPage":{"@id":"https:\/\/cracpatrimoni.com\/es\/comunicado-referente-a-la-conservacion-preventiva-para-tiempo-de-museos-cerrados\/#primaryimage"},"image":{"@id":"https:\/\/cracpatrimoni.com\/es\/comunicado-referente-a-la-conservacion-preventiva-para-tiempo-de-museos-cerrados\/#primaryimage"},"thumbnailUrl":"https:\/\/cracpatrimoni.com\/wp-content\/uploads\/2020\/04\/miniatura-news-conservacio-preventiva-museus-tancats.png","datePublished":"2020-04-03T13:40:27+00:00","dateModified":"2023-01-09T14:08:08+00:00","breadcrumb":{"@id":"https:\/\/cracpatrimoni.com\/es\/comunicado-referente-a-la-conservacion-preventiva-para-tiempo-de-museos-cerrados\/#breadcrumb"},"inLanguage":"es","potentialAction":[{"@type":"ReadAction","target":["https:\/\/cracpatrimoni.com\/es\/comunicado-referente-a-la-conservacion-preventiva-para-tiempo-de-museos-cerrados\/"]}]},{"@type":"ImageObject","inLanguage":"es","@id":"https:\/\/cracpatrimoni.com\/es\/comunicado-referente-a-la-conservacion-preventiva-para-tiempo-de-museos-cerrados\/#primaryimage","url":"https:\/\/cracpatrimoni.com\/wp-content\/uploads\/2020\/04\/miniatura-news-conservacio-preventiva-museus-tancats.png","contentUrl":"https:\/\/cracpatrimoni.com\/wp-content\/uploads\/2020\/04\/miniatura-news-conservacio-preventiva-museus-tancats.png","width":1000,"height":1000},{"@type":"BreadcrumbList","@id":"https:\/\/cracpatrimoni.com\/es\/comunicado-referente-a-la-conservacion-preventiva-para-tiempo-de-museos-cerrados\/#breadcrumb","itemListElement":[{"@type":"ListItem","position":1,"name":"Portada","item":"https:\/\/cracpatrimoni.com\/es\/"},{"@type":"ListItem","position":2,"name":"Comunicado referente a la Conservaci\u00f3n Preventiva para tiempo de museos cerrados"}]},{"@type":"WebSite","@id":"https:\/\/cracpatrimoni.com\/es\/#website","url":"https:\/\/cracpatrimoni.com\/es\/","name":"CRAC","description":"Conservadors restauradors associats de Catalunya","publisher":{"@id":"https:\/\/cracpatrimoni.com\/es\/#organization"},"potentialAction":[{"@type":"SearchAction","target":{"@type":"EntryPoint","urlTemplate":"https:\/\/cracpatrimoni.com\/es\/?s={search_term_string}"},"query-input":{"@type":"PropertyValueSpecification","valueRequired":true,"valueName":"search_term_string"}}],"inLanguage":"es"},{"@type":"Organization","@id":"https:\/\/cracpatrimoni.com\/es\/#organization","name":"CRAC","url":"https:\/\/cracpatrimoni.com\/es\/","logo":{"@type":"ImageObject","inLanguage":"es","@id":"https:\/\/cracpatrimoni.com\/es\/#\/schema\/logo\/image\/","url":"https:\/\/cracpatrimoni.com\/wp-content\/uploads\/2022\/11\/logocrac-1-1.png","contentUrl":"https:\/\/cracpatrimoni.com\/wp-content\/uploads\/2022\/11\/logocrac-1-1.png","width":384,"height":152,"caption":"CRAC"},"image":{"@id":"https:\/\/cracpatrimoni.com\/es\/#\/schema\/logo\/image\/"}},{"@type":"Person","@id":"https:\/\/cracpatrimoni.com\/es\/#\/schema\/person\/be5a2af72e5ad4df9b5b33a09cc0ef9d","name":"Ingrid Ferrer Homs","image":{"@type":"ImageObject","inLanguage":"es","@id":"https:\/\/secure.gravatar.com\/avatar\/93e98562c9a14b3ca456ad9f1aad2bddb77211fafffaeca30b5f801ccbf2ea3d?s=96&d=mm&r=g","url":"https:\/\/secure.gravatar.com\/avatar\/93e98562c9a14b3ca456ad9f1aad2bddb77211fafffaeca30b5f801ccbf2ea3d?s=96&d=mm&r=g","contentUrl":"https:\/\/secure.gravatar.com\/avatar\/93e98562c9a14b3ca456ad9f1aad2bddb77211fafffaeca30b5f801ccbf2ea3d?s=96&d=mm&r=g","caption":"Ingrid Ferrer Homs"},"url":"https:\/\/cracpatrimoni.com\/es\/author\/ingrid\/"}]}},"_links":{"self":[{"href":"https:\/\/cracpatrimoni.com\/es\/wp-json\/wp\/v2\/posts\/4548","targetHints":{"allow":["GET"]}}],"collection":[{"href":"https:\/\/cracpatrimoni.com\/es\/wp-json\/wp\/v2\/posts"}],"about":[{"href":"https:\/\/cracpatrimoni.com\/es\/wp-json\/wp\/v2\/types\/post"}],"author":[{"embeddable":true,"href":"https:\/\/cracpatrimoni.com\/es\/wp-json\/wp\/v2\/users\/2"}],"replies":[{"embeddable":true,"href":"https:\/\/cracpatrimoni.com\/es\/wp-json\/wp\/v2\/comments?post=4548"}],"version-history":[{"count":3,"href":"https:\/\/cracpatrimoni.com\/es\/wp-json\/wp\/v2\/posts\/4548\/revisions"}],"predecessor-version":[{"id":4737,"href":"https:\/\/cracpatrimoni.com\/es\/wp-json\/wp\/v2\/posts\/4548\/revisions\/4737"}],"wp:featuredmedia":[{"embeddable":true,"href":"https:\/\/cracpatrimoni.com\/es\/wp-json\/wp\/v2\/media\/3561"}],"wp:attachment":[{"href":"https:\/\/cracpatrimoni.com\/es\/wp-json\/wp\/v2\/media?parent=4548"}],"wp:term":[{"taxonomy":"category","embeddable":true,"href":"https:\/\/cracpatrimoni.com\/es\/wp-json\/wp\/v2\/categories?post=4548"},{"taxonomy":"post_tag","embeddable":true,"href":"https:\/\/cracpatrimoni.com\/es\/wp-json\/wp\/v2\/tags?post=4548"}],"curies":[{"name":"wp","href":"https:\/\/api.w.org\/{rel}","templated":true}]}}