{"id":4528,"date":"2023-01-10T19:56:33","date_gmt":"2023-01-10T19:56:33","guid":{"rendered":"http:\/\/cracpatrimoni.com\/reunion-tecnica-2023\/"},"modified":"2023-10-04T17:35:35","modified_gmt":"2023-10-04T17:35:35","slug":"reunion-tecnica-2023","status":"publish","type":"post","link":"https:\/\/cracpatrimoni.com\/es\/reunion-tecnica-2023\/","title":{"rendered":"Reuni\u00f3n T\u00e9cnica 2023"},"content":{"rendered":"\t\t<div data-elementor-type=\"wp-post\" data-elementor-id=\"4528\" class=\"elementor elementor-4528 elementor-1626\" data-elementor-post-type=\"post\">\n\t\t\t\t\t\t<section class=\"elementor-section elementor-top-section elementor-element elementor-element-b2d7c7d elementor-section-boxed elementor-section-height-default elementor-section-height-default\" data-id=\"b2d7c7d\" data-element_type=\"section\" data-e-type=\"section\">\n\t\t\t\t\t\t<div class=\"elementor-container elementor-column-gap-default\">\n\t\t\t\t\t<div class=\"elementor-column elementor-col-100 elementor-top-column elementor-element elementor-element-40a2d85\" data-id=\"40a2d85\" data-element_type=\"column\" data-e-type=\"column\">\n\t\t\t<div class=\"elementor-widget-wrap elementor-element-populated\">\n\t\t\t\t\t\t<div class=\"elementor-element elementor-element-876c74f elementor-widget elementor-widget-text-editor\" data-id=\"876c74f\" data-element_type=\"widget\" data-e-type=\"widget\" data-widget_type=\"text-editor.default\">\n\t\t\t\t<div class=\"elementor-widget-container\">\n\t\t\t\t\t\t\t\t\t<h5><span style=\"color: var( --e-global-color-text ); font-family: var( --e-global-typography-text-font-family ), Sans-serif; font-size: var( --e-global-typography-text-font-size ); font-weight: var( --e-global-typography-text-font-weight ); background-color: var( --e-global-color-8035b26 );\">La asociaci\u00f3n profesional Conservadores-Restauradores Asociados de Catalu\u00f1a (CRAC) convoca la XVII Reuni\u00f3n T\u00e9cnica: <\/span><span style=\"font-family: var( --e-global-typography-text-font-family ), Sans-serif; font-size: var( --e-global-typography-text-font-size ); background-color: var( --e-global-color-8035b26 ); color: var( --e-global-color-text ); font-weight: bolder;\">LA EVOLUCI\u00d3N DE LAS ESPECIALIDADES EN CONSERVACI\u00d3N-RESTAURACI\u00d3N: NUEVOS RETOS Y PERFILES PROFESIONALES. <\/span><span style=\"font-family: var( --e-global-typography-text-font-family ), Sans-serif; font-size: var( --e-global-typography-text-font-size ); font-weight: var( --e-global-typography-text-font-weight ); background-color: var( --e-global-color-8035b26 ); color: var( --e-global-color-text );\">Se trata de<\/span><span style=\"font-family: var( --e-global-typography-text-font-family ), Sans-serif; font-size: var( --e-global-typography-text-font-size ); font-weight: var( --e-global-typography-text-font-weight ); background-color: var( --e-global-color-8035b26 ); color: var( --e-global-color-text );\">un<\/span><span style=\"font-family: var( --e-global-typography-text-font-family ), Sans-serif; font-size: var( --e-global-typography-text-font-size ); font-weight: var( --e-global-typography-text-font-weight ); background-color: var( --e-global-color-8035b26 ); color: var( --e-global-color-text );\"> congreso presencial y virtual, que tendr\u00e1 lugar en el Museo del Dise\u00f1o de Barcelona el 23 y 24 de noviembre de 2023.<\/span><\/h5>\n\t\t\t\t\t\t\t\t<\/div>\n\t\t\t\t<\/div>\n\t\t\t\t\t<\/div>\n\t\t<\/div>\n\t\t\t\t\t<\/div>\n\t\t<\/section>\n\t\t\t\t<section class=\"elementor-section elementor-top-section elementor-element elementor-element-8cad555 elementor-section-boxed elementor-section-height-default elementor-section-height-default\" data-id=\"8cad555\" data-element_type=\"section\" data-e-type=\"section\">\n\t\t\t\t\t\t<div class=\"elementor-container elementor-column-gap-default\">\n\t\t\t\t\t<div class=\"elementor-column elementor-col-50 elementor-top-column elementor-element elementor-element-beeaa5b\" data-id=\"beeaa5b\" data-element_type=\"column\" data-e-type=\"column\">\n\t\t\t<div class=\"elementor-widget-wrap elementor-element-populated\">\n\t\t\t\t\t\t<div class=\"elementor-element elementor-element-fcc5e67 elementor-widget elementor-widget-text-editor\" data-id=\"fcc5e67\" data-element_type=\"widget\" data-e-type=\"widget\" data-widget_type=\"text-editor.default\">\n\t\t\t\t<div class=\"elementor-widget-container\">\n\t\t\t\t\t\t\t\t\t<p><strong><span style=\"color: var( --e-global-color-text ); font-family: var( --e-global-typography-text-font-family ), Sans-serif; font-size: var( --e-global-typography-text-font-size ); background-color: var( --e-global-color-8035b26 );\">Informaci\u00f3n detallada:<\/span><\/strong><\/p>\n\t\t\t\t\t\t\t\t<\/div>\n\t\t\t\t<\/div>\n\t\t\t\t<div class=\"elementor-element elementor-element-15d6d36 elementor-button-info elementor-align-center elementor-widget elementor-widget-button\" data-id=\"15d6d36\" data-element_type=\"widget\" data-e-type=\"widget\" data-widget_type=\"button.default\">\n\t\t\t\t<div class=\"elementor-widget-container\">\n\t\t\t\t\t\t\t\t\t<div class=\"elementor-button-wrapper\">\n\t\t\t\t\t<a class=\"elementor-button elementor-button-link elementor-size-sm\" href=\"https:\/\/reuniotecnicacrac.com\/\" target=\"_blank\">\n\t\t\t\t\t\t<span class=\"elementor-button-content-wrapper\">\n\t\t\t\t\t\t\t\t\t<span class=\"elementor-button-text\">Reuni\u00f3n t\u00e9cnica<\/span>\n\t\t\t\t\t<\/span>\n\t\t\t\t\t<\/a>\n\t\t\t\t<\/div>\n\t\t\t\t\t\t\t\t<\/div>\n\t\t\t\t<\/div>\n\t\t\t\t\t<\/div>\n\t\t<\/div>\n\t\t\t\t<div class=\"elementor-column elementor-col-50 elementor-top-column elementor-element elementor-element-92d2e4c\" data-id=\"92d2e4c\" data-element_type=\"column\" data-e-type=\"column\">\n\t\t\t<div class=\"elementor-widget-wrap elementor-element-populated\">\n\t\t\t\t\t\t<div class=\"elementor-element elementor-element-2d0cc84 elementor-widget elementor-widget-text-editor\" data-id=\"2d0cc84\" data-element_type=\"widget\" data-e-type=\"widget\" data-widget_type=\"text-editor.default\">\n\t\t\t\t<div class=\"elementor-widget-container\">\n\t\t\t\t\t\t\t\t\t<p><span style=\"color: var( --e-global-color-text ); font-family: var( --e-global-typography-text-font-family ), Sans-serif; font-size: var( --e-global-typography-text-font-size ); font-weight: var( --e-global-typography-text-font-weight ); background-color: var( --e-global-color-8035b26 );\">Informaci\u00f3n relacionada con las <strong>inscripciones<\/strong>:<\/span><\/p>\n\t\t\t\t\t\t\t\t<\/div>\n\t\t\t\t<\/div>\n\t\t\t\t<div class=\"elementor-element elementor-element-f2f908b elementor-align-center elementor-widget elementor-widget-button\" data-id=\"f2f908b\" data-element_type=\"widget\" data-e-type=\"widget\" data-widget_type=\"button.default\">\n\t\t\t\t<div class=\"elementor-widget-container\">\n\t\t\t\t\t\t\t\t\t<div class=\"elementor-button-wrapper\">\n\t\t\t\t\t<a class=\"elementor-button elementor-button-link elementor-size-sm\" href=\"https:\/\/reuniotecnicacrac.com\/el-congres\/inscripcions\" target=\"_blank\">\n\t\t\t\t\t\t<span class=\"elementor-button-content-wrapper\">\n\t\t\t\t\t\t\t\t\t<span class=\"elementor-button-text\">Inscripciones<\/span>\n\t\t\t\t\t<\/span>\n\t\t\t\t\t<\/a>\n\t\t\t\t<\/div>\n\t\t\t\t\t\t\t\t<\/div>\n\t\t\t\t<\/div>\n\t\t\t\t\t<\/div>\n\t\t<\/div>\n\t\t\t\t\t<\/div>\n\t\t<\/section>\n\t\t\t\t<section class=\"elementor-section elementor-top-section elementor-element elementor-element-2dc0c59 elementor-section-full_width elementor-section-height-default elementor-section-height-default\" data-id=\"2dc0c59\" data-element_type=\"section\" data-e-type=\"section\">\n\t\t\t\t\t\t<div class=\"elementor-container elementor-column-gap-default\">\n\t\t\t\t\t<div class=\"elementor-column elementor-col-100 elementor-top-column elementor-element elementor-element-6d6f0263\" data-id=\"6d6f0263\" data-element_type=\"column\" data-e-type=\"column\">\n\t\t\t<div class=\"elementor-widget-wrap elementor-element-populated\">\n\t\t\t\t\t\t<div class=\"elementor-element elementor-element-35098046 elementor-widget elementor-widget-text-editor\" data-id=\"35098046\" data-element_type=\"widget\" data-e-type=\"widget\" data-widget_type=\"text-editor.default\">\n\t\t\t\t<div class=\"elementor-widget-container\">\n\t\t\t\t\t\t\t\t\t<p><span style=\"color: var( --e-global-color-text ); font-family: var( --e-global-typography-text-font-family ), Sans-serif; font-size: var( --e-global-typography-text-font-size ); font-weight: var( --e-global-typography-text-font-weight ); background-color: var( --e-global-color-8035b26 );\"> <\/span><span style=\"color: var( --e-global-color-text ); font-family: var( --e-global-typography-text-font-family ), Sans-serif; font-size: var( --e-global-typography-text-font-size ); font-weight: var( --e-global-typography-text-font-weight ); background-color: var( --e-global-color-8035b26 );\"> <\/span><\/p>\n<p style=\"color: #248e6d;\"><strong>Tema de la Reuni\u00f3n T\u00e9cnica<\/strong> <strong>2023<\/strong><\/p>\n<div>\n<div>\n<p>La conservaci\u00f3n-restauraci\u00f3n sigue evolucionando en este siglo XXI, trabajando con patrimonio cada vez m\u00e1s ins\u00f3lito y diverso. La profesi\u00f3n emprende nuevos retos y se enfrenta a tipolog\u00edas y materiales recientes, adentr\u00e1ndose en un cambio de paradigma que afecta transversalmente a todo el sector y nos obliga a emprender nuevas metodolog\u00edas de trabajo, apoyadas en el estudio cient\u00edfico y los avances tecnol\u00f3gicos.<\/p>\n<p><span style=\"color: var( --e-global-color-text ); font-family: var( --e-global-typography-text-font-family ), Sans-serif; font-size: var( --e-global-typography-text-font-size ); font-weight: var( --e-global-typography-text-font-weight ); background-color: var( --e-global-color-8035b26 );\">La globalizaci\u00f3n, la necesaria tendencia a la sostenibilidad, los nuevos materiales, los formatos at\u00edpicos, los ef\u00edmeros, las colecciones singulares o los espacios patrimoniales, entre otros, hacen evolucionar las especialidades y los trabajos interdisciplinares, ampliando los campos de formaci\u00f3n y de investigaci\u00f3n tradicionales.<\/span><\/p>\n<p><span style=\"color: var( --e-global-color-text ); font-family: var( --e-global-typography-text-font-family ), Sans-serif; font-size: var( --e-global-typography-text-font-size ); font-weight: var( --e-global-typography-text-font-weight ); background-color: var( --e-global-color-8035b26 );\">La creciente madurez de la profesi\u00f3n, guiada por su c\u00f3digo deontol\u00f3gico, debe permitir a los conservadores-restauradores adaptarse a este nuevo paradigma y ser capaces de garantizar la salvaguardia de todo ese patrimonio. Por eso, es imprescindible dar a conocer los proyectos que llevan a cabo los profesionales de especialidades al margen de la tradici\u00f3n acad\u00e9mica, o con una presencia m\u00e1s limitada en los planes de estudios actuales.<\/span><\/p>\n<p><span style=\"color: var( --e-global-color-text ); font-family: var( --e-global-typography-text-font-family ), Sans-serif; font-size: var( --e-global-typography-text-font-size ); font-weight: var( --e-global-typography-text-font-weight ); background-color: var( --e-global-color-8035b26 );\">As\u00ed pues, la XVII Reuni\u00f3n T\u00e9cnica va dirigida a todas y todos los conservadores-restauradores y perfiles profesionales afines, interesados en las especialidades singulares, sea por los materiales o tipolog\u00edas tratadas, y que, muy a menudo, no han tenido unos canales de difusi\u00f3n suficientemente consolidados.<\/span><\/p>\n<p><span style=\"color: var( --e-global-color-text ); font-family: var( --e-global-typography-text-font-family ), Sans-serif; font-size: var( --e-global-typography-text-font-size ); font-weight: var( --e-global-typography-text-font-weight ); background-color: var( --e-global-color-8035b26 );\"> <\/span><\/p>\n<\/div>\n<div>\n<p><span style=\"color: #e3643a; font-weight: bold;\">\u00bfCu\u00e1les son algunos de los nuevos retos con los que se encuentra la profesi\u00f3n?<\/span><\/p>\n<\/div>\n<\/div>\n\t\t\t\t\t\t\t\t<\/div>\n\t\t\t\t<\/div>\n\t\t\t\t\t<\/div>\n\t\t<\/div>\n\t\t\t\t\t<\/div>\n\t\t<\/section>\n\t\t\t\t<section class=\"elementor-section elementor-top-section elementor-element elementor-element-530fbf5 elementor-section-boxed elementor-section-height-default elementor-section-height-default\" data-id=\"530fbf5\" data-element_type=\"section\" data-e-type=\"section\">\n\t\t\t\t\t\t<div class=\"elementor-container elementor-column-gap-default\">\n\t\t\t\t\t<div class=\"elementor-column elementor-col-50 elementor-top-column elementor-element elementor-element-19f5990\" data-id=\"19f5990\" data-element_type=\"column\" data-e-type=\"column\">\n\t\t\t<div class=\"elementor-widget-wrap elementor-element-populated\">\n\t\t\t\t\t\t<div class=\"elementor-element elementor-element-eae8b14 elementor-widget elementor-widget-text-editor\" data-id=\"eae8b14\" data-element_type=\"widget\" data-e-type=\"widget\" data-widget_type=\"text-editor.default\">\n\t\t\t\t<div class=\"elementor-widget-container\">\n\t\t\t\t\t\t\t\t\t<p><strong>\u2014<\/strong> El tratamiento de <strong>materiales recientes<\/strong> o <strong>poco estudiados<\/strong>: el paradigma de los pl\u00e1sticos.<\/p>\n<\/p>\n<p><strong>\u2014<\/strong> Colecciones o bienes patrimoniales <strong>singulares<\/strong>: el arte contempor\u00e1neo, el arte multimedia, los registros sonoros, fotogr\u00e1ficos y audiovisuales, el material cient\u00edfico-t\u00e9cnico, la arquitectura prefabricada de cart\u00f3n, el material etnol\u00f3gico, la orfebrer\u00eda, las vidrieras, los ef\u00edmeros en papel, los materiales de indumentaria y moda, mobiliario y dise\u00f1o industrial.<\/p>\n<\/p>\n<p><strong>\u2014<\/strong> Trabajar por una conservaci\u00f3n-restauraci\u00f3n m\u00e1s <strong>eficaz<\/strong> y <strong>sostenible<\/strong>: la consolidaci\u00f3n de la conservaci\u00f3n preventiva y la aparici\u00f3n del concepto de la preservaci\u00f3n del valor simb\u00f3lico dentro de la teor\u00eda contempor\u00e1nea de la restauraci\u00f3n de 2004, que introduce la urgencia de elaborar nuevos programas de gesti\u00f3n.<\/p>\n\t\t\t\t\t\t\t\t<\/div>\n\t\t\t\t<\/div>\n\t\t\t\t\t<\/div>\n\t\t<\/div>\n\t\t\t\t<div class=\"elementor-column elementor-col-50 elementor-top-column elementor-element elementor-element-ccabfcb\" data-id=\"ccabfcb\" data-element_type=\"column\" data-e-type=\"column\">\n\t\t\t<div class=\"elementor-widget-wrap elementor-element-populated\">\n\t\t\t\t\t\t<div class=\"elementor-element elementor-element-f3c6e47 elementor-widget elementor-widget-text-editor\" data-id=\"f3c6e47\" data-element_type=\"widget\" data-e-type=\"widget\" data-widget_type=\"text-editor.default\">\n\t\t\t\t<div class=\"elementor-widget-container\">\n\t\t\t\t\t\t\t\t\t<p><span style=\"font-weight: bolder;\">\u2014<\/span> La conservaci\u00f3n y mantenimiento de los <span style=\"font-weight: bolder;\">objetos en movimiento o en uso<\/span>, desde el arte cin\u00e9tico, el patrimonio religioso hasta el patrimonio cient\u00edfico e industrial.<\/p>\n<\/p>\n<p><span style=\"font-weight: bolder;\">\u2014<\/span> La gesti\u00f3n de los <span style=\"font-weight: bolder;\">materiales peligrosos<\/span> contenidos en las colecciones del siglo XX, como el amianto, el plomo o el ars\u00e9nico.<\/p>\n<\/p>\n<p><span style=\"font-weight: bolder;\">\u2014<\/span> La elaboraci\u00f3n de <span style=\"font-weight: bolder;\">planes de emergencia<\/span> para las colecciones singulares.<\/p>\n\t\t\t\t\t\t\t\t<\/div>\n\t\t\t\t<\/div>\n\t\t\t\t\t<\/div>\n\t\t<\/div>\n\t\t\t\t\t<\/div>\n\t\t<\/section>\n\t\t\t\t<section class=\"elementor-section elementor-top-section elementor-element elementor-element-5407b5a elementor-section-boxed elementor-section-height-default elementor-section-height-default\" data-id=\"5407b5a\" data-element_type=\"section\" data-e-type=\"section\">\n\t\t\t\t\t\t<div class=\"elementor-container elementor-column-gap-default\">\n\t\t\t\t\t<div class=\"elementor-column elementor-col-100 elementor-top-column elementor-element elementor-element-d61a615\" data-id=\"d61a615\" data-element_type=\"column\" data-e-type=\"column\">\n\t\t\t<div class=\"elementor-widget-wrap elementor-element-populated\">\n\t\t\t\t\t\t<div class=\"elementor-element elementor-element-8f77648 elementor-widget elementor-widget-spacer\" data-id=\"8f77648\" data-element_type=\"widget\" data-e-type=\"widget\" data-widget_type=\"spacer.default\">\n\t\t\t\t<div class=\"elementor-widget-container\">\n\t\t\t\t\t\t\t<div class=\"elementor-spacer\">\n\t\t\t<div class=\"elementor-spacer-inner\"><\/div>\n\t\t<\/div>\n\t\t\t\t\t\t<\/div>\n\t\t\t\t<\/div>\n\t\t\t\t<div class=\"elementor-element elementor-element-421201a elementor-widget__width-initial elementor-widget elementor-widget-text-editor\" data-id=\"421201a\" data-element_type=\"widget\" data-e-type=\"widget\" data-widget_type=\"text-editor.default\">\n\t\t\t\t<div class=\"elementor-widget-container\">\n\t\t\t\t\t\t\t\t\t<p>Este encuentro t\u00e9cnico es una ventana abierta a los profesionales de la conservaci\u00f3n-restauraci\u00f3n de todas las especialidades para exponer trabajos de investigaci\u00f3n, investigaciones e intervenciones. Un espacio para compartir experiencias y retos con la voluntad de dar visibilidad a una realidad transversal y plural, fomentando el debate cr\u00edtico dentro de una estrategia global por el reconocimiento de la profesi\u00f3n. Desde CRAC creemos que es una oportunidad \u00fanica para conocer y difundir nuevos recorridos en el \u00e1mbito laboral y de investigaci\u00f3n acad\u00e9mica.<\/p>\n<p style=\"box-sizing: border-box; margin-top: 0px; margin-bottom: 0.9rem; color: #000000; font-family: Univers, sans-serif; font-size: 16px; font-style: normal; font-variant-ligatures: normal; font-variant-caps: normal; font-weight: 400; letter-spacing: normal; orphans: 2; text-align: left; text-indent: 0px; text-transform: none; widows: 2; word-spacing: 0px; -webkit-text-stroke-width: 0px; white-space: normal; background-color: #f4f5f0; text-decoration-thickness: initial; text-decoration-style: initial; text-decoration-color: initial;\">\n<p style=\"box-sizing: border-box; margin-top: 0px; margin-bottom: 0.9rem; color: #000000; font-family: Univers, sans-serif; font-size: 16px; font-style: normal; font-variant-ligatures: normal; font-variant-caps: normal; font-weight: 400; letter-spacing: normal; orphans: 2; text-align: left; text-indent: 0px; text-transform: none; widows: 2; word-spacing: 0px; -webkit-text-stroke-width: 0px; white-space: normal; background-color: #f4f5f0; text-decoration-thickness: initial; text-decoration-style: initial; text-decoration-color: initial;\">Las <span style=\"box-sizing: border-box; font-weight: bolder;\">comunicaciones<\/span> se organizaran en <span style=\"box-sizing: border-box; font-weight: bolder;\">tres bloques<\/span>:<\/p>\n\t\t\t\t\t\t\t\t<\/div>\n\t\t\t\t<\/div>\n\t\t\t\t\t<\/div>\n\t\t<\/div>\n\t\t\t\t\t<\/div>\n\t\t<\/section>\n\t\t\t\t<section class=\"elementor-section elementor-top-section elementor-element elementor-element-4a767c1 elementor-section-boxed elementor-section-height-default elementor-section-height-default\" data-id=\"4a767c1\" data-element_type=\"section\" data-e-type=\"section\">\n\t\t\t\t\t\t<div class=\"elementor-container elementor-column-gap-default\">\n\t\t\t\t\t<div class=\"elementor-column elementor-col-33 elementor-top-column elementor-element elementor-element-a9ce794\" data-id=\"a9ce794\" data-element_type=\"column\" data-e-type=\"column\">\n\t\t\t<div class=\"elementor-widget-wrap elementor-element-populated\">\n\t\t\t\t\t\t<div class=\"elementor-element elementor-element-9c4858e elementor-widget elementor-widget-text-editor\" data-id=\"9c4858e\" data-element_type=\"widget\" data-e-type=\"widget\" data-widget_type=\"text-editor.default\">\n\t\t\t\t<div class=\"elementor-widget-container\">\n\t\t\t\t\t\t\t\t\t<p style=\"color: #248e6d; text-align: center;\"><span style=\"font-weight: bolder;\">1.<\/span><\/p>\n<p style=\"color: #e3643a; text-align: center;\"><span style=\"font-weight: bolder;\">Intervenciones de conservaci\u00f3n-restauraci\u00f3n. Experiencias y retos.<\/span><\/p>\n\t\t\t\t\t\t\t\t<\/div>\n\t\t\t\t<\/div>\n\t\t\t\t\t<\/div>\n\t\t<\/div>\n\t\t\t\t<div class=\"elementor-column elementor-col-33 elementor-top-column elementor-element elementor-element-e0575f3\" data-id=\"e0575f3\" data-element_type=\"column\" data-e-type=\"column\">\n\t\t\t<div class=\"elementor-widget-wrap elementor-element-populated\">\n\t\t\t\t\t\t<div class=\"elementor-element elementor-element-2673d47 elementor-widget elementor-widget-text-editor\" data-id=\"2673d47\" data-element_type=\"widget\" data-e-type=\"widget\" data-widget_type=\"text-editor.default\">\n\t\t\t\t<div class=\"elementor-widget-container\">\n\t\t\t\t\t\t\t\t\t<p style=\"color: #248e6d; text-align: center;\"><span style=\"font-weight: bolder;\">2.<\/span><\/p>\n<p style=\"color: #e3643a; text-align: center;\"><span style=\"font-weight: bolder;\">La gesti\u00f3n de las colecciones y bienes patrimoniales singulares: un perfil vers\u00e1til.<\/span><\/p>\n\t\t\t\t\t\t\t\t<\/div>\n\t\t\t\t<\/div>\n\t\t\t\t\t<\/div>\n\t\t<\/div>\n\t\t\t\t<div class=\"elementor-column elementor-col-33 elementor-top-column elementor-element elementor-element-e667daa\" data-id=\"e667daa\" data-element_type=\"column\" data-e-type=\"column\">\n\t\t\t<div class=\"elementor-widget-wrap elementor-element-populated\">\n\t\t\t\t\t\t<div class=\"elementor-element elementor-element-b2ff6e7 elementor-widget elementor-widget-text-editor\" data-id=\"b2ff6e7\" data-element_type=\"widget\" data-e-type=\"widget\" data-widget_type=\"text-editor.default\">\n\t\t\t\t<div class=\"elementor-widget-container\">\n\t\t\t\t\t\t\t\t\t<p style=\"color: #248e6d; text-align: center;\"><span style=\"font-weight: bolder;\">3.<\/span><\/p>\n<p style=\"color: #e3643a; text-align: center;\"><span style=\"font-weight: bolder;\">La conservaci\u00f3n de nuevos materiales. Desaf\u00edos e investigaci\u00f3n.<\/span><\/p>\n\t\t\t\t\t\t\t\t<\/div>\n\t\t\t\t<\/div>\n\t\t\t\t\t<\/div>\n\t\t<\/div>\n\t\t\t\t\t<\/div>\n\t\t<\/section>\n\t\t\t\t<section class=\"elementor-section elementor-top-section elementor-element elementor-element-8337e71 elementor-section-boxed elementor-section-height-default elementor-section-height-default\" data-id=\"8337e71\" data-element_type=\"section\" data-e-type=\"section\">\n\t\t\t\t\t\t<div class=\"elementor-container elementor-column-gap-default\">\n\t\t\t\t\t<div class=\"elementor-column elementor-col-100 elementor-top-column elementor-element elementor-element-30e2eac\" data-id=\"30e2eac\" data-element_type=\"column\" data-e-type=\"column\">\n\t\t\t<div class=\"elementor-widget-wrap elementor-element-populated\">\n\t\t\t\t\t\t<div class=\"elementor-element elementor-element-9cc24d9 elementor-widget elementor-widget-text-editor\" data-id=\"9cc24d9\" data-element_type=\"widget\" data-e-type=\"widget\" data-widget_type=\"text-editor.default\">\n\t\t\t\t<div class=\"elementor-widget-container\">\n\t\t\t\t\t\t\t\t\t<p style=\"color: #248e6d;\"><span style=\"font-weight: bolder;\">Comunicaciones orales y p\u00f3sters <\/span><\/p>\n<p>Los profesionales podr\u00e1n presentar comunicaciones en formato oral y p\u00f3ster en una sesi\u00f3n que les ser\u00e1 dedicada. Las personas interesadas en participar tendr\u00e1n que enviar un resumen de m\u00e1ximo 750 palabras bajo la forma del modelo adjunto (formato Word) a la direcci\u00f3n electr\u00f3nica: <a href=\"mailto:reuniotecnica@cracpatrimoni.com\" target=\"_blank\" rel=\"noreferrer noopener\">reuniotecnica@cracpatrimoni.com<\/a><\/p>\n<p>Los res\u00famenes y contribuciones recibidas ser\u00e1n evaluados por expertos miembros del comit\u00e9 cient\u00edfico. Las actas del congreso ser\u00e1n publicadas en color y distribuidas con el material entregado en el momento del registro de los participantes.<\/p>\n<p>Las lenguas de la Reuni\u00f3n T\u00e9cnica son el catal\u00e1n, el castellano y el ingl\u00e9s. Durante el congreso habr\u00e1 servicio de traducci\u00f3n simult\u00e1nea en estas tres lenguas.<\/p>\n\t\t\t\t\t\t\t\t<\/div>\n\t\t\t\t<\/div>\n\t\t\t\t\t<\/div>\n\t\t<\/div>\n\t\t\t\t\t<\/div>\n\t\t<\/section>\n\t\t\t\t<section class=\"elementor-section elementor-top-section elementor-element elementor-element-e143a1f elementor-section-boxed elementor-section-height-default elementor-section-height-default\" data-id=\"e143a1f\" data-element_type=\"section\" data-e-type=\"section\">\n\t\t\t\t\t\t<div class=\"elementor-container elementor-column-gap-default\">\n\t\t\t\t\t<div class=\"elementor-column elementor-col-33 elementor-top-column elementor-element elementor-element-8dfbb32\" data-id=\"8dfbb32\" data-element_type=\"column\" data-e-type=\"column\">\n\t\t\t<div class=\"elementor-widget-wrap elementor-element-populated\">\n\t\t\t\t\t\t<div class=\"elementor-element elementor-element-8cd3e08 elementor-widget elementor-widget-text-editor\" data-id=\"8cd3e08\" data-element_type=\"widget\" data-e-type=\"widget\" data-widget_type=\"text-editor.default\">\n\t\t\t\t<div class=\"elementor-widget-container\">\n\t\t\t\t\t\t\t\t\t<p><span style=\"color: rgb(36, 142, 109); font-weight: 700; font-family: var( --e-global-typography-text-font-family ), Sans-serif; font-size: var( --e-global-typography-text-font-size ); background-color: var( --e-global-color-8035b26 );\">Fechas&nbsp;<\/span><\/p><p><span style=\"color: #e3643a; font-weight: bolder;\">30 de septiembre 2022<\/span><span style=\"color: #e3643a;\">&nbsp;\u2014<\/span><\/p>\n<p><span style=\"font-weight: bolder;\">20 de noviembre 2022<\/span> \u2014<span style=\"color: #e3643a;\"><br><\/span><\/p>\n<p><span style=\"color: #e3643a; font-weight: bolder;\">15 de febrero 2023<\/span><span style=\"color: #e3643a;\">&nbsp;\u2014&nbsp;<\/span><\/p>\n<p><span style=\"color: #e3643a; font-weight: bolder;\">Febrero&nbsp;<\/span><span style=\"color: #e3643a;\">|<\/span><span style=\"color: #e3643a; font-weight: bolder;\">&nbsp;mayo 2023<\/span><span style=\"color: #e3643a;\">&nbsp;\u2014&nbsp;<\/span><span style=\"color: #e3643a;\"><br><\/span><\/p>\t\t\t\t\t\t\t\t<\/div>\n\t\t\t\t<\/div>\n\t\t\t\t\t<\/div>\n\t\t<\/div>\n\t\t\t\t<div class=\"elementor-column elementor-col-66 elementor-top-column elementor-element elementor-element-e4ce080\" data-id=\"e4ce080\" data-element_type=\"column\" data-e-type=\"column\">\n\t\t\t<div class=\"elementor-widget-wrap elementor-element-populated\">\n\t\t\t\t\t\t<div class=\"elementor-element elementor-element-a7f3a6f elementor-widget elementor-widget-text-editor\" data-id=\"a7f3a6f\" data-element_type=\"widget\" data-e-type=\"widget\" data-widget_type=\"text-editor.default\">\n\t\t\t\t<div class=\"elementor-widget-container\">\n\t\t\t\t\t\t\t\t\t<\/p>\n<p style=\"color: #248e6d;\"><span style=\"color: #e3643a;\">Fecha l\u00edmite<\/span> <span style=\"color: #e3643a; font-weight: bolder;\">de aceptaci\u00f3n<\/span> <span style=\"color: #e3643a;\">de los res\u00famenes<\/span><\/p>\n<div>\n<div style=\"flex-basis: 210px;\">\n<p style=\"color: #e3643a;\"><span style=\"font-weight: bolder;\">Selecci\u00f3n<\/span> de las contribuciones y comunicaci\u00f3n a los autores<\/p>\n<p style=\"color: #e3643a;\">Entrega de los <span style=\"font-weight: bolder;\">manuscritos<\/span><\/p>\n<p style=\"color: #e3643a;\"><span style=\"font-weight: bolder;\">Revisi\u00f3n<\/span> del comit\u00e9 cient\u00edfico<\/p>\n<\/div>\n<\/div>\n\t\t\t\t\t\t\t\t<\/div>\n\t\t\t\t<\/div>\n\t\t\t\t\t<\/div>\n\t\t<\/div>\n\t\t\t\t\t<\/div>\n\t\t<\/section>\n\t\t\t\t<section class=\"elementor-section elementor-top-section elementor-element elementor-element-9ddbd4c elementor-section-boxed elementor-section-height-default elementor-section-height-default\" data-id=\"9ddbd4c\" data-element_type=\"section\" data-e-type=\"section\">\n\t\t\t\t\t\t<div class=\"elementor-container elementor-column-gap-default\">\n\t\t\t\t\t<div class=\"elementor-column elementor-col-100 elementor-top-column elementor-element elementor-element-b676855\" data-id=\"b676855\" data-element_type=\"column\" data-e-type=\"column\">\n\t\t\t<div class=\"elementor-widget-wrap elementor-element-populated\">\n\t\t\t\t\t\t<div class=\"elementor-element elementor-element-eeb3a2d elementor-widget elementor-widget-text-editor\" data-id=\"eeb3a2d\" data-element_type=\"widget\" data-e-type=\"widget\" data-widget_type=\"text-editor.default\">\n\t\t\t\t<div class=\"elementor-widget-container\">\n\t\t\t\t\t\t\t\t\t<div style=\"box-sizing: border-box; color: #000000; font-family: Univers, sans-serif; font-size: 16px; font-style: normal; font-variant-ligatures: normal; font-variant-caps: normal; font-weight: 400; letter-spacing: normal; orphans: 2; text-align: left; text-indent: 0px; text-transform: none; widows: 2; word-spacing: 0px; -webkit-text-stroke-width: 0px; white-space: normal; background-color: #f4f5f0; text-decoration-thickness: initial; text-decoration-style: initial; text-decoration-color: initial;\">\n<div style=\"box-sizing: border-box; flex-basis: 210px;\"><span style=\"font-weight: bolder; color: #248e6d;\">Localizaci\u00f3n<\/span><\/div>\n<div style=\"box-sizing: border-box; flex-basis: 210px;\"><span style=\"font-weight: bolder; color: #248e6d;\"> <\/span><\/div>\n<\/div>\n<p style=\"box-sizing: border-box; margin-top: 0px; margin-bottom: 0.9rem; color: #000000; font-family: Univers, sans-serif; font-size: 16px; font-style: normal; font-variant-ligatures: normal; font-variant-caps: normal; font-weight: 400; letter-spacing: normal; orphans: 2; text-align: left; text-indent: 0px; text-transform: none; widows: 2; word-spacing: 0px; -webkit-text-stroke-width: 0px; white-space: normal; background-color: #f4f5f0; text-decoration-thickness: initial; text-decoration-style: initial; text-decoration-color: initial;\">El congreso tendr\u00e1 lugar en <a href=\"https:\/\/www.dissenyhub.barcelona\/ca\" target=\"_blank\" rel=\"noopener\">el auditorio<\/a> del Museo del Dise\u00f1o de Barcelona.<\/p>\n<p style=\"box-sizing: border-box; margin-top: 0px; margin-bottom: 0.9rem; font-family: Univers, sans-serif; font-size: 16px; font-style: normal; font-variant-ligatures: normal; font-variant-caps: normal; font-weight: 400; letter-spacing: normal; orphans: 2; text-align: left; text-indent: 0px; text-transform: none; widows: 2; word-spacing: 0px; -webkit-text-stroke-width: 0px; white-space: normal; background-color: #f4f5f0; text-decoration-thickness: initial; text-decoration-style: initial; text-decoration-color: initial; color: #248e6d;\"><span style=\"box-sizing: border-box; font-weight: bolder;\">Comit\u00e9 organizador<\/span><\/p>\n<p style=\"box-sizing: border-box; margin-top: 0px; margin-bottom: 0.9rem; color: #000000; font-family: Univers, sans-serif; font-size: 16px; font-style: normal; font-variant-ligatures: normal; font-variant-caps: normal; font-weight: 400; letter-spacing: normal; orphans: 2; text-align: left; text-indent: 0px; text-transform: none; widows: 2; word-spacing: 0px; -webkit-text-stroke-width: 0px; white-space: normal; background-color: #f4f5f0; text-decoration-thickness: initial; text-decoration-style: initial; text-decoration-color: initial;\"><span style=\"box-sizing: border-box; font-weight: bolder;\">Coordinadora <\/span>\u2014 N\u00faria Piqu\u00e9<\/p>\n<p style=\"box-sizing: border-box; margin-top: 0px; margin-bottom: 0.9rem; color: #000000; font-family: Univers, sans-serif; font-size: 16px; font-style: normal; font-variant-ligatures: normal; font-variant-caps: normal; font-weight: 400; letter-spacing: normal; orphans: 2; text-align: left; text-indent: 0px; text-transform: none; widows: 2; word-spacing: 0px; -webkit-text-stroke-width: 0px; white-space: normal; background-color: #f4f5f0; text-decoration-thickness: initial; text-decoration-style: initial; text-decoration-color: initial;\">Junta Directiva de Conservadores Restauradores Asociados de Catalu\u00f1a (<span style=\"box-sizing: border-box; font-weight: bolder;\">CRAC<\/span>)<\/p>\n<p style=\"box-sizing: border-box; margin-top: 0px; margin-bottom: 0.9rem; font-family: Univers, sans-serif; font-size: 16px; font-style: normal; font-variant-ligatures: normal; font-variant-caps: normal; font-weight: 400; letter-spacing: normal; orphans: 2; text-align: left; text-indent: 0px; text-transform: none; widows: 2; word-spacing: 0px; -webkit-text-stroke-width: 0px; white-space: normal; background-color: #f4f5f0; text-decoration-thickness: initial; text-decoration-style: initial; text-decoration-color: initial; color: #248e6d;\"><span style=\"box-sizing: border-box; font-weight: bolder;\"><span style=\"box-sizing: border-box; font-weight: bolder;\">Modelo de resumen para las conferencias<\/span><\/span><\/p>\n<p style=\"box-sizing: border-box; margin-top: 0px; margin-bottom: 0.9rem; color: #000000; font-family: Univers, sans-serif; font-size: 16px; font-style: normal; font-variant-ligatures: normal; font-variant-caps: normal; font-weight: 400; letter-spacing: normal; orphans: 2; text-align: left; text-indent: 0px; text-transform: none; widows: 2; word-spacing: 0px; -webkit-text-stroke-width: 0px; white-space: normal; background-color: #f4f5f0; text-decoration-thickness: initial; text-decoration-style: initial; text-decoration-color: initial;\">M\u00e1ximo 750 palabras a enviar a la direcci\u00f3n de correo electr\u00f3nico: <a style=\"box-sizing: border-box; background-color: transparent; text-decoration: none; color: var( --e-global-color-8cf1347 ); box-shadow: none;\" href=\"mailto:reuniotecnica@cracpatrimoni.com\">reuniotecnica@cracpatrimoni.com<\/a><\/p>\n\t\t\t\t\t\t\t\t<\/div>\n\t\t\t\t<\/div>\n\t\t\t\t\t<\/div>\n\t\t<\/div>\n\t\t\t\t\t<\/div>\n\t\t<\/section>\n\t\t\t\t<section class=\"elementor-section elementor-top-section elementor-element elementor-element-b60a93e elementor-section-boxed elementor-section-height-default elementor-section-height-default\" data-id=\"b60a93e\" data-element_type=\"section\" data-e-type=\"section\">\n\t\t\t\t\t\t<div class=\"elementor-container elementor-column-gap-default\">\n\t\t\t\t\t<div class=\"elementor-column elementor-col-33 elementor-top-column elementor-element elementor-element-7b52866\" data-id=\"7b52866\" data-element_type=\"column\" data-e-type=\"column\">\n\t\t\t<div class=\"elementor-widget-wrap elementor-element-populated\">\n\t\t\t\t\t\t<div class=\"elementor-element elementor-element-7d33704 elementor-widget elementor-widget-text-editor\" data-id=\"7d33704\" data-element_type=\"widget\" data-e-type=\"widget\" data-widget_type=\"text-editor.default\">\n\t\t\t\t<div class=\"elementor-widget-container\">\n\t\t\t\t\t\t\t\t\t<p><strong>T\u00edtulo<\/strong><\/p>\n<p><strong>Autor(es)<\/strong><\/p>\n<p><strong>Profesi\u00f3n<\/strong><\/p>\n\t\t\t\t\t\t\t\t<\/div>\n\t\t\t\t<\/div>\n\t\t\t\t\t<\/div>\n\t\t<\/div>\n\t\t\t\t<div class=\"elementor-column elementor-col-33 elementor-top-column elementor-element elementor-element-1f536b6\" data-id=\"1f536b6\" data-element_type=\"column\" data-e-type=\"column\">\n\t\t\t<div class=\"elementor-widget-wrap elementor-element-populated\">\n\t\t\t\t\t\t<div class=\"elementor-element elementor-element-107ff21 elementor-widget elementor-widget-text-editor\" data-id=\"107ff21\" data-element_type=\"widget\" data-e-type=\"widget\" data-widget_type=\"text-editor.default\">\n\t\t\t\t<div class=\"elementor-widget-container\">\n\t\t\t\t\t\t\t\t\t<p><span style=\"font-weight: bolder;\">Direcci\u00f3n postal<\/span><\/p>\n<p><span style=\"font-weight: bolder;\">Tel\u00e9fono de contacto<\/span><\/p>\n<p><span style=\"font-weight: bolder;\">Correo electr\u00f3nico<\/span><\/p>\n\t\t\t\t\t\t\t\t<\/div>\n\t\t\t\t<\/div>\n\t\t\t\t\t<\/div>\n\t\t<\/div>\n\t\t\t\t<div class=\"elementor-column elementor-col-33 elementor-top-column elementor-element elementor-element-8c3da8c\" data-id=\"8c3da8c\" data-element_type=\"column\" data-e-type=\"column\">\n\t\t\t<div class=\"elementor-widget-wrap elementor-element-populated\">\n\t\t\t\t\t\t<div class=\"elementor-element elementor-element-24cfe21 elementor-widget elementor-widget-text-editor\" data-id=\"24cfe21\" data-element_type=\"widget\" data-e-type=\"widget\" data-widget_type=\"text-editor.default\">\n\t\t\t\t<div class=\"elementor-widget-container\">\n\t\t\t\t\t\t\t\t\t<p><span style=\"font-weight: bolder;\">Introducci\u00f3n<\/span><\/p>\n<p><span style=\"font-weight: bolder;\">Tema a desarrollar<\/span><\/p>\n<p><span style=\"font-weight: bolder;\">Conclusiones<\/span><\/p>\n\t\t\t\t\t\t\t\t<\/div>\n\t\t\t\t<\/div>\n\t\t\t\t\t<\/div>\n\t\t<\/div>\n\t\t\t\t\t<\/div>\n\t\t<\/section>\n\t\t\t\t<\/div>\n\t\t","protected":false},"excerpt":{"rendered":"<p>La asociaci\u00f3n profesional Conservadores-Restauradores Asociados de Catalu\u00f1a (CRAC) convoca la XVII Reuni\u00f3n T\u00e9cnica: LA EVOLUCI\u00d3N DE LAS ESPECIALIDADES EN CONSERVACI\u00d3N-RESTAURACI\u00d3N: NUEVOS RETOS Y PERFILES PROFESIONALES. Se trata deun congreso presencial y virtual, que tendr\u00e1 lugar en el Museo del Dise\u00f1o de Barcelona el 23 y 24 de noviembre de 2023. Informaci\u00f3n detallada: Reuni\u00f3n t\u00e9cnica Informaci\u00f3n [&hellip;]<\/p>\n","protected":false},"author":2,"featured_media":3350,"comment_status":"closed","ping_status":"open","sticky":false,"template":"","format":"standard","meta":{"_acf_changed":false,"footnotes":""},"categories":[39],"tags":[],"class_list":["post-4528","post","type-post","status-publish","format-standard","has-post-thumbnail","hentry","category-reunion-tecnica"],"acf":[],"yoast_head":"<!-- This site is optimized with the Yoast SEO plugin v27.5 - https:\/\/yoast.com\/product\/yoast-seo-wordpress\/ -->\n<title>Reuni\u00f3n T\u00e9cnica 2023 - CRAC<\/title>\n<meta name=\"robots\" content=\"index, follow, max-snippet:-1, max-image-preview:large, max-video-preview:-1\" \/>\n<link rel=\"canonical\" href=\"https:\/\/cracpatrimoni.com\/es\/reunion-tecnica-2023\/\" \/>\n<meta property=\"og:locale\" content=\"es_ES\" \/>\n<meta property=\"og:type\" content=\"article\" \/>\n<meta property=\"og:title\" content=\"Reuni\u00f3n T\u00e9cnica 2023 - CRAC\" \/>\n<meta property=\"og:description\" content=\"La asociaci\u00f3n profesional Conservadores-Restauradores Asociados de Catalu\u00f1a (CRAC) convoca la XVII Reuni\u00f3n T\u00e9cnica: LA EVOLUCI\u00d3N DE LAS ESPECIALIDADES EN CONSERVACI\u00d3N-RESTAURACI\u00d3N: NUEVOS RETOS Y PERFILES PROFESIONALES. Se trata deun congreso presencial y virtual, que tendr\u00e1 lugar en el Museo del Dise\u00f1o de Barcelona el 23 y 24 de noviembre de 2023. Informaci\u00f3n detallada: Reuni\u00f3n t\u00e9cnica Informaci\u00f3n [&hellip;]\" \/>\n<meta property=\"og:url\" content=\"https:\/\/cracpatrimoni.com\/es\/reunion-tecnica-2023\/\" \/>\n<meta property=\"og:site_name\" content=\"CRAC\" \/>\n<meta property=\"article:published_time\" content=\"2023-01-10T19:56:33+00:00\" \/>\n<meta property=\"article:modified_time\" content=\"2023-10-04T17:35:35+00:00\" \/>\n<meta property=\"og:image\" content=\"https:\/\/cracpatrimoni.com\/wp-content\/uploads\/2022\/12\/miniatura-news-reuniotecnica.png\" \/>\n\t<meta property=\"og:image:width\" content=\"1000\" \/>\n\t<meta property=\"og:image:height\" content=\"1000\" \/>\n\t<meta property=\"og:image:type\" content=\"image\/png\" \/>\n<meta name=\"author\" content=\"Ingrid Ferrer Homs\" \/>\n<meta name=\"twitter:card\" content=\"summary_large_image\" \/>\n<meta name=\"twitter:label1\" content=\"Escrito por\" \/>\n\t<meta name=\"twitter:data1\" content=\"Ingrid Ferrer Homs\" \/>\n\t<meta name=\"twitter:label2\" content=\"Tiempo de lectura\" \/>\n\t<meta name=\"twitter:data2\" content=\"4 minutos\" \/>\n<script type=\"application\/ld+json\" class=\"yoast-schema-graph\">{\"@context\":\"https:\\\/\\\/schema.org\",\"@graph\":[{\"@type\":\"Article\",\"@id\":\"https:\\\/\\\/cracpatrimoni.com\\\/es\\\/reunion-tecnica-2023\\\/#article\",\"isPartOf\":{\"@id\":\"https:\\\/\\\/cracpatrimoni.com\\\/es\\\/reunion-tecnica-2023\\\/\"},\"author\":{\"name\":\"Ingrid Ferrer Homs\",\"@id\":\"https:\\\/\\\/cracpatrimoni.com\\\/es\\\/#\\\/schema\\\/person\\\/be5a2af72e5ad4df9b5b33a09cc0ef9d\"},\"headline\":\"Reuni\u00f3n T\u00e9cnica 2023\",\"datePublished\":\"2023-01-10T19:56:33+00:00\",\"dateModified\":\"2023-10-04T17:35:35+00:00\",\"mainEntityOfPage\":{\"@id\":\"https:\\\/\\\/cracpatrimoni.com\\\/es\\\/reunion-tecnica-2023\\\/\"},\"wordCount\":903,\"publisher\":{\"@id\":\"https:\\\/\\\/cracpatrimoni.com\\\/es\\\/#organization\"},\"image\":{\"@id\":\"https:\\\/\\\/cracpatrimoni.com\\\/es\\\/reunion-tecnica-2023\\\/#primaryimage\"},\"thumbnailUrl\":\"https:\\\/\\\/cracpatrimoni.com\\\/wp-content\\\/uploads\\\/2022\\\/12\\\/miniatura-news-reuniotecnica.png\",\"articleSection\":[\"Reuni\u00f3n t\u00e9cnica\"],\"inLanguage\":\"es\"},{\"@type\":\"WebPage\",\"@id\":\"https:\\\/\\\/cracpatrimoni.com\\\/es\\\/reunion-tecnica-2023\\\/\",\"url\":\"https:\\\/\\\/cracpatrimoni.com\\\/es\\\/reunion-tecnica-2023\\\/\",\"name\":\"Reuni\u00f3n T\u00e9cnica 2023 - CRAC\",\"isPartOf\":{\"@id\":\"https:\\\/\\\/cracpatrimoni.com\\\/es\\\/#website\"},\"primaryImageOfPage\":{\"@id\":\"https:\\\/\\\/cracpatrimoni.com\\\/es\\\/reunion-tecnica-2023\\\/#primaryimage\"},\"image\":{\"@id\":\"https:\\\/\\\/cracpatrimoni.com\\\/es\\\/reunion-tecnica-2023\\\/#primaryimage\"},\"thumbnailUrl\":\"https:\\\/\\\/cracpatrimoni.com\\\/wp-content\\\/uploads\\\/2022\\\/12\\\/miniatura-news-reuniotecnica.png\",\"datePublished\":\"2023-01-10T19:56:33+00:00\",\"dateModified\":\"2023-10-04T17:35:35+00:00\",\"breadcrumb\":{\"@id\":\"https:\\\/\\\/cracpatrimoni.com\\\/es\\\/reunion-tecnica-2023\\\/#breadcrumb\"},\"inLanguage\":\"es\",\"potentialAction\":[{\"@type\":\"ReadAction\",\"target\":[\"https:\\\/\\\/cracpatrimoni.com\\\/es\\\/reunion-tecnica-2023\\\/\"]}]},{\"@type\":\"ImageObject\",\"inLanguage\":\"es\",\"@id\":\"https:\\\/\\\/cracpatrimoni.com\\\/es\\\/reunion-tecnica-2023\\\/#primaryimage\",\"url\":\"https:\\\/\\\/cracpatrimoni.com\\\/wp-content\\\/uploads\\\/2022\\\/12\\\/miniatura-news-reuniotecnica.png\",\"contentUrl\":\"https:\\\/\\\/cracpatrimoni.com\\\/wp-content\\\/uploads\\\/2022\\\/12\\\/miniatura-news-reuniotecnica.png\",\"width\":1000,\"height\":1000},{\"@type\":\"BreadcrumbList\",\"@id\":\"https:\\\/\\\/cracpatrimoni.com\\\/es\\\/reunion-tecnica-2023\\\/#breadcrumb\",\"itemListElement\":[{\"@type\":\"ListItem\",\"position\":1,\"name\":\"Portada\",\"item\":\"https:\\\/\\\/cracpatrimoni.com\\\/es\\\/\"},{\"@type\":\"ListItem\",\"position\":2,\"name\":\"Reuni\u00f3n T\u00e9cnica 2023\"}]},{\"@type\":\"WebSite\",\"@id\":\"https:\\\/\\\/cracpatrimoni.com\\\/es\\\/#website\",\"url\":\"https:\\\/\\\/cracpatrimoni.com\\\/es\\\/\",\"name\":\"CRAC\",\"description\":\"Conservadors restauradors associats de Catalunya\",\"publisher\":{\"@id\":\"https:\\\/\\\/cracpatrimoni.com\\\/es\\\/#organization\"},\"potentialAction\":[{\"@type\":\"SearchAction\",\"target\":{\"@type\":\"EntryPoint\",\"urlTemplate\":\"https:\\\/\\\/cracpatrimoni.com\\\/es\\\/?s={search_term_string}\"},\"query-input\":{\"@type\":\"PropertyValueSpecification\",\"valueRequired\":true,\"valueName\":\"search_term_string\"}}],\"inLanguage\":\"es\"},{\"@type\":\"Organization\",\"@id\":\"https:\\\/\\\/cracpatrimoni.com\\\/es\\\/#organization\",\"name\":\"CRAC\",\"url\":\"https:\\\/\\\/cracpatrimoni.com\\\/es\\\/\",\"logo\":{\"@type\":\"ImageObject\",\"inLanguage\":\"es\",\"@id\":\"https:\\\/\\\/cracpatrimoni.com\\\/es\\\/#\\\/schema\\\/logo\\\/image\\\/\",\"url\":\"https:\\\/\\\/cracpatrimoni.com\\\/wp-content\\\/uploads\\\/2022\\\/11\\\/logocrac-1-1.png\",\"contentUrl\":\"https:\\\/\\\/cracpatrimoni.com\\\/wp-content\\\/uploads\\\/2022\\\/11\\\/logocrac-1-1.png\",\"width\":384,\"height\":152,\"caption\":\"CRAC\"},\"image\":{\"@id\":\"https:\\\/\\\/cracpatrimoni.com\\\/es\\\/#\\\/schema\\\/logo\\\/image\\\/\"}},{\"@type\":\"Person\",\"@id\":\"https:\\\/\\\/cracpatrimoni.com\\\/es\\\/#\\\/schema\\\/person\\\/be5a2af72e5ad4df9b5b33a09cc0ef9d\",\"name\":\"Ingrid Ferrer Homs\",\"image\":{\"@type\":\"ImageObject\",\"inLanguage\":\"es\",\"@id\":\"https:\\\/\\\/secure.gravatar.com\\\/avatar\\\/93e98562c9a14b3ca456ad9f1aad2bddb77211fafffaeca30b5f801ccbf2ea3d?s=96&d=mm&r=g\",\"url\":\"https:\\\/\\\/secure.gravatar.com\\\/avatar\\\/93e98562c9a14b3ca456ad9f1aad2bddb77211fafffaeca30b5f801ccbf2ea3d?s=96&d=mm&r=g\",\"contentUrl\":\"https:\\\/\\\/secure.gravatar.com\\\/avatar\\\/93e98562c9a14b3ca456ad9f1aad2bddb77211fafffaeca30b5f801ccbf2ea3d?s=96&d=mm&r=g\",\"caption\":\"Ingrid Ferrer Homs\"},\"url\":\"https:\\\/\\\/cracpatrimoni.com\\\/es\\\/author\\\/ingrid\\\/\"}]}<\/script>\n<!-- \/ Yoast SEO plugin. -->","yoast_head_json":{"title":"Reuni\u00f3n T\u00e9cnica 2023 - CRAC","robots":{"index":"index","follow":"follow","max-snippet":"max-snippet:-1","max-image-preview":"max-image-preview:large","max-video-preview":"max-video-preview:-1"},"canonical":"https:\/\/cracpatrimoni.com\/es\/reunion-tecnica-2023\/","og_locale":"es_ES","og_type":"article","og_title":"Reuni\u00f3n T\u00e9cnica 2023 - CRAC","og_description":"La asociaci\u00f3n profesional Conservadores-Restauradores Asociados de Catalu\u00f1a (CRAC) convoca la XVII Reuni\u00f3n T\u00e9cnica: LA EVOLUCI\u00d3N DE LAS ESPECIALIDADES EN CONSERVACI\u00d3N-RESTAURACI\u00d3N: NUEVOS RETOS Y PERFILES PROFESIONALES. Se trata deun congreso presencial y virtual, que tendr\u00e1 lugar en el Museo del Dise\u00f1o de Barcelona el 23 y 24 de noviembre de 2023. Informaci\u00f3n detallada: Reuni\u00f3n t\u00e9cnica Informaci\u00f3n [&hellip;]","og_url":"https:\/\/cracpatrimoni.com\/es\/reunion-tecnica-2023\/","og_site_name":"CRAC","article_published_time":"2023-01-10T19:56:33+00:00","article_modified_time":"2023-10-04T17:35:35+00:00","og_image":[{"width":1000,"height":1000,"url":"https:\/\/cracpatrimoni.com\/wp-content\/uploads\/2022\/12\/miniatura-news-reuniotecnica.png","type":"image\/png"}],"author":"Ingrid Ferrer Homs","twitter_card":"summary_large_image","twitter_misc":{"Escrito por":"Ingrid Ferrer Homs","Tiempo de lectura":"4 minutos"},"schema":{"@context":"https:\/\/schema.org","@graph":[{"@type":"Article","@id":"https:\/\/cracpatrimoni.com\/es\/reunion-tecnica-2023\/#article","isPartOf":{"@id":"https:\/\/cracpatrimoni.com\/es\/reunion-tecnica-2023\/"},"author":{"name":"Ingrid Ferrer Homs","@id":"https:\/\/cracpatrimoni.com\/es\/#\/schema\/person\/be5a2af72e5ad4df9b5b33a09cc0ef9d"},"headline":"Reuni\u00f3n T\u00e9cnica 2023","datePublished":"2023-01-10T19:56:33+00:00","dateModified":"2023-10-04T17:35:35+00:00","mainEntityOfPage":{"@id":"https:\/\/cracpatrimoni.com\/es\/reunion-tecnica-2023\/"},"wordCount":903,"publisher":{"@id":"https:\/\/cracpatrimoni.com\/es\/#organization"},"image":{"@id":"https:\/\/cracpatrimoni.com\/es\/reunion-tecnica-2023\/#primaryimage"},"thumbnailUrl":"https:\/\/cracpatrimoni.com\/wp-content\/uploads\/2022\/12\/miniatura-news-reuniotecnica.png","articleSection":["Reuni\u00f3n t\u00e9cnica"],"inLanguage":"es"},{"@type":"WebPage","@id":"https:\/\/cracpatrimoni.com\/es\/reunion-tecnica-2023\/","url":"https:\/\/cracpatrimoni.com\/es\/reunion-tecnica-2023\/","name":"Reuni\u00f3n T\u00e9cnica 2023 - CRAC","isPartOf":{"@id":"https:\/\/cracpatrimoni.com\/es\/#website"},"primaryImageOfPage":{"@id":"https:\/\/cracpatrimoni.com\/es\/reunion-tecnica-2023\/#primaryimage"},"image":{"@id":"https:\/\/cracpatrimoni.com\/es\/reunion-tecnica-2023\/#primaryimage"},"thumbnailUrl":"https:\/\/cracpatrimoni.com\/wp-content\/uploads\/2022\/12\/miniatura-news-reuniotecnica.png","datePublished":"2023-01-10T19:56:33+00:00","dateModified":"2023-10-04T17:35:35+00:00","breadcrumb":{"@id":"https:\/\/cracpatrimoni.com\/es\/reunion-tecnica-2023\/#breadcrumb"},"inLanguage":"es","potentialAction":[{"@type":"ReadAction","target":["https:\/\/cracpatrimoni.com\/es\/reunion-tecnica-2023\/"]}]},{"@type":"ImageObject","inLanguage":"es","@id":"https:\/\/cracpatrimoni.com\/es\/reunion-tecnica-2023\/#primaryimage","url":"https:\/\/cracpatrimoni.com\/wp-content\/uploads\/2022\/12\/miniatura-news-reuniotecnica.png","contentUrl":"https:\/\/cracpatrimoni.com\/wp-content\/uploads\/2022\/12\/miniatura-news-reuniotecnica.png","width":1000,"height":1000},{"@type":"BreadcrumbList","@id":"https:\/\/cracpatrimoni.com\/es\/reunion-tecnica-2023\/#breadcrumb","itemListElement":[{"@type":"ListItem","position":1,"name":"Portada","item":"https:\/\/cracpatrimoni.com\/es\/"},{"@type":"ListItem","position":2,"name":"Reuni\u00f3n T\u00e9cnica 2023"}]},{"@type":"WebSite","@id":"https:\/\/cracpatrimoni.com\/es\/#website","url":"https:\/\/cracpatrimoni.com\/es\/","name":"CRAC","description":"Conservadors restauradors associats de Catalunya","publisher":{"@id":"https:\/\/cracpatrimoni.com\/es\/#organization"},"potentialAction":[{"@type":"SearchAction","target":{"@type":"EntryPoint","urlTemplate":"https:\/\/cracpatrimoni.com\/es\/?s={search_term_string}"},"query-input":{"@type":"PropertyValueSpecification","valueRequired":true,"valueName":"search_term_string"}}],"inLanguage":"es"},{"@type":"Organization","@id":"https:\/\/cracpatrimoni.com\/es\/#organization","name":"CRAC","url":"https:\/\/cracpatrimoni.com\/es\/","logo":{"@type":"ImageObject","inLanguage":"es","@id":"https:\/\/cracpatrimoni.com\/es\/#\/schema\/logo\/image\/","url":"https:\/\/cracpatrimoni.com\/wp-content\/uploads\/2022\/11\/logocrac-1-1.png","contentUrl":"https:\/\/cracpatrimoni.com\/wp-content\/uploads\/2022\/11\/logocrac-1-1.png","width":384,"height":152,"caption":"CRAC"},"image":{"@id":"https:\/\/cracpatrimoni.com\/es\/#\/schema\/logo\/image\/"}},{"@type":"Person","@id":"https:\/\/cracpatrimoni.com\/es\/#\/schema\/person\/be5a2af72e5ad4df9b5b33a09cc0ef9d","name":"Ingrid Ferrer Homs","image":{"@type":"ImageObject","inLanguage":"es","@id":"https:\/\/secure.gravatar.com\/avatar\/93e98562c9a14b3ca456ad9f1aad2bddb77211fafffaeca30b5f801ccbf2ea3d?s=96&d=mm&r=g","url":"https:\/\/secure.gravatar.com\/avatar\/93e98562c9a14b3ca456ad9f1aad2bddb77211fafffaeca30b5f801ccbf2ea3d?s=96&d=mm&r=g","contentUrl":"https:\/\/secure.gravatar.com\/avatar\/93e98562c9a14b3ca456ad9f1aad2bddb77211fafffaeca30b5f801ccbf2ea3d?s=96&d=mm&r=g","caption":"Ingrid Ferrer Homs"},"url":"https:\/\/cracpatrimoni.com\/es\/author\/ingrid\/"}]}},"_links":{"self":[{"href":"https:\/\/cracpatrimoni.com\/es\/wp-json\/wp\/v2\/posts\/4528","targetHints":{"allow":["GET"]}}],"collection":[{"href":"https:\/\/cracpatrimoni.com\/es\/wp-json\/wp\/v2\/posts"}],"about":[{"href":"https:\/\/cracpatrimoni.com\/es\/wp-json\/wp\/v2\/types\/post"}],"author":[{"embeddable":true,"href":"https:\/\/cracpatrimoni.com\/es\/wp-json\/wp\/v2\/users\/2"}],"replies":[{"embeddable":true,"href":"https:\/\/cracpatrimoni.com\/es\/wp-json\/wp\/v2\/comments?post=4528"}],"version-history":[{"count":15,"href":"https:\/\/cracpatrimoni.com\/es\/wp-json\/wp\/v2\/posts\/4528\/revisions"}],"predecessor-version":[{"id":7746,"href":"https:\/\/cracpatrimoni.com\/es\/wp-json\/wp\/v2\/posts\/4528\/revisions\/7746"}],"wp:featuredmedia":[{"embeddable":true,"href":"https:\/\/cracpatrimoni.com\/es\/wp-json\/wp\/v2\/media\/3350"}],"wp:attachment":[{"href":"https:\/\/cracpatrimoni.com\/es\/wp-json\/wp\/v2\/media?parent=4528"}],"wp:term":[{"taxonomy":"category","embeddable":true,"href":"https:\/\/cracpatrimoni.com\/es\/wp-json\/wp\/v2\/categories?post=4528"},{"taxonomy":"post_tag","embeddable":true,"href":"https:\/\/cracpatrimoni.com\/es\/wp-json\/wp\/v2\/tags?post=4528"}],"curies":[{"name":"wp","href":"https:\/\/api.w.org\/{rel}","templated":true}]}}